{"id":9316,"date":"2023-03-11T23:09:48","date_gmt":"2023-03-11T22:09:48","guid":{"rendered":"https:\/\/testing.xplaye.com\/ikusi2\/?p=9316"},"modified":"2023-08-09T22:14:11","modified_gmt":"2023-08-09T22:14:11","slug":"ley-de-proteccion-de-datos-en-mexico","status":"publish","type":"post","link":"https:\/\/testing.xplaye.com\/ikusi2\/mx\/blog\/ley-de-proteccion-de-datos-en-mexico\/","title":{"rendered":"\u00bfQu\u00e9 es la Ley de Protecci\u00f3n de datos en M\u00e9xico y cu\u00e1l es su importancia?"},"content":{"rendered":"<p class=\"ql-align-justify\">Consciente de lo delicado y fundamental que resulta proteger la privacidad de sus ciudadanos. Actuando con visi\u00f3n de futuro y sentido de equidad, se decidi\u00f3 el 5 julio de 2010 promulgar la <a href=\"https:\/\/www.diputados.gob.mx\/LeyesBiblio\/pdf\/LFPDPPP.pdf\" target=\"_blank\" rel=\"noopener noreferrer\"><strong>Ley de Protecci\u00f3n de Datos en M\u00e9xico<\/strong><\/a>, que regula a las empresas del sector privado la forma en que ser\u00e1n tratados los datos personales de los usuarios.<\/p>\n<p class=\"ql-align-justify\">En los \u00faltimos 10 a\u00f1os el uso del internet ha experimentado un auge exponencial en todos los pa\u00edses del mundo. El volumen de datos que se manejan es pr\u00e1cticamente infinito, siendo uno de los m\u00e1s importantes los datos personales.<\/p>\n<p class=\"ql-align-justify\">En seguida, daremos a conocer los fundamentos y aspectos jur\u00eddicos m\u00e1s relevantes contenidos en la <strong>Ley de Protecci\u00f3n de Datos en M\u00e9xico<\/strong>.<\/p>\n<h2>\u00bfQu\u00e9 son los datos personales?<\/h2>\n<p class=\"ql-align-justify\">Es la informaci\u00f3n existente y disponible relacionada con una persona viva e identificable. Jur\u00eddicamente, se trata de toda aquella informaci\u00f3n o referencia que permite identificar o describir plenamente a un individuo. Seg\u00fan se indica:<\/p>\n<ul>\n<li class=\"ql-align-justify\">Nombres y apellidos;<\/li>\n<li class=\"ql-align-justify\">Fecha de nacimiento y edad;<\/li>\n<li class=\"ql-align-justify\">Domicilio;<\/li>\n<li class=\"ql-align-justify\">N\u00famero telef\u00f3nico;<\/li>\n<li class=\"ql-align-justify\">Correo electr\u00f3nico personal;<\/li>\n<li class=\"ql-align-justify\">Patrimonio;<\/li>\n<li class=\"ql-align-justify\">Trayectoria acad\u00e9mica, profesional o laboral;<\/li>\n<li class=\"ql-align-justify\">Direcci\u00f3n de protocolo de internet (IP);<\/li>\n<li class=\"ql-align-justify\">N\u00famero de seguro social.<\/li>\n<\/ul>\n<h3 class=\"ql-align-justify\"><strong>Datos personales sensibles o protegidos<\/strong><\/h3>\n<p class=\"ql-align-justify\">Son aquellos que denotan o revelan aspectos considerados particulares o muy \u00edntimos asociados a la vida privada de las personas:<\/p>\n<ul>\n<li class=\"ql-align-justify\">Datos m\u00e9dicos o de salud;<\/li>\n<li class=\"ql-align-justify\">Informaci\u00f3n gen\u00e9tica y biom\u00e9trica;<\/li>\n<li class=\"ql-align-justify\">Origen \u00e9tnico y racial;<\/li>\n<li class=\"ql-align-justify\">Creencias religiosas, filos\u00f3ficas y morales;<\/li>\n<li class=\"ql-align-justify\">Opiniones pol\u00edticas;<\/li>\n<li class=\"ql-align-justify\">Preferencia sexual.<\/li>\n<\/ul>\n<p class=\"ql-align-justify\">El uso indebido y no autorizado de este tipo de datos puede causar riesgos y da\u00f1os en las personas propietarias de los datos. Por esta raz\u00f3n, la <strong>Ley de Protecci\u00f3n de Datos en M\u00e9xico<\/strong>, exige confidencialidad y medidas de seguridad por parte de la empresa que maneja <a href=\"https:\/\/testing.xplaye.com\/ikusi2\/mx\/blog\/base-de-datos-en-la-nube-como-funcionan\/\" target=\"_blank\" rel=\"noopener noreferrer\">bases de datos<\/a> para que no sean vulnerados derechos constitucionales de las personas.<\/p>\n<h2 class=\"ql-align-justify\"><strong>Importancia de la Ley de Protecci\u00f3n de Datos<\/strong><\/h2>\n<p class=\"ql-align-justify\">Se estima que m\u00e1s del 70 % de la poblaci\u00f3n en M\u00e9xico usa la web para m\u00faltiples actividades, sin conocer los posibles riesgos que existen cuando las personas comparten su informaci\u00f3n con empresas proveedoras de bienes y servicios. Estas \u00faltimas solicitan datos personales como son: direcciones, nombres y apellidos, cuentas bancarias, preferencias religiosas, sexuales, entre otras.<\/p>\n<p class=\"ql-align-justify\">Muchas empresas que manejan datos no poseen un <a href=\"https:\/\/testing.xplaye.com\/ikusi2\/mx\/blog\/seguridad-de-redes\/\" target=\"_blank\" rel=\"noopener noreferrer\">sistema de seguridad para sus redes<\/a> adecuado que los proteja, dejando expuestos los mismos al ataque de ciberdelincuentes para luego ser utilizados para extorsionar a los titulares.<\/p>\n<h2 class=\"ql-align-justify\">Los 8 Principios fundamentales en la Ley de Protecci\u00f3n de datos<\/h2>\n<p>El titular de los datos personales es el propio individuo y tiene el pleno derecho a la reserva y confidencialidad de los mismos. Estos preceptos deben ser cumplidos y ponderados, tanto por empresas p\u00fablicas como privadas. A continuaci\u00f3n, se listan los fundamentos:<\/p>\n<ol>\n<li class=\"ql-align-justify\">Licitud. Debe dar fiel cumplimiento a la <strong>Ley de Protecci\u00f3n de Datos en M\u00e9xico, <\/strong>su Reglamento, as\u00ed como cualquier otra regulaci\u00f3n aplicable al manejo de datos personales.<\/li>\n<li class=\"ql-align-justify\">Lealtad. Los datos personales deben tratarse protegiendo en todo momento los intereses y la privacidad del titular.<\/li>\n<li class=\"ql-align-justify\">Finalidad. El manejo de los datos personales debe cumplir estrictamente con los prop\u00f3sitos establecidos por el usuario, ante el responsable de la custodia de la informaci\u00f3n.<\/li>\n<li class=\"ql-align-justify\">Proporcionalidad. \u00danicamente se puede procesar los datos necesarios, relevantes, adecuados y relacionados con las finalidades acordadas.<\/li>\n<li class=\"ql-align-justify\">Calidad. Los datos personales que se utilizar\u00e1n tienen que ser completos, exactos, correctos, pertinentes y actualizados seg\u00fan los objetivos planteados.<\/li>\n<li class=\"ql-align-justify\">Informaci\u00f3n. El titular debe conocer todo el manejo y procesamiento de sus datos personales de manera sencilla y comprensible. Adem\u00e1s, debe ser notificado formalmente por escrito.<\/li>\n<li class=\"ql-align-justify\">Consentimiento. Es necesario obtener la aprobaci\u00f3n por parte del titular sobre la manera en la cual ser\u00e1n conducidos sus datos personales.<\/li>\n<li class=\"ql-align-justify\">Responsabilidad. La persona o empresa encargada del manejo de la informaci\u00f3n tiene la obligaci\u00f3n de velar y cumplir con los principios rectores establecidos y rendir cuentas al titular.<\/li>\n<\/ol>\n<h2>Obligaciones para las Empresas<\/h2>\n<p class=\"ql-align-justify\">La Ley de Protecci\u00f3n de Datos en M\u00e9xico, define las responsabilidades y obligaciones de las empresas o personas autorizadas para el tratamiento de datos personales. Donde destacan:<\/p>\n<h3><strong>1. Establecer un aviso de privacidad<\/strong><\/h3>\n<p class=\"ql-align-justify\">Consiste en un documento de car\u00e1cter legal, bien sea de forma f\u00edsica o electr\u00f3nica, mediante el cual el responsable de recabar datos personales, tiene la obligaci\u00f3n de informar al titular sobre el manejo de los mismos. El aviso de privacidad debe contener los siguientes aspectos:<\/p>\n<ul>\n<li>Identidad del responsable;<\/li>\n<li>Funciones y obligaciones del responsable;<\/li>\n<li>Datos que se recabar\u00e1n;<\/li>\n<li>An\u00e1lisis de riesgos;<\/li>\n<li>Finalidades del tratamiento;<\/li>\n<li>Derechos del titular;<\/li>\n<li>Plan de trabajo;<\/li>\n<li>Monitoreo y revisi\u00f3n de las <a href=\"https:\/\/testing.xplaye.com\/ikusi2\/mx\/blog\/ciberseguridad-empresarial\/\" target=\"_blank\" rel=\"noopener noreferrer\">medidas de ciberseguridad empresarial<\/a>.<\/li>\n<\/ul>\n<h3><strong>2. Autorizaci\u00f3n del titular<\/strong><\/h3>\n<p class=\"ql-align-justify\">El tratamiento de los datos personales debe estar sujeto al consentimiento expreso y\/o t\u00e1cito del titular. Este puede ser escrito, verbal, medios electr\u00f3nicos, biom\u00e9tricos por parte de la persona, o de acuerdo con las excepciones previstas en la <strong>Ley de Protecci\u00f3n de Datos en M\u00e9xico<\/strong><\/p>\n<h3 class=\"ql-align-justify\"><strong>3. Consentir los derechos de acceso, rectificaci\u00f3n, cancelaci\u00f3n y oposici\u00f3n por parte del titular<\/strong><\/h3>\n<p class=\"ql-align-justify\">Los responsables del procesamiento de los datos personales, tienen la obligaci\u00f3n de permitirle a los titulares su libre elecci\u00f3n a ejercer su potestad sobre los derechos ARCO (acceso, rectificaci\u00f3n, cancelaci\u00f3n y oposici\u00f3n) como se indican:<\/p>\n<ul>\n<li class=\"ql-align-justify\"><strong>Acceso: <\/strong>todas las personas tienen el derecho a la informaci\u00f3n propia, as\u00ed como a estar informados con detalles sobre el objeto y alcance de sus datos personales por parte de terceros.<\/li>\n<li class=\"ql-align-justify\"><strong>Rectificaci\u00f3n: <\/strong>cuando los datos sean inapropiados, el titular tiene derecho a solicitar que sean modificados y corregidos de forma exacta e inequ\u00edvoca.<\/li>\n<li class=\"ql-align-justify\"><strong>Cancelaci\u00f3n: <\/strong>el titular tiene derecho legal a solicitar la eliminaci\u00f3n de informaci\u00f3n inadecuada o excesiva que pueda perjudicar su imagen o reputaci\u00f3n.<\/li>\n<li class=\"ql-align-justify\"><strong>Oposici\u00f3n: <\/strong>todo usuario puede negarse a que usen sus datos personales para un fin distinto al determinado previamente.<\/li>\n<\/ul>\n<h3><strong>4. Deberes de seguridad<\/strong><\/h3>\n<p class=\"ql-align-justify\">Los responsables en el procesamiento de datos personales, tienen la obligaci\u00f3n de establecer las medidas necesarias que garanticen la integridad, disponibilidad y confidencialidad de los datos personales, a trav\u00e9s de acciones que eviten la p\u00e9rdida, alteraci\u00f3n, transmisi\u00f3n y acceso no autorizado.<\/p>\n<p class=\"ql-align-justify\">El responsable del tratamiento de los datos personales debe evitar:<\/p>\n<ul>\n<li>P\u00e9rdida o destrucci\u00f3n no autorizada de los datos;<\/li>\n<li>Extrav\u00edo, robo o copias de la informaci\u00f3n del titular;<\/li>\n<li>Acceso, uso y manejo no autorizado;<\/li>\n<li>Alteraci\u00f3n de la informaci\u00f3n.<\/li>\n<\/ul>\n<h3><strong>5. Medidas m\u00ednimas de seguridad<\/strong><\/h3>\n<p class=\"ql-align-justify\">Conoce las dimensiones que permiten la continuidad de las actividades capaces de evitar vulneraciones y proteger el activo de mayor importancia, c\u00f3mo es la informaci\u00f3n personal:<\/p>\n<ul>\n<li><a href=\"https:\/\/testing.xplaye.com\/ikusi2\/mx\/blog\/la-jornada-segura-hacia-los-ambientes-de-nube-que-necesito-considerar-para-mantener-seguros-mis-datos\/\" target=\"_blank\" rel=\"noopener noreferrer\">Resguardo de los datos<\/a> en f\u00edsico y electr\u00f3nico;<\/li>\n<li>Protocolos de gesti\u00f3n de la informaci\u00f3n;<\/li>\n<li>Bit\u00e1cora o registros de operaciones diarias;<\/li>\n<li><a href=\"https:\/\/testing.xplaye.com\/ikusi2\/mx\/blog\/ztna-que-es-importancia\/\" target=\"_blank\" rel=\"noopener noreferrer\">Control de acceso a las plataformas<\/a> tecnologicas e instalaciones;<\/li>\n<li>Procedimiento para el manejo de base de datos, respaldo y recuperaci\u00f3n;<\/li>\n<li>Planes de contingencia;<\/li>\n<li>Auditor\u00edas;<\/li>\n<li>Cancelaci\u00f3n de bases de datos;<\/li>\n<li>Destrucci\u00f3n de soportes f\u00edsicos y electr\u00f3nicos.<\/li>\n<\/ul>\n<h2>Organismo garante de los datos personales<\/h2>\n<p class=\"ql-align-justify\">De conformidad con la <strong>Ley de Protecci\u00f3n de Datos en M\u00e9xico, <\/strong>en el a\u00f1o 2002 se cre\u00f3 el Instituto Nacional de Transparencia, Acceso a la Informaci\u00f3n y Protecci\u00f3n de los Personales (INAI) organismo de car\u00e1cter aut\u00f3nomo, cuya funci\u00f3n es facilitar y garantizar el libre acceso de las personas a la informaci\u00f3n p\u00fablica, protecci\u00f3n y transparencia de sus datos personales.<\/p>\n<p class=\"ql-align-justify\">Visto todo lo relacionado con la Ley de protecci\u00f3n de Datos en M\u00e9xico, es propicio el momento para recomendarte que descargues nuestro libro electr\u00f3nico: <a href=\"https:\/\/mexico.ikusi.com\/como-convertirse-en-una-empresa-data-driven\" target=\"_blank\" rel=\"noopener noreferrer\">\u00bfC\u00f3mo convertirte en una empresa Data Driven?<\/a><\/p>\n","protected":false},"excerpt":{"rendered":"<p>\u00bfSabes en qu\u00e9 consiste Ley de protecci\u00f3n de Datos en M\u00e9xico? Con\u00f3celo en este post<\/p>\n","protected":false},"author":12,"featured_media":9317,"comment_status":"closed","ping_status":"closed","sticky":false,"template":"","format":"standard","meta":{"_acf_changed":false,"footnotes":""},"categories":[82],"tags":[77],"temas":[143],"class_list":["post-9316","post","type-post","status-publish","format-standard","has-post-thumbnail","hentry","category-tendencias-mx","tag-ciberseguridad","temas-ciberseguridad"],"acf":[],"yoast_head":"<!-- This site is optimized with the Yoast SEO plugin v27.4 - https:\/\/yoast.com\/product\/yoast-seo-wordpress\/ -->\n<title>\u00bfQu\u00e9 es la Ley de Protecci\u00f3n de datos en M\u00e9xico y cu\u00e1l es su importancia?<\/title>\n<meta name=\"description\" content=\"\u00bfCu\u00e1les son los principios fundamentales de la Ley de Protecci\u00f3n de Datos en M\u00e9xico?\" \/>\n<meta name=\"robots\" content=\"index, follow, max-snippet:-1, max-image-preview:large, max-video-preview:-1\" \/>\n<link rel=\"canonical\" href=\"https:\/\/testing.xplaye.com\/ikusi2\/mx\/blog\/ley-de-proteccion-de-datos-en-mexico\/\" \/>\n<meta property=\"og:locale\" content=\"es_MX\" \/>\n<meta property=\"og:type\" content=\"article\" \/>\n<meta property=\"og:title\" content=\"\u00bfQu\u00e9 es la Ley de Protecci\u00f3n de datos en M\u00e9xico y cu\u00e1l es su importancia?\" \/>\n<meta property=\"og:description\" content=\"\u00bfCu\u00e1les son los principios fundamentales de la Ley de Protecci\u00f3n de Datos en M\u00e9xico?\" \/>\n<meta property=\"og:url\" content=\"https:\/\/testing.xplaye.com\/ikusi2\/mx\/blog\/ley-de-proteccion-de-datos-en-mexico\/\" \/>\n<meta property=\"og:site_name\" content=\"Ikusi MX\" \/>\n<meta property=\"article:publisher\" content=\"https:\/\/www.facebook.com\/ikusilatam\" \/>\n<meta property=\"article:published_time\" content=\"2023-03-11T22:09:48+00:00\" \/>\n<meta property=\"article:modified_time\" content=\"2023-08-09T22:14:11+00:00\" \/>\n<meta name=\"author\" content=\"Jos\u00e9 Luis Ponce\" \/>\n<meta name=\"twitter:card\" content=\"summary_large_image\" \/>\n<meta name=\"twitter:creator\" content=\"@ikusilatam\" \/>\n<meta name=\"twitter:site\" content=\"@ikusilatam\" \/>\n<meta name=\"twitter:label1\" content=\"Escrito por\" \/>\n\t<meta name=\"twitter:data1\" content=\"Jos\u00e9 Luis Ponce\" \/>\n\t<meta name=\"twitter:label2\" content=\"Tiempo de lectura\" \/>\n\t<meta name=\"twitter:data2\" content=\"6 minutos\" \/>\n<script type=\"application\/ld+json\" class=\"yoast-schema-graph\">{\"@context\":\"https:\\\/\\\/schema.org\",\"@graph\":[{\"@type\":\"Article\",\"@id\":\"https:\\\/\\\/testing.xplaye.com\\\/ikusi2\\\/mx\\\/blog\\\/ley-de-proteccion-de-datos-en-mexico\\\/#article\",\"isPartOf\":{\"@id\":\"https:\\\/\\\/testing.xplaye.com\\\/ikusi2\\\/mx\\\/blog\\\/ley-de-proteccion-de-datos-en-mexico\\\/\"},\"author\":{\"name\":\"Jos\u00e9 Luis Ponce\",\"@id\":\"https:\\\/\\\/testing.xplaye.com\\\/ikusi2\\\/mx\\\/#\\\/schema\\\/person\\\/06993d463de864cbfc51fe404dc1ea2a\"},\"headline\":\"\u00bfQu\u00e9 es la Ley de Protecci\u00f3n de datos en M\u00e9xico y cu\u00e1l es su importancia?\",\"datePublished\":\"2023-03-11T22:09:48+00:00\",\"dateModified\":\"2023-08-09T22:14:11+00:00\",\"mainEntityOfPage\":{\"@id\":\"https:\\\/\\\/testing.xplaye.com\\\/ikusi2\\\/mx\\\/blog\\\/ley-de-proteccion-de-datos-en-mexico\\\/\"},\"wordCount\":1331,\"publisher\":{\"@id\":\"https:\\\/\\\/testing.xplaye.com\\\/ikusi2\\\/mx\\\/#organization\"},\"image\":{\"@id\":\"https:\\\/\\\/testing.xplaye.com\\\/ikusi2\\\/mx\\\/blog\\\/ley-de-proteccion-de-datos-en-mexico\\\/#primaryimage\"},\"thumbnailUrl\":\"https:\\\/\\\/testing.xplaye.com\\\/ikusi2\\\/mx\\\/wp-content\\\/uploads\\\/sites\\\/2\\\/2023\\\/01\\\/ikusi_ikusi_image_654.jpg\",\"keywords\":[\"Ciberseguridad\"],\"articleSection\":[\"Tendencias\"],\"inLanguage\":\"es\"},{\"@type\":\"WebPage\",\"@id\":\"https:\\\/\\\/testing.xplaye.com\\\/ikusi2\\\/mx\\\/blog\\\/ley-de-proteccion-de-datos-en-mexico\\\/\",\"url\":\"https:\\\/\\\/testing.xplaye.com\\\/ikusi2\\\/mx\\\/blog\\\/ley-de-proteccion-de-datos-en-mexico\\\/\",\"name\":\"\u00bfQu\u00e9 es la Ley de Protecci\u00f3n de datos en M\u00e9xico y cu\u00e1l es su importancia?\",\"isPartOf\":{\"@id\":\"https:\\\/\\\/testing.xplaye.com\\\/ikusi2\\\/mx\\\/#website\"},\"primaryImageOfPage\":{\"@id\":\"https:\\\/\\\/testing.xplaye.com\\\/ikusi2\\\/mx\\\/blog\\\/ley-de-proteccion-de-datos-en-mexico\\\/#primaryimage\"},\"image\":{\"@id\":\"https:\\\/\\\/testing.xplaye.com\\\/ikusi2\\\/mx\\\/blog\\\/ley-de-proteccion-de-datos-en-mexico\\\/#primaryimage\"},\"thumbnailUrl\":\"https:\\\/\\\/testing.xplaye.com\\\/ikusi2\\\/mx\\\/wp-content\\\/uploads\\\/sites\\\/2\\\/2023\\\/01\\\/ikusi_ikusi_image_654.jpg\",\"datePublished\":\"2023-03-11T22:09:48+00:00\",\"dateModified\":\"2023-08-09T22:14:11+00:00\",\"description\":\"\u00bfCu\u00e1les son los principios fundamentales de la Ley de Protecci\u00f3n de Datos en M\u00e9xico?\",\"breadcrumb\":{\"@id\":\"https:\\\/\\\/testing.xplaye.com\\\/ikusi2\\\/mx\\\/blog\\\/ley-de-proteccion-de-datos-en-mexico\\\/#breadcrumb\"},\"inLanguage\":\"es\",\"potentialAction\":[{\"@type\":\"ReadAction\",\"target\":[\"https:\\\/\\\/testing.xplaye.com\\\/ikusi2\\\/mx\\\/blog\\\/ley-de-proteccion-de-datos-en-mexico\\\/\"]}]},{\"@type\":\"ImageObject\",\"inLanguage\":\"es\",\"@id\":\"https:\\\/\\\/testing.xplaye.com\\\/ikusi2\\\/mx\\\/blog\\\/ley-de-proteccion-de-datos-en-mexico\\\/#primaryimage\",\"url\":\"https:\\\/\\\/testing.xplaye.com\\\/ikusi2\\\/mx\\\/wp-content\\\/uploads\\\/sites\\\/2\\\/2023\\\/01\\\/ikusi_ikusi_image_654.jpg\",\"contentUrl\":\"https:\\\/\\\/testing.xplaye.com\\\/ikusi2\\\/mx\\\/wp-content\\\/uploads\\\/sites\\\/2\\\/2023\\\/01\\\/ikusi_ikusi_image_654.jpg\"},{\"@type\":\"BreadcrumbList\",\"@id\":\"https:\\\/\\\/testing.xplaye.com\\\/ikusi2\\\/mx\\\/blog\\\/ley-de-proteccion-de-datos-en-mexico\\\/#breadcrumb\",\"itemListElement\":[{\"@type\":\"ListItem\",\"position\":1,\"name\":\"Portada\",\"item\":\"https:\\\/\\\/testing.xplaye.com\\\/ikusi2\\\/mx\\\/\"},{\"@type\":\"ListItem\",\"position\":2,\"name\":\"\u00bfQu\u00e9 es la Ley de Protecci\u00f3n de datos en M\u00e9xico y cu\u00e1l es su importancia?\"}]},{\"@type\":\"WebSite\",\"@id\":\"https:\\\/\\\/testing.xplaye.com\\\/ikusi2\\\/mx\\\/#website\",\"url\":\"https:\\\/\\\/testing.xplaye.com\\\/ikusi2\\\/mx\\\/\",\"name\":\"Ikusi\",\"description\":\"\",\"publisher\":{\"@id\":\"https:\\\/\\\/testing.xplaye.com\\\/ikusi2\\\/mx\\\/#organization\"},\"alternateName\":\"Ikusi\",\"potentialAction\":[{\"@type\":\"SearchAction\",\"target\":{\"@type\":\"EntryPoint\",\"urlTemplate\":\"https:\\\/\\\/testing.xplaye.com\\\/ikusi2\\\/mx\\\/?s={search_term_string}\"},\"query-input\":{\"@type\":\"PropertyValueSpecification\",\"valueRequired\":true,\"valueName\":\"search_term_string\"}}],\"inLanguage\":\"es\"},{\"@type\":\"Organization\",\"@id\":\"https:\\\/\\\/testing.xplaye.com\\\/ikusi2\\\/mx\\\/#organization\",\"name\":\"Ikusi\",\"alternateName\":\"Ikusi\",\"url\":\"https:\\\/\\\/testing.xplaye.com\\\/ikusi2\\\/mx\\\/\",\"logo\":{\"@type\":\"ImageObject\",\"inLanguage\":\"es\",\"@id\":\"https:\\\/\\\/testing.xplaye.com\\\/ikusi2\\\/mx\\\/#\\\/schema\\\/logo\\\/image\\\/\",\"url\":\"https:\\\/\\\/testing.xplaye.com\\\/ikusi2\\\/mx\\\/wp-content\\\/uploads\\\/sites\\\/2\\\/2023\\\/04\\\/ikusi.svg\",\"contentUrl\":\"https:\\\/\\\/testing.xplaye.com\\\/ikusi2\\\/mx\\\/wp-content\\\/uploads\\\/sites\\\/2\\\/2023\\\/04\\\/ikusi.svg\",\"width\":1,\"height\":1,\"caption\":\"Ikusi\"},\"image\":{\"@id\":\"https:\\\/\\\/testing.xplaye.com\\\/ikusi2\\\/mx\\\/#\\\/schema\\\/logo\\\/image\\\/\"},\"sameAs\":[\"https:\\\/\\\/www.facebook.com\\\/ikusilatam\",\"https:\\\/\\\/x.com\\\/ikusilatam\",\"https:\\\/\\\/www.linkedin.com\\\/company\\\/ikusilatam\\\/\",\"https:\\\/\\\/www.youtube.com\\\/channel\\\/UC7QvmB90i9qYgmF3P7iUGhQ\",\"https:\\\/\\\/www.instagram.com\\\/ikusilatam\\\/\"]},{\"@type\":\"Person\",\"@id\":\"https:\\\/\\\/testing.xplaye.com\\\/ikusi2\\\/mx\\\/#\\\/schema\\\/person\\\/06993d463de864cbfc51fe404dc1ea2a\",\"name\":\"Jos\u00e9 Luis Ponce\",\"image\":{\"@type\":\"ImageObject\",\"inLanguage\":\"es\",\"@id\":\"https:\\\/\\\/secure.gravatar.com\\\/avatar\\\/22ecdde5f557798d045c60bae7a26fe5a6719e2ed10094ca0facea73b4e106ae?s=96&d=mm&r=g\",\"url\":\"https:\\\/\\\/secure.gravatar.com\\\/avatar\\\/22ecdde5f557798d045c60bae7a26fe5a6719e2ed10094ca0facea73b4e106ae?s=96&d=mm&r=g\",\"contentUrl\":\"https:\\\/\\\/secure.gravatar.com\\\/avatar\\\/22ecdde5f557798d045c60bae7a26fe5a6719e2ed10094ca0facea73b4e106ae?s=96&d=mm&r=g\",\"caption\":\"Jos\u00e9 Luis Ponce\"},\"description\":\"Subdirector en Desarrollo de Negocios Ciberseguridad\",\"sameAs\":[\"https:\\\/\\\/www.linkedin.com\\\/in\\\/jos\u00e9-luis-ponce-gonz\u00e1lez\\\/\"],\"url\":\"https:\\\/\\\/testing.xplaye.com\\\/ikusi2\\\/mx\\\/author\\\/luis-ponce\\\/\"}]}<\/script>\n<!-- \/ Yoast SEO plugin. -->","yoast_head_json":{"title":"\u00bfQu\u00e9 es la Ley de Protecci\u00f3n de datos en M\u00e9xico y cu\u00e1l es su importancia?","description":"\u00bfCu\u00e1les son los principios fundamentales de la Ley de Protecci\u00f3n de Datos en M\u00e9xico?","robots":{"index":"index","follow":"follow","max-snippet":"max-snippet:-1","max-image-preview":"max-image-preview:large","max-video-preview":"max-video-preview:-1"},"canonical":"https:\/\/testing.xplaye.com\/ikusi2\/mx\/blog\/ley-de-proteccion-de-datos-en-mexico\/","og_locale":"es_MX","og_type":"article","og_title":"\u00bfQu\u00e9 es la Ley de Protecci\u00f3n de datos en M\u00e9xico y cu\u00e1l es su importancia?","og_description":"\u00bfCu\u00e1les son los principios fundamentales de la Ley de Protecci\u00f3n de Datos en M\u00e9xico?","og_url":"https:\/\/testing.xplaye.com\/ikusi2\/mx\/blog\/ley-de-proteccion-de-datos-en-mexico\/","og_site_name":"Ikusi MX","article_publisher":"https:\/\/www.facebook.com\/ikusilatam","article_published_time":"2023-03-11T22:09:48+00:00","article_modified_time":"2023-08-09T22:14:11+00:00","author":"Jos\u00e9 Luis Ponce","twitter_card":"summary_large_image","twitter_creator":"@ikusilatam","twitter_site":"@ikusilatam","twitter_misc":{"Escrito por":"Jos\u00e9 Luis Ponce","Tiempo de lectura":"6 minutos"},"schema":{"@context":"https:\/\/schema.org","@graph":[{"@type":"Article","@id":"https:\/\/testing.xplaye.com\/ikusi2\/mx\/blog\/ley-de-proteccion-de-datos-en-mexico\/#article","isPartOf":{"@id":"https:\/\/testing.xplaye.com\/ikusi2\/mx\/blog\/ley-de-proteccion-de-datos-en-mexico\/"},"author":{"name":"Jos\u00e9 Luis Ponce","@id":"https:\/\/testing.xplaye.com\/ikusi2\/mx\/#\/schema\/person\/06993d463de864cbfc51fe404dc1ea2a"},"headline":"\u00bfQu\u00e9 es la Ley de Protecci\u00f3n de datos en M\u00e9xico y cu\u00e1l es su importancia?","datePublished":"2023-03-11T22:09:48+00:00","dateModified":"2023-08-09T22:14:11+00:00","mainEntityOfPage":{"@id":"https:\/\/testing.xplaye.com\/ikusi2\/mx\/blog\/ley-de-proteccion-de-datos-en-mexico\/"},"wordCount":1331,"publisher":{"@id":"https:\/\/testing.xplaye.com\/ikusi2\/mx\/#organization"},"image":{"@id":"https:\/\/testing.xplaye.com\/ikusi2\/mx\/blog\/ley-de-proteccion-de-datos-en-mexico\/#primaryimage"},"thumbnailUrl":"https:\/\/testing.xplaye.com\/ikusi2\/mx\/wp-content\/uploads\/sites\/2\/2023\/01\/ikusi_ikusi_image_654.jpg","keywords":["Ciberseguridad"],"articleSection":["Tendencias"],"inLanguage":"es"},{"@type":"WebPage","@id":"https:\/\/testing.xplaye.com\/ikusi2\/mx\/blog\/ley-de-proteccion-de-datos-en-mexico\/","url":"https:\/\/testing.xplaye.com\/ikusi2\/mx\/blog\/ley-de-proteccion-de-datos-en-mexico\/","name":"\u00bfQu\u00e9 es la Ley de Protecci\u00f3n de datos en M\u00e9xico y cu\u00e1l es su importancia?","isPartOf":{"@id":"https:\/\/testing.xplaye.com\/ikusi2\/mx\/#website"},"primaryImageOfPage":{"@id":"https:\/\/testing.xplaye.com\/ikusi2\/mx\/blog\/ley-de-proteccion-de-datos-en-mexico\/#primaryimage"},"image":{"@id":"https:\/\/testing.xplaye.com\/ikusi2\/mx\/blog\/ley-de-proteccion-de-datos-en-mexico\/#primaryimage"},"thumbnailUrl":"https:\/\/testing.xplaye.com\/ikusi2\/mx\/wp-content\/uploads\/sites\/2\/2023\/01\/ikusi_ikusi_image_654.jpg","datePublished":"2023-03-11T22:09:48+00:00","dateModified":"2023-08-09T22:14:11+00:00","description":"\u00bfCu\u00e1les son los principios fundamentales de la Ley de Protecci\u00f3n de Datos en M\u00e9xico?","breadcrumb":{"@id":"https:\/\/testing.xplaye.com\/ikusi2\/mx\/blog\/ley-de-proteccion-de-datos-en-mexico\/#breadcrumb"},"inLanguage":"es","potentialAction":[{"@type":"ReadAction","target":["https:\/\/testing.xplaye.com\/ikusi2\/mx\/blog\/ley-de-proteccion-de-datos-en-mexico\/"]}]},{"@type":"ImageObject","inLanguage":"es","@id":"https:\/\/testing.xplaye.com\/ikusi2\/mx\/blog\/ley-de-proteccion-de-datos-en-mexico\/#primaryimage","url":"https:\/\/testing.xplaye.com\/ikusi2\/mx\/wp-content\/uploads\/sites\/2\/2023\/01\/ikusi_ikusi_image_654.jpg","contentUrl":"https:\/\/testing.xplaye.com\/ikusi2\/mx\/wp-content\/uploads\/sites\/2\/2023\/01\/ikusi_ikusi_image_654.jpg"},{"@type":"BreadcrumbList","@id":"https:\/\/testing.xplaye.com\/ikusi2\/mx\/blog\/ley-de-proteccion-de-datos-en-mexico\/#breadcrumb","itemListElement":[{"@type":"ListItem","position":1,"name":"Portada","item":"https:\/\/testing.xplaye.com\/ikusi2\/mx\/"},{"@type":"ListItem","position":2,"name":"\u00bfQu\u00e9 es la Ley de Protecci\u00f3n de datos en M\u00e9xico y cu\u00e1l es su importancia?"}]},{"@type":"WebSite","@id":"https:\/\/testing.xplaye.com\/ikusi2\/mx\/#website","url":"https:\/\/testing.xplaye.com\/ikusi2\/mx\/","name":"Ikusi","description":"","publisher":{"@id":"https:\/\/testing.xplaye.com\/ikusi2\/mx\/#organization"},"alternateName":"Ikusi","potentialAction":[{"@type":"SearchAction","target":{"@type":"EntryPoint","urlTemplate":"https:\/\/testing.xplaye.com\/ikusi2\/mx\/?s={search_term_string}"},"query-input":{"@type":"PropertyValueSpecification","valueRequired":true,"valueName":"search_term_string"}}],"inLanguage":"es"},{"@type":"Organization","@id":"https:\/\/testing.xplaye.com\/ikusi2\/mx\/#organization","name":"Ikusi","alternateName":"Ikusi","url":"https:\/\/testing.xplaye.com\/ikusi2\/mx\/","logo":{"@type":"ImageObject","inLanguage":"es","@id":"https:\/\/testing.xplaye.com\/ikusi2\/mx\/#\/schema\/logo\/image\/","url":"https:\/\/testing.xplaye.com\/ikusi2\/mx\/wp-content\/uploads\/sites\/2\/2023\/04\/ikusi.svg","contentUrl":"https:\/\/testing.xplaye.com\/ikusi2\/mx\/wp-content\/uploads\/sites\/2\/2023\/04\/ikusi.svg","width":1,"height":1,"caption":"Ikusi"},"image":{"@id":"https:\/\/testing.xplaye.com\/ikusi2\/mx\/#\/schema\/logo\/image\/"},"sameAs":["https:\/\/www.facebook.com\/ikusilatam","https:\/\/x.com\/ikusilatam","https:\/\/www.linkedin.com\/company\/ikusilatam\/","https:\/\/www.youtube.com\/channel\/UC7QvmB90i9qYgmF3P7iUGhQ","https:\/\/www.instagram.com\/ikusilatam\/"]},{"@type":"Person","@id":"https:\/\/testing.xplaye.com\/ikusi2\/mx\/#\/schema\/person\/06993d463de864cbfc51fe404dc1ea2a","name":"Jos\u00e9 Luis Ponce","image":{"@type":"ImageObject","inLanguage":"es","@id":"https:\/\/secure.gravatar.com\/avatar\/22ecdde5f557798d045c60bae7a26fe5a6719e2ed10094ca0facea73b4e106ae?s=96&d=mm&r=g","url":"https:\/\/secure.gravatar.com\/avatar\/22ecdde5f557798d045c60bae7a26fe5a6719e2ed10094ca0facea73b4e106ae?s=96&d=mm&r=g","contentUrl":"https:\/\/secure.gravatar.com\/avatar\/22ecdde5f557798d045c60bae7a26fe5a6719e2ed10094ca0facea73b4e106ae?s=96&d=mm&r=g","caption":"Jos\u00e9 Luis Ponce"},"description":"Subdirector en Desarrollo de Negocios Ciberseguridad","sameAs":["https:\/\/www.linkedin.com\/in\/jos\u00e9-luis-ponce-gonz\u00e1lez\/"],"url":"https:\/\/testing.xplaye.com\/ikusi2\/mx\/author\/luis-ponce\/"}]}},"_links":{"self":[{"href":"https:\/\/testing.xplaye.com\/ikusi2\/mx\/wp-json\/wp\/v2\/posts\/9316","targetHints":{"allow":["GET"]}}],"collection":[{"href":"https:\/\/testing.xplaye.com\/ikusi2\/mx\/wp-json\/wp\/v2\/posts"}],"about":[{"href":"https:\/\/testing.xplaye.com\/ikusi2\/mx\/wp-json\/wp\/v2\/types\/post"}],"author":[{"embeddable":true,"href":"https:\/\/testing.xplaye.com\/ikusi2\/mx\/wp-json\/wp\/v2\/users\/12"}],"replies":[{"embeddable":true,"href":"https:\/\/testing.xplaye.com\/ikusi2\/mx\/wp-json\/wp\/v2\/comments?post=9316"}],"version-history":[{"count":3,"href":"https:\/\/testing.xplaye.com\/ikusi2\/mx\/wp-json\/wp\/v2\/posts\/9316\/revisions"}],"predecessor-version":[{"id":10383,"href":"https:\/\/testing.xplaye.com\/ikusi2\/mx\/wp-json\/wp\/v2\/posts\/9316\/revisions\/10383"}],"wp:featuredmedia":[{"embeddable":true,"href":"https:\/\/testing.xplaye.com\/ikusi2\/mx\/wp-json\/"}],"wp:attachment":[{"href":"https:\/\/testing.xplaye.com\/ikusi2\/mx\/wp-json\/wp\/v2\/media?parent=9316"}],"wp:term":[{"taxonomy":"category","embeddable":true,"href":"https:\/\/testing.xplaye.com\/ikusi2\/mx\/wp-json\/wp\/v2\/categories?post=9316"},{"taxonomy":"post_tag","embeddable":true,"href":"https:\/\/testing.xplaye.com\/ikusi2\/mx\/wp-json\/wp\/v2\/tags?post=9316"},{"taxonomy":"temas","embeddable":true,"href":"https:\/\/testing.xplaye.com\/ikusi2\/mx\/wp-json\/wp\/v2\/temas?post=9316"}],"curies":[{"name":"wp","href":"https:\/\/api.w.org\/{rel}","templated":true}]}}