{"id":9250,"date":"2023-02-01T22:19:38","date_gmt":"2023-02-01T21:19:38","guid":{"rendered":"https:\/\/testing.xplaye.com\/ikusi2\/?p=9250"},"modified":"2023-08-11T21:56:31","modified_gmt":"2023-08-11T21:56:31","slug":"comunicacion-interna","status":"publish","type":"post","link":"https:\/\/testing.xplaye.com\/ikusi2\/mx\/blog\/comunicacion-interna\/","title":{"rendered":"7 claves para mejorar la comunicaci\u00f3n interna en tu negocio"},"content":{"rendered":"<p class=\"ql-align-justify\">Independientemente del tama\u00f1o de tu empresa o de tu equipo de trabajo, invertir para mejorar la <strong>comunicaci\u00f3n interna<\/strong> es indispensable para aumentar la motivaci\u00f3n de los empleados, incrementar su productividad, alcanzar los objetivos organizacionales y conseguir mayor rentabilidad.<\/p>\n<p class=\"ql-align-justify\">Escuchar y tomar en cuenta la opini\u00f3n de los colaboradores, establecer canales de <strong>comunicaci\u00f3n interna<\/strong> y dise\u00f1ar estrategias que faciliten y promuevan el feedback entre directivos y empleados, aumenta el compromiso y el sentido de pertenencia hacia la organizaci\u00f3n.<\/p>\n<p class=\"ql-align-justify\">Una mala <strong>comunicaci\u00f3n interna<\/strong> puede generar entre los colaboradores confrontaciones y rivalidades que afectan negativamente su desempe\u00f1o interno y de cara a los clientes.<\/p>\n<p class=\"ql-align-justify\">Con esto en mente hemos redactado el presente art\u00edculo donde analizaremos qu\u00e9 es la <strong>comunicaci\u00f3n interna<\/strong> y presentaremos 7 claves que te ayudar\u00e1n a mejorarla en tu negocio.<\/p>\n<p class=\"ql-align-justify\">\u00bfListo? \u00a1Comencemos!<\/p>\n<h2>\u00bfQu\u00e9 es la comunicaci\u00f3n interna?<\/h2>\n<p class=\"ql-align-justify\">Al hablar de <strong>comunicaci\u00f3n interna<\/strong> hacemos referencia a los mecanismos y canales de informaci\u00f3n que se establecen dentro de una empresa para crear v\u00ednculos informativos bidireccionales de distinta naturaleza, con el objetivo de fomentar el di\u00e1logo y la participaci\u00f3n entre los colaboradores y la directiva.<\/p>\n<p class=\"ql-align-justify\">Tal como lo indica su nombre, este intercambio de informaci\u00f3n se da a lo interno de la organizaci\u00f3n, por lo general no sale a la luz, se lleva por lineamientos internos de la compa\u00f1\u00eda y se maneja con criterio de confidencialidad hacia lo externo.<\/p>\n<p class=\"ql-align-justify\">La <strong>comunicaci\u00f3n interna<\/strong> es una estrategia para integrar, gestionar y motivar a los trabajadores, mejorar el clima organizacional, promover el entendimiento, la participaci\u00f3n y fidelizar el talento humano.<\/p>\n<p class=\"ql-align-justify\">Una buena <strong>comunicaci\u00f3n interna<\/strong> permite a los trabajadores conocer y entender mejor la compa\u00f1\u00eda, para transmitir a los clientes los valores de la organizaci\u00f3n.<\/p>\n<h2>7 claves para mejorar la comunicaci\u00f3n interna<\/h2>\n<p class=\"ql-align-justify\">A continuaci\u00f3n presentaremos algunas acciones que puedes aplicar para mejorar y fortalecer la <strong>comunicaci\u00f3n interna<\/strong> en tu negocio:<\/p>\n<h3>1. Escucha a los empleados<\/h3>\n<p class=\"ql-align-justify\">Escuchar implica establecer un feedback y tomar en cuenta las opiniones de los colaboradores sobre:<\/p>\n<ul>\n<li class=\"ql-align-justify\">Aspectos que pueden mejorarse;<\/li>\n<li class=\"ql-align-justify\">Procesos inc\u00f3modos o poco pr\u00e1cticos;<\/li>\n<li class=\"ql-align-justify\">C\u00f3mo mejorar el clima laboral;<\/li>\n<li class=\"ql-align-justify\">Qu\u00e9 necesitan para recuperar la motivaci\u00f3n.<\/li>\n<\/ul>\n<p class=\"ql-align-justify\">Y una vez que se analicen las opiniones, establece un plan para dar respuesta a corto, mediano y largo plazo a las necesidades expresadas por los colaboradores.<\/p>\n<p class=\"ql-align-justify\">No es lo mismo o\u00edr que escuchar, pues esto \u00faltimo implica una respuesta oportuna y efectiva.<\/p>\n<h3>2. Planificaci\u00f3n<\/h3>\n<p class=\"ql-align-justify\">Para lograr una <strong>comunicaci\u00f3n interna<\/strong> efectiva, es necesario dise\u00f1ar y poner en marcha una estrategia con tiempos y mensajes que se adapten a las diferentes necesidades de cada \u00e1rea de trabajo.<\/p>\n<h3>3. Integra la estrategia de comunicaci\u00f3n interna a las acciones de la empresa<\/h3>\n<p class=\"ql-align-justify\">La estrategia de <strong>comunicaci\u00f3n interna<\/strong> no puede quedar en meras acciones te\u00f3ricas, es necesario que la estrategia se evidencie en hechos concretos e innovadores.<\/p>\n<h3>4. Fomenta un compromiso mutuo<\/h3>\n<p class=\"ql-align-justify\">Las consultas mutuas y discusiones entre los miembros de un equipo de trabajo ayudan a encontrar nuevas propuestas de negocio, ideas y soluciones.<\/p>\n<p class=\"ql-align-justify\">En las relaciones de trabajo, al igual que en el resto de las relaciones humanas, es necesario que todos colaboren y pongan de su parte para alcanzar los objetivos comunes. Atr\u00e1s qued\u00f3 el tiempo en que las empresas manten\u00edan una pol\u00edtica de comunicaci\u00f3n vertical, donde los directivos mandaban y los empleados obedec\u00edan.<\/p>\n<p class=\"ql-align-justify\">Actualmente, las pol\u00edticas organizacionales se basan en la comunicaci\u00f3n horizontal que potencia y motiva la participaci\u00f3n de los colaboradores en el dise\u00f1o de estrategias y en la toma de decisiones.<\/p>\n<p class=\"ql-align-justify\">Esta pr\u00e1ctica tiene como objetivos incrementar el sentido de pertenencia de los empleados y\u00a0conformar equipos m\u00e1s competitivos y productivos.<\/p>\n<h3>5. Transparencia<\/h3>\n<p class=\"ql-align-justify\">Dos aspectos importantes para lograr el <a href=\"https:\/\/testing.xplaye.com\/ikusi2\/mx\/blog\/las-mejores-estrategias-de-retencion-de-personal-para-un-contact-center\/\" target=\"_blank\" rel=\"noopener noreferrer\">compromiso y la fidelizaci\u00f3n del talento humano<\/a> son la claridad y la transparencia. Para que esto suceda es necesario que la comunicaci\u00f3n fluya de forma clara y directa entre los miembros del equipo, los responsables y directivos.<\/p>\n<p class=\"ql-align-justify\">En este sentido, los mensajes que la empresa dirija a los colaboradores tienen que ser claros y sencillos, para de esta manera aumentar la confianza de los empleados hacia la organizaci\u00f3n, agilizar los procesos y mejorar la productividad.<\/p>\n<h3>6. Haz un seguimiento del plan y realiza los cambios necesarios<\/h3>\n<p class=\"ql-align-justify\">Este aspecto es indispensable para verificar que se est\u00e9n alcanzando los objetivos planteados y realizar los ajustes que sean necesarios. Mide los resultados de tu plan de <strong>comunicaci\u00f3n interna <\/strong>a trav\u00e9s de evaluaciones, informes y encuestas.<\/p>\n<p class=\"ql-align-justify\">El plan no tiene\u00a0que funcionar al 100% desde el principio, lo normal es que no sea as\u00ed, pero te dar\u00e1 la base para saber qu\u00e9 cosas funcionan y qu\u00e9 no, para <a href=\"https:\/\/testing.xplaye.com\/ikusi2\/mx\/blog\/protocolos-de-comunicacion\/\" target=\"_blank\" rel=\"noopener noreferrer\">modificar los protocolos y ajustar la estrategia<\/a>.<\/p>\n<h3>7. Ap\u00f3yate en la tecnolog\u00eda<\/h3>\n<p class=\"ql-align-justify\">Sin lugar a dudas, las herramientas digitales juegan un papel determinante en todos los procesos organizacionales. En este sentido, el software de control y comunicaci\u00f3n unificada son una excelente herramienta para mejorar la<strong> comunicaci\u00f3n interna<\/strong>.<\/p>\n<p class=\"ql-align-justify\">Optar por un sistema de comunicaci\u00f3n unificada ayudar\u00e1 a optimizar los protocolos y procesos de comunicaci\u00f3n para que los empleados puedan, de manera f\u00e1cil y r\u00e1pida,\u00a0realizar actividades como:<\/p>\n<ul>\n<li class=\"ql-align-justify\">Realizar llamadas cuando lo necesite sin restricciones de tiempo, costos u horarios;<\/li>\n<li class=\"ql-align-justify\">Recibir o consultar informaci\u00f3n en su dispositivo m\u00f3vil desde cualquier lugar y a cualquier hora;<\/li>\n<li class=\"ql-align-justify\">Realizar reuniones de trabajo efectivas, con varias personas a la vez, desde cualquier parte del mundo.<\/li>\n<\/ul>\n<p class=\"ql-align-justify\">Aplicar una estrategia de <strong>comunicaci\u00f3n interna <\/strong>basada en un <a href=\"https:\/\/testing.xplaye.com\/ikusi2\/mx\/blog\/business-intelligence\/\" target=\"_blank\" rel=\"noopener noreferrer\">sistema de <em>Business intelligence<\/em><\/a><em>,<\/em> ayudar\u00e1 a fomentar la colaboraci\u00f3n, productividad, flexibilidad e identidad corporativa dentro de la organizaci\u00f3n.<\/p>\n<p class=\"ql-align-justify\">No importa el tama\u00f1o de tu empresa, los sistemas de telecomunicaci\u00f3n inteligente pueden adaptarse, sin necesidad de hacer grandes inversiones, a las necesidades y caracter\u00edsticas de los usuarios.<\/p>\n<p class=\"ql-align-justify\">Tambi\u00e9n es una buena idea crear contenido multimedia y audiovisual, haciendo uso de las herramientas digitales. Esto ayudar\u00e1 a que los contenidos sean m\u00e1s atractivos y lleguen mejor.<\/p>\n<p class=\"ql-align-justify\">\u00a1Llegamos al final!<\/p>\n<p class=\"ql-align-justify\">Poniendo en pr\u00e1ctica estas claves e involucrando a tu equipo de trabajo en el dise\u00f1o y ejecuci\u00f3n del plan de <strong>comunicaci\u00f3n interna<\/strong>, no solo conseguir\u00e1s mejorar el rendimiento de tus colaboradores, sino que estos, ser\u00e1n felices en la oficina cada d\u00eda.<\/p>\n<p class=\"ql-align-justify\">Si te gust\u00f3 este art\u00edculo y deseas conocer otras herramientas y estrategias para mejorar la<strong> comunicaci\u00f3n interna <\/strong>en tu negocio, te invitamos a descargar el ebook: <a href=\"https:\/\/mexico.ikusi.com\/como-convertirse-en-una-empresa-data-driven\" target=\"_blank\" rel=\"noopener noreferrer\">\u00bfC\u00f3mo convertirse en una empresa data-driven?<\/a>\u00a0\u00a1Estamos seguros, te ser\u00e1 de utilidad!<\/p>\n","protected":false},"excerpt":{"rendered":"<p>\u00a1Aprende con nosotros 7 claves para mejorar la comunicaci\u00f3n interna en tu negocio!<\/p>\n","protected":false},"author":11,"featured_media":9251,"comment_status":"closed","ping_status":"closed","sticky":false,"template":"","format":"standard","meta":{"_acf_changed":false,"footnotes":""},"categories":[76],"tags":[84],"temas":[148],"class_list":["post-9250","post","type-post","status-publish","format-standard","has-post-thumbnail","hentry","category-aplicacion-soluciones-mx","tag-colaboracion-empresarial","temas-colaboracion-empresarial"],"acf":[],"yoast_head":"<!-- This site is optimized with the Yoast SEO plugin v27.4 - https:\/\/yoast.com\/product\/yoast-seo-wordpress\/ -->\n<title>7 claves para mejorar la comunicaci\u00f3n interna en tu negocio<\/title>\n<meta name=\"description\" content=\"\u00bfQuiere mejorar la comunicaci\u00f3n interna en tu equipo de trabajo? \u00a1Aqu\u00ed te presentamos 7 claves al respecto!\" \/>\n<meta name=\"robots\" content=\"index, follow, max-snippet:-1, max-image-preview:large, max-video-preview:-1\" \/>\n<link rel=\"canonical\" href=\"https:\/\/testing.xplaye.com\/ikusi2\/mx\/blog\/comunicacion-interna\/\" \/>\n<meta property=\"og:locale\" content=\"es_MX\" \/>\n<meta property=\"og:type\" content=\"article\" \/>\n<meta property=\"og:title\" content=\"7 claves para mejorar la comunicaci\u00f3n interna en tu negocio\" \/>\n<meta property=\"og:description\" content=\"\u00bfQuiere mejorar la comunicaci\u00f3n interna en tu equipo de trabajo? \u00a1Aqu\u00ed te presentamos 7 claves al respecto!\" \/>\n<meta property=\"og:url\" content=\"https:\/\/testing.xplaye.com\/ikusi2\/mx\/blog\/comunicacion-interna\/\" \/>\n<meta property=\"og:site_name\" content=\"Ikusi MX\" \/>\n<meta property=\"article:publisher\" content=\"https:\/\/www.facebook.com\/ikusilatam\" \/>\n<meta property=\"article:published_time\" content=\"2023-02-01T21:19:38+00:00\" \/>\n<meta property=\"article:modified_time\" content=\"2023-08-11T21:56:31+00:00\" \/>\n<meta name=\"author\" content=\"Hugo Vergara\" \/>\n<meta name=\"twitter:card\" content=\"summary_large_image\" \/>\n<meta name=\"twitter:creator\" content=\"@ikusilatam\" \/>\n<meta name=\"twitter:site\" content=\"@ikusilatam\" \/>\n<meta name=\"twitter:label1\" content=\"Escrito por\" \/>\n\t<meta name=\"twitter:data1\" content=\"Hugo Vergara\" \/>\n\t<meta name=\"twitter:label2\" content=\"Tiempo de lectura\" \/>\n\t<meta name=\"twitter:data2\" content=\"6 minutos\" \/>\n<script type=\"application\/ld+json\" class=\"yoast-schema-graph\">{\"@context\":\"https:\\\/\\\/schema.org\",\"@graph\":[{\"@type\":\"Article\",\"@id\":\"https:\\\/\\\/testing.xplaye.com\\\/ikusi2\\\/mx\\\/blog\\\/comunicacion-interna\\\/#article\",\"isPartOf\":{\"@id\":\"https:\\\/\\\/testing.xplaye.com\\\/ikusi2\\\/mx\\\/blog\\\/comunicacion-interna\\\/\"},\"author\":{\"name\":\"Hugo Vergara\",\"@id\":\"https:\\\/\\\/testing.xplaye.com\\\/ikusi2\\\/mx\\\/#\\\/schema\\\/person\\\/c7585eb4a3fb631149367ea73a835d72\"},\"headline\":\"7 claves para mejorar la comunicaci\u00f3n interna en tu negocio\",\"datePublished\":\"2023-02-01T21:19:38+00:00\",\"dateModified\":\"2023-08-11T21:56:31+00:00\",\"mainEntityOfPage\":{\"@id\":\"https:\\\/\\\/testing.xplaye.com\\\/ikusi2\\\/mx\\\/blog\\\/comunicacion-interna\\\/\"},\"wordCount\":1116,\"publisher\":{\"@id\":\"https:\\\/\\\/testing.xplaye.com\\\/ikusi2\\\/mx\\\/#organization\"},\"image\":{\"@id\":\"https:\\\/\\\/testing.xplaye.com\\\/ikusi2\\\/mx\\\/blog\\\/comunicacion-interna\\\/#primaryimage\"},\"thumbnailUrl\":\"https:\\\/\\\/testing.xplaye.com\\\/ikusi2\\\/mx\\\/wp-content\\\/uploads\\\/sites\\\/2\\\/2023\\\/01\\\/ikusi_ikusi_image_611.jpg\",\"keywords\":[\"Colaboraci\u00f3n empresarial\"],\"articleSection\":[\"Aplicaci\u00f3n de soluciones\"],\"inLanguage\":\"es\"},{\"@type\":\"WebPage\",\"@id\":\"https:\\\/\\\/testing.xplaye.com\\\/ikusi2\\\/mx\\\/blog\\\/comunicacion-interna\\\/\",\"url\":\"https:\\\/\\\/testing.xplaye.com\\\/ikusi2\\\/mx\\\/blog\\\/comunicacion-interna\\\/\",\"name\":\"7 claves para mejorar la comunicaci\u00f3n interna en tu negocio\",\"isPartOf\":{\"@id\":\"https:\\\/\\\/testing.xplaye.com\\\/ikusi2\\\/mx\\\/#website\"},\"primaryImageOfPage\":{\"@id\":\"https:\\\/\\\/testing.xplaye.com\\\/ikusi2\\\/mx\\\/blog\\\/comunicacion-interna\\\/#primaryimage\"},\"image\":{\"@id\":\"https:\\\/\\\/testing.xplaye.com\\\/ikusi2\\\/mx\\\/blog\\\/comunicacion-interna\\\/#primaryimage\"},\"thumbnailUrl\":\"https:\\\/\\\/testing.xplaye.com\\\/ikusi2\\\/mx\\\/wp-content\\\/uploads\\\/sites\\\/2\\\/2023\\\/01\\\/ikusi_ikusi_image_611.jpg\",\"datePublished\":\"2023-02-01T21:19:38+00:00\",\"dateModified\":\"2023-08-11T21:56:31+00:00\",\"description\":\"\u00bfQuiere mejorar la comunicaci\u00f3n interna en tu equipo de trabajo? \u00a1Aqu\u00ed te presentamos 7 claves al respecto!\",\"breadcrumb\":{\"@id\":\"https:\\\/\\\/testing.xplaye.com\\\/ikusi2\\\/mx\\\/blog\\\/comunicacion-interna\\\/#breadcrumb\"},\"inLanguage\":\"es\",\"potentialAction\":[{\"@type\":\"ReadAction\",\"target\":[\"https:\\\/\\\/testing.xplaye.com\\\/ikusi2\\\/mx\\\/blog\\\/comunicacion-interna\\\/\"]}]},{\"@type\":\"ImageObject\",\"inLanguage\":\"es\",\"@id\":\"https:\\\/\\\/testing.xplaye.com\\\/ikusi2\\\/mx\\\/blog\\\/comunicacion-interna\\\/#primaryimage\",\"url\":\"https:\\\/\\\/testing.xplaye.com\\\/ikusi2\\\/mx\\\/wp-content\\\/uploads\\\/sites\\\/2\\\/2023\\\/01\\\/ikusi_ikusi_image_611.jpg\",\"contentUrl\":\"https:\\\/\\\/testing.xplaye.com\\\/ikusi2\\\/mx\\\/wp-content\\\/uploads\\\/sites\\\/2\\\/2023\\\/01\\\/ikusi_ikusi_image_611.jpg\"},{\"@type\":\"BreadcrumbList\",\"@id\":\"https:\\\/\\\/testing.xplaye.com\\\/ikusi2\\\/mx\\\/blog\\\/comunicacion-interna\\\/#breadcrumb\",\"itemListElement\":[{\"@type\":\"ListItem\",\"position\":1,\"name\":\"Portada\",\"item\":\"https:\\\/\\\/testing.xplaye.com\\\/ikusi2\\\/mx\\\/\"},{\"@type\":\"ListItem\",\"position\":2,\"name\":\"7 claves para mejorar la comunicaci\u00f3n interna en tu negocio\"}]},{\"@type\":\"WebSite\",\"@id\":\"https:\\\/\\\/testing.xplaye.com\\\/ikusi2\\\/mx\\\/#website\",\"url\":\"https:\\\/\\\/testing.xplaye.com\\\/ikusi2\\\/mx\\\/\",\"name\":\"Ikusi\",\"description\":\"\",\"publisher\":{\"@id\":\"https:\\\/\\\/testing.xplaye.com\\\/ikusi2\\\/mx\\\/#organization\"},\"alternateName\":\"Ikusi\",\"potentialAction\":[{\"@type\":\"SearchAction\",\"target\":{\"@type\":\"EntryPoint\",\"urlTemplate\":\"https:\\\/\\\/testing.xplaye.com\\\/ikusi2\\\/mx\\\/?s={search_term_string}\"},\"query-input\":{\"@type\":\"PropertyValueSpecification\",\"valueRequired\":true,\"valueName\":\"search_term_string\"}}],\"inLanguage\":\"es\"},{\"@type\":\"Organization\",\"@id\":\"https:\\\/\\\/testing.xplaye.com\\\/ikusi2\\\/mx\\\/#organization\",\"name\":\"Ikusi\",\"alternateName\":\"Ikusi\",\"url\":\"https:\\\/\\\/testing.xplaye.com\\\/ikusi2\\\/mx\\\/\",\"logo\":{\"@type\":\"ImageObject\",\"inLanguage\":\"es\",\"@id\":\"https:\\\/\\\/testing.xplaye.com\\\/ikusi2\\\/mx\\\/#\\\/schema\\\/logo\\\/image\\\/\",\"url\":\"https:\\\/\\\/testing.xplaye.com\\\/ikusi2\\\/mx\\\/wp-content\\\/uploads\\\/sites\\\/2\\\/2023\\\/04\\\/ikusi.svg\",\"contentUrl\":\"https:\\\/\\\/testing.xplaye.com\\\/ikusi2\\\/mx\\\/wp-content\\\/uploads\\\/sites\\\/2\\\/2023\\\/04\\\/ikusi.svg\",\"width\":1,\"height\":1,\"caption\":\"Ikusi\"},\"image\":{\"@id\":\"https:\\\/\\\/testing.xplaye.com\\\/ikusi2\\\/mx\\\/#\\\/schema\\\/logo\\\/image\\\/\"},\"sameAs\":[\"https:\\\/\\\/www.facebook.com\\\/ikusilatam\",\"https:\\\/\\\/x.com\\\/ikusilatam\",\"https:\\\/\\\/www.linkedin.com\\\/company\\\/ikusilatam\\\/\",\"https:\\\/\\\/www.youtube.com\\\/channel\\\/UC7QvmB90i9qYgmF3P7iUGhQ\",\"https:\\\/\\\/www.instagram.com\\\/ikusilatam\\\/\"]},{\"@type\":\"Person\",\"@id\":\"https:\\\/\\\/testing.xplaye.com\\\/ikusi2\\\/mx\\\/#\\\/schema\\\/person\\\/c7585eb4a3fb631149367ea73a835d72\",\"name\":\"Hugo Vergara\",\"image\":{\"@type\":\"ImageObject\",\"inLanguage\":\"es\",\"@id\":\"https:\\\/\\\/secure.gravatar.com\\\/avatar\\\/3eac862f06eef4013a6494288ac0446da2b82f0a2c31a3bfd6778c9e65c080d9?s=96&d=mm&r=g\",\"url\":\"https:\\\/\\\/secure.gravatar.com\\\/avatar\\\/3eac862f06eef4013a6494288ac0446da2b82f0a2c31a3bfd6778c9e65c080d9?s=96&d=mm&r=g\",\"contentUrl\":\"https:\\\/\\\/secure.gravatar.com\\\/avatar\\\/3eac862f06eef4013a6494288ac0446da2b82f0a2c31a3bfd6778c9e65c080d9?s=96&d=mm&r=g\",\"caption\":\"Hugo Vergara\"},\"description\":\"Subdirector de Desarrollo de Negocio Digital\",\"sameAs\":[\"https:\\\/\\\/www.linkedin.com\\\/in\\\/hugo-vergara-trejo\\\/\"],\"url\":\"https:\\\/\\\/testing.xplaye.com\\\/ikusi2\\\/mx\\\/author\\\/hugo-vergara\\\/\"}]}<\/script>\n<!-- \/ Yoast SEO plugin. -->","yoast_head_json":{"title":"7 claves para mejorar la comunicaci\u00f3n interna en tu negocio","description":"\u00bfQuiere mejorar la comunicaci\u00f3n interna en tu equipo de trabajo? \u00a1Aqu\u00ed te presentamos 7 claves al respecto!","robots":{"index":"index","follow":"follow","max-snippet":"max-snippet:-1","max-image-preview":"max-image-preview:large","max-video-preview":"max-video-preview:-1"},"canonical":"https:\/\/testing.xplaye.com\/ikusi2\/mx\/blog\/comunicacion-interna\/","og_locale":"es_MX","og_type":"article","og_title":"7 claves para mejorar la comunicaci\u00f3n interna en tu negocio","og_description":"\u00bfQuiere mejorar la comunicaci\u00f3n interna en tu equipo de trabajo? \u00a1Aqu\u00ed te presentamos 7 claves al respecto!","og_url":"https:\/\/testing.xplaye.com\/ikusi2\/mx\/blog\/comunicacion-interna\/","og_site_name":"Ikusi MX","article_publisher":"https:\/\/www.facebook.com\/ikusilatam","article_published_time":"2023-02-01T21:19:38+00:00","article_modified_time":"2023-08-11T21:56:31+00:00","author":"Hugo Vergara","twitter_card":"summary_large_image","twitter_creator":"@ikusilatam","twitter_site":"@ikusilatam","twitter_misc":{"Escrito por":"Hugo Vergara","Tiempo de lectura":"6 minutos"},"schema":{"@context":"https:\/\/schema.org","@graph":[{"@type":"Article","@id":"https:\/\/testing.xplaye.com\/ikusi2\/mx\/blog\/comunicacion-interna\/#article","isPartOf":{"@id":"https:\/\/testing.xplaye.com\/ikusi2\/mx\/blog\/comunicacion-interna\/"},"author":{"name":"Hugo Vergara","@id":"https:\/\/testing.xplaye.com\/ikusi2\/mx\/#\/schema\/person\/c7585eb4a3fb631149367ea73a835d72"},"headline":"7 claves para mejorar la comunicaci\u00f3n interna en tu negocio","datePublished":"2023-02-01T21:19:38+00:00","dateModified":"2023-08-11T21:56:31+00:00","mainEntityOfPage":{"@id":"https:\/\/testing.xplaye.com\/ikusi2\/mx\/blog\/comunicacion-interna\/"},"wordCount":1116,"publisher":{"@id":"https:\/\/testing.xplaye.com\/ikusi2\/mx\/#organization"},"image":{"@id":"https:\/\/testing.xplaye.com\/ikusi2\/mx\/blog\/comunicacion-interna\/#primaryimage"},"thumbnailUrl":"https:\/\/testing.xplaye.com\/ikusi2\/mx\/wp-content\/uploads\/sites\/2\/2023\/01\/ikusi_ikusi_image_611.jpg","keywords":["Colaboraci\u00f3n empresarial"],"articleSection":["Aplicaci\u00f3n de soluciones"],"inLanguage":"es"},{"@type":"WebPage","@id":"https:\/\/testing.xplaye.com\/ikusi2\/mx\/blog\/comunicacion-interna\/","url":"https:\/\/testing.xplaye.com\/ikusi2\/mx\/blog\/comunicacion-interna\/","name":"7 claves para mejorar la comunicaci\u00f3n interna en tu negocio","isPartOf":{"@id":"https:\/\/testing.xplaye.com\/ikusi2\/mx\/#website"},"primaryImageOfPage":{"@id":"https:\/\/testing.xplaye.com\/ikusi2\/mx\/blog\/comunicacion-interna\/#primaryimage"},"image":{"@id":"https:\/\/testing.xplaye.com\/ikusi2\/mx\/blog\/comunicacion-interna\/#primaryimage"},"thumbnailUrl":"https:\/\/testing.xplaye.com\/ikusi2\/mx\/wp-content\/uploads\/sites\/2\/2023\/01\/ikusi_ikusi_image_611.jpg","datePublished":"2023-02-01T21:19:38+00:00","dateModified":"2023-08-11T21:56:31+00:00","description":"\u00bfQuiere mejorar la comunicaci\u00f3n interna en tu equipo de trabajo? \u00a1Aqu\u00ed te presentamos 7 claves al respecto!","breadcrumb":{"@id":"https:\/\/testing.xplaye.com\/ikusi2\/mx\/blog\/comunicacion-interna\/#breadcrumb"},"inLanguage":"es","potentialAction":[{"@type":"ReadAction","target":["https:\/\/testing.xplaye.com\/ikusi2\/mx\/blog\/comunicacion-interna\/"]}]},{"@type":"ImageObject","inLanguage":"es","@id":"https:\/\/testing.xplaye.com\/ikusi2\/mx\/blog\/comunicacion-interna\/#primaryimage","url":"https:\/\/testing.xplaye.com\/ikusi2\/mx\/wp-content\/uploads\/sites\/2\/2023\/01\/ikusi_ikusi_image_611.jpg","contentUrl":"https:\/\/testing.xplaye.com\/ikusi2\/mx\/wp-content\/uploads\/sites\/2\/2023\/01\/ikusi_ikusi_image_611.jpg"},{"@type":"BreadcrumbList","@id":"https:\/\/testing.xplaye.com\/ikusi2\/mx\/blog\/comunicacion-interna\/#breadcrumb","itemListElement":[{"@type":"ListItem","position":1,"name":"Portada","item":"https:\/\/testing.xplaye.com\/ikusi2\/mx\/"},{"@type":"ListItem","position":2,"name":"7 claves para mejorar la comunicaci\u00f3n interna en tu negocio"}]},{"@type":"WebSite","@id":"https:\/\/testing.xplaye.com\/ikusi2\/mx\/#website","url":"https:\/\/testing.xplaye.com\/ikusi2\/mx\/","name":"Ikusi","description":"","publisher":{"@id":"https:\/\/testing.xplaye.com\/ikusi2\/mx\/#organization"},"alternateName":"Ikusi","potentialAction":[{"@type":"SearchAction","target":{"@type":"EntryPoint","urlTemplate":"https:\/\/testing.xplaye.com\/ikusi2\/mx\/?s={search_term_string}"},"query-input":{"@type":"PropertyValueSpecification","valueRequired":true,"valueName":"search_term_string"}}],"inLanguage":"es"},{"@type":"Organization","@id":"https:\/\/testing.xplaye.com\/ikusi2\/mx\/#organization","name":"Ikusi","alternateName":"Ikusi","url":"https:\/\/testing.xplaye.com\/ikusi2\/mx\/","logo":{"@type":"ImageObject","inLanguage":"es","@id":"https:\/\/testing.xplaye.com\/ikusi2\/mx\/#\/schema\/logo\/image\/","url":"https:\/\/testing.xplaye.com\/ikusi2\/mx\/wp-content\/uploads\/sites\/2\/2023\/04\/ikusi.svg","contentUrl":"https:\/\/testing.xplaye.com\/ikusi2\/mx\/wp-content\/uploads\/sites\/2\/2023\/04\/ikusi.svg","width":1,"height":1,"caption":"Ikusi"},"image":{"@id":"https:\/\/testing.xplaye.com\/ikusi2\/mx\/#\/schema\/logo\/image\/"},"sameAs":["https:\/\/www.facebook.com\/ikusilatam","https:\/\/x.com\/ikusilatam","https:\/\/www.linkedin.com\/company\/ikusilatam\/","https:\/\/www.youtube.com\/channel\/UC7QvmB90i9qYgmF3P7iUGhQ","https:\/\/www.instagram.com\/ikusilatam\/"]},{"@type":"Person","@id":"https:\/\/testing.xplaye.com\/ikusi2\/mx\/#\/schema\/person\/c7585eb4a3fb631149367ea73a835d72","name":"Hugo Vergara","image":{"@type":"ImageObject","inLanguage":"es","@id":"https:\/\/secure.gravatar.com\/avatar\/3eac862f06eef4013a6494288ac0446da2b82f0a2c31a3bfd6778c9e65c080d9?s=96&d=mm&r=g","url":"https:\/\/secure.gravatar.com\/avatar\/3eac862f06eef4013a6494288ac0446da2b82f0a2c31a3bfd6778c9e65c080d9?s=96&d=mm&r=g","contentUrl":"https:\/\/secure.gravatar.com\/avatar\/3eac862f06eef4013a6494288ac0446da2b82f0a2c31a3bfd6778c9e65c080d9?s=96&d=mm&r=g","caption":"Hugo Vergara"},"description":"Subdirector de Desarrollo de Negocio Digital","sameAs":["https:\/\/www.linkedin.com\/in\/hugo-vergara-trejo\/"],"url":"https:\/\/testing.xplaye.com\/ikusi2\/mx\/author\/hugo-vergara\/"}]}},"_links":{"self":[{"href":"https:\/\/testing.xplaye.com\/ikusi2\/mx\/wp-json\/wp\/v2\/posts\/9250","targetHints":{"allow":["GET"]}}],"collection":[{"href":"https:\/\/testing.xplaye.com\/ikusi2\/mx\/wp-json\/wp\/v2\/posts"}],"about":[{"href":"https:\/\/testing.xplaye.com\/ikusi2\/mx\/wp-json\/wp\/v2\/types\/post"}],"author":[{"embeddable":true,"href":"https:\/\/testing.xplaye.com\/ikusi2\/mx\/wp-json\/wp\/v2\/users\/11"}],"replies":[{"embeddable":true,"href":"https:\/\/testing.xplaye.com\/ikusi2\/mx\/wp-json\/wp\/v2\/comments?post=9250"}],"version-history":[{"count":1,"href":"https:\/\/testing.xplaye.com\/ikusi2\/mx\/wp-json\/wp\/v2\/posts\/9250\/revisions"}],"predecessor-version":[{"id":10654,"href":"https:\/\/testing.xplaye.com\/ikusi2\/mx\/wp-json\/wp\/v2\/posts\/9250\/revisions\/10654"}],"wp:featuredmedia":[{"embeddable":true,"href":"https:\/\/testing.xplaye.com\/ikusi2\/mx\/wp-json\/"}],"wp:attachment":[{"href":"https:\/\/testing.xplaye.com\/ikusi2\/mx\/wp-json\/wp\/v2\/media?parent=9250"}],"wp:term":[{"taxonomy":"category","embeddable":true,"href":"https:\/\/testing.xplaye.com\/ikusi2\/mx\/wp-json\/wp\/v2\/categories?post=9250"},{"taxonomy":"post_tag","embeddable":true,"href":"https:\/\/testing.xplaye.com\/ikusi2\/mx\/wp-json\/wp\/v2\/tags?post=9250"},{"taxonomy":"temas","embeddable":true,"href":"https:\/\/testing.xplaye.com\/ikusi2\/mx\/wp-json\/wp\/v2\/temas?post=9250"}],"curies":[{"name":"wp","href":"https:\/\/api.w.org\/{rel}","templated":true}]}}