{"id":7869,"date":"2022-08-24T13:31:15","date_gmt":"2022-08-24T11:31:15","guid":{"rendered":"https:\/\/testing.xplaye.com\/ikusi2\/entrevista-gustavo-valdez-ceo-ikusi-mexico\/"},"modified":"2023-06-02T18:53:32","modified_gmt":"2023-06-02T18:53:32","slug":"entrevista-gustavo-valdez-ceo-ikusi-mexico","status":"publish","type":"post","link":"https:\/\/testing.xplaye.com\/ikusi2\/mx\/blog\/entrevista-gustavo-valdez-ceo-ikusi-mexico\/","title":{"rendered":"Entrevista Gustavo Valdez, director general Ikusi M\u00e9xico"},"content":{"rendered":"\n<h4 class=\"wp-block-heading\"><strong>Los modelos de negocio de los clientes est\u00e1n evolucionando. \u00bfC\u00f3mo se est\u00e1 adaptando Ikusi a esta transformaci\u00f3n?<\/strong><\/h4>\n\n\n\n<p>Somos una empresa de servicios tecnol\u00f3gicos, que entendemos la tecnolog\u00eda como una herramienta habilitadora para mejorar el negocio de nuestros clientes. Y somos conscientes de que nuestros clientes operan en sectores muy competitivos y que necesitan crear valor constantemente para sus propios clientes.<\/p>\n\n\n\n<p>Dicho esto, nuestra propuesta se basa en nuestra reconocida capacidad como integradores de servicios tecnol\u00f3gicos que se sustenta en cuatro pilares b\u00e1sicos.<\/p>\n\n\n\n<p>Por una parte, estamos siempre vigilantes, estudiando el mercado de las propuestas tecnol\u00f3gicas de los fabricantes y las nuevas arquitecturas para saber cu\u00e1l es la soluci\u00f3n tecnol\u00f3gica que mejor aplica a cada cliente.<\/p>\n\n\n\n<p>Por otra parte, conocemos en profundidad el negocio de esos clientes. Por eso somos capaces de determinar d\u00f3nde, cu\u00e1ndo y c\u00f3mo la tecnolog\u00eda puede aportar valor a su negocio.<\/p>\n\n\n\n<p>Otro pilar es nuestra capacidad como especialistas en utilizar el an\u00e1lisis del dato para hacer propuestas competitivas a nuestros clientes, para que puedan adoptar decisiones basadas en realidades y tomar las mejores soluciones.<\/p>\n\n\n\n<p>Y, por \u00faltimo, pero no menos importante, contamos con un equipo altamente cualificado avalado por m\u00faltiples certificaciones que son el reflejo de sus conocimientos y habilidades. Pero el principal aval es el feedback que nos dan nuestros clientes. Por decirlo de una forma coloquial, los clientes reconocen que nuestros profesionales saben de lo que hablan.<\/p>\n\n\n\n<p>En resumen, lo que proponemos a nuestros clientes es desplegar una infraestructura de red s\u00f3lida, robusta, escalable y securizada, sobre la que asentar soluciones y servicios que eficientan y mejoran procesos cr\u00edticos de las compa\u00f1\u00edas y la posibilidad de analizar toda la informaci\u00f3n generada.<\/p>\n\n\n\n<h4 class=\"wp-block-heading\"><strong>Una vez ejecutados los proyectos, una de las principales preocupaciones de las compa\u00f1\u00edas es la disponibilidad de esa red sobre la que se asientan sus servicios. \u00bfc\u00f3mo asegura Ikusi esa disponibilidad?<\/strong><\/h4>\n\n\n\n<p>Uno de nuestros valores diferenciales es Ikusi ONCE, el centro responsable de monitoreo, soporte y gesti\u00f3n proactiva de las infraestructuras de red. Cubrimos todos los aspectos relacionados con las tecnolog\u00edas de la informaci\u00f3n, redes, ciberseguridad, colaboraci\u00f3n y TI de las organizaciones.<\/p>\n\n\n\n<p>Diariamente, en un formato de 24&#215;7, m\u00e1s de 100 ingenieros altamente cualificados proporcionan atenci\u00f3n, resoluci\u00f3n y an\u00e1lisis de eventos e incidentes que afectan a la disponibilidad o funcionalidad del negocio de nuestros clientes. Gestionan cerca de 50.000 tickets anualmente y m\u00e1s de 17.000 dispositivos. Todo desde un \u00fanico lugar que re\u00fane 9 centros de operaci\u00f3n, 4 de ellos de nueva creaci\u00f3n acorde a la demanda del mercado actual.<\/p>\n\n\n\n<p>Desde Ikusi ONCE aseguramos la continuidad operativa de los servicios de nuestros clientes. Podemos decir que ofrecemos un servicio post venta de primer\u00edsimo nivel.<\/p>\n\n\n\n<h4 class=\"wp-block-heading\"><strong>Adem\u00e1s de disponibilidad, los clientes hoy en d\u00eda quieren tener visibilidad de lo que ocurre en su red. \u00bfC\u00f3mo da respuesta Ikusi a esta necesidad?<\/strong><\/h4>\n\n\n\n<p>Efectivamente, las redes son cada vez m\u00e1s esenciales para la operaci\u00f3n de los negocios y, al mismo tiempo, han incrementado su complejidad.<\/p>\n\n\n\n<p>Por eso, en Ikusi contamos con la plataforma Ikusi Intelligence, que tiene como objetivo central resolver los problemas de visibilidad y gesti\u00f3n de las redes empresariales de nueva generaci\u00f3n.<\/p>\n\n\n\n<p>Esta plataforma agrega una capa de anal\u00edtica e inteligencia de negocio, para que las organizaciones cuenten con el control ejecutivo de los recursos y servicios de red que consumen. De esta forma, las organizaciones podr\u00e1n tomar decisiones de coste-beneficio de manera inmediata, gracias a la visibilidad en tiempo real e impacto en el negocio.<\/p>\n\n\n\n<p>En definitiva, se trata de que las empresas sepan qu\u00e9 est\u00e1 pasando realmente en su red, puedan monitorizarla en tiempo real y hacer que funcione de la forma m\u00e1s eficiente posible.<\/p>\n\n\n\n<p>Tanto con Ikusi ONCE como con Ikusi Intelligence ponemos en pr\u00e1ctica nuestro el lema principal de Ikusi que es hacer sencillo lo complejo.<\/p>\n\n\n\n<h4 class=\"wp-block-heading\"><strong>La captaci\u00f3n y retenci\u00f3n del talento es uno de los grandes retos de las empresas. \u00bfQu\u00e9 acciones est\u00e1 adoptando Ikusi en ese sentido?<\/strong><\/h4>\n\n\n\n<p>Efectivamente es un tema que nos preocupa y que nos ocupa. Hay una batalla por los mejores talentos.<\/p>\n\n\n\n<p>En Ikusi nos estamos focalizando en atraerlos desde fases tempranas. Acabamos de inaugurar un centro de emprendimiento e innovaci\u00f3n de talento emergente en la Ciudad de Guadalajara, que trabajar\u00e1 en colaboraci\u00f3n con las universidades y gremios que se encuentran en el \u00e1rea de influencia de Ikusi. Asimismo, colaboramos activamente como instituciones educativas de prestigio como el Tecnol\u00f3gico de Monterrey, que nos ha reconocido como Socios Formadores.<\/p>\n\n\n\n<p>Estas iniciativas nos permiten reforzar sus conocimientos acad\u00e9micos con la perspectiva de negocio de la empresa a trav\u00e9s de la soluci\u00f3n de casos de uso y, al mismo tiempo contribuir en la atracci\u00f3n, construcci\u00f3n y fidelizaci\u00f3n de talento especializado a nuestro negocio.<\/p>\n\n\n\n<p>Siempre sin olvidar que el reto, adem\u00e1s de la atracci\u00f3n de los mejores talentos en fase temprana, es lograr un sano equilibrio entre ellos y el talento de las personas senior construido durante a\u00f1os.<\/p>\n","protected":false},"excerpt":{"rendered":"<p>Somos una empresa de servicios tecnol\u00f3gicos, que entendemos la tecnolog\u00eda como una herramienta habilitadora para mejorar el negocio de nuestros clientes.<\/p>\n","protected":false},"author":2,"featured_media":7865,"comment_status":"closed","ping_status":"closed","sticky":false,"template":"","format":"standard","meta":{"_acf_changed":false,"footnotes":""},"categories":[81],"tags":[],"temas":[],"class_list":["post-7869","post","type-post","status-publish","format-standard","has-post-thumbnail","hentry","category-corporativo-mx"],"acf":[],"yoast_head":"<!-- This site is optimized with the Yoast SEO plugin v27.4 - https:\/\/yoast.com\/product\/yoast-seo-wordpress\/ -->\n<title>Entrevista Gustavo Valdez, director general Ikusi M\u00e9xico - Ikusi<\/title>\n<meta name=\"description\" content=\"Somos una empresa de servicios tecnol\u00f3gicos, que entendemos la tecnolog\u00eda como una herramienta habilitadora para mejorar el negocio de nuestros clientes.\" \/>\n<meta name=\"robots\" content=\"index, follow, max-snippet:-1, max-image-preview:large, max-video-preview:-1\" \/>\n<link rel=\"canonical\" href=\"https:\/\/testing.xplaye.com\/ikusi2\/mx\/blog\/entrevista-gustavo-valdez-ceo-ikusi-mexico\/\" \/>\n<meta property=\"og:locale\" content=\"es_MX\" \/>\n<meta property=\"og:type\" content=\"article\" \/>\n<meta property=\"og:title\" content=\"Entrevista Gustavo Valdez, director general Ikusi M\u00e9xico - Ikusi\" \/>\n<meta property=\"og:description\" content=\"Somos una empresa de servicios tecnol\u00f3gicos, que entendemos la tecnolog\u00eda como una herramienta habilitadora para mejorar el negocio de nuestros clientes.\" \/>\n<meta property=\"og:url\" content=\"https:\/\/testing.xplaye.com\/ikusi2\/mx\/blog\/entrevista-gustavo-valdez-ceo-ikusi-mexico\/\" \/>\n<meta property=\"og:site_name\" content=\"Ikusi MX\" \/>\n<meta property=\"article:publisher\" content=\"https:\/\/www.facebook.com\/ikusilatam\" \/>\n<meta property=\"article:published_time\" content=\"2022-08-24T11:31:15+00:00\" \/>\n<meta property=\"article:modified_time\" content=\"2023-06-02T18:53:32+00:00\" \/>\n<meta name=\"author\" content=\"Ikusi\" \/>\n<meta name=\"twitter:card\" content=\"summary_large_image\" \/>\n<meta name=\"twitter:creator\" content=\"@ikusilatam\" \/>\n<meta name=\"twitter:site\" content=\"@ikusilatam\" \/>\n<meta name=\"twitter:label1\" content=\"Escrito por\" \/>\n\t<meta name=\"twitter:data1\" content=\"Ikusi\" \/>\n\t<meta name=\"twitter:label2\" content=\"Tiempo de lectura\" \/>\n\t<meta name=\"twitter:data2\" content=\"4 minutos\" \/>\n<script type=\"application\/ld+json\" class=\"yoast-schema-graph\">{\"@context\":\"https:\\\/\\\/schema.org\",\"@graph\":[{\"@type\":\"Article\",\"@id\":\"https:\\\/\\\/testing.xplaye.com\\\/ikusi2\\\/mx\\\/blog\\\/entrevista-gustavo-valdez-ceo-ikusi-mexico\\\/#article\",\"isPartOf\":{\"@id\":\"https:\\\/\\\/testing.xplaye.com\\\/ikusi2\\\/mx\\\/blog\\\/entrevista-gustavo-valdez-ceo-ikusi-mexico\\\/\"},\"author\":{\"name\":\"Ikusi\",\"@id\":\"https:\\\/\\\/testing.xplaye.com\\\/ikusi2\\\/mx\\\/#\\\/schema\\\/person\\\/bcd06b0e7689b90689815d0b78a2bc2d\"},\"headline\":\"Entrevista Gustavo Valdez, director general Ikusi M\u00e9xico\",\"datePublished\":\"2022-08-24T11:31:15+00:00\",\"dateModified\":\"2023-06-02T18:53:32+00:00\",\"mainEntityOfPage\":{\"@id\":\"https:\\\/\\\/testing.xplaye.com\\\/ikusi2\\\/mx\\\/blog\\\/entrevista-gustavo-valdez-ceo-ikusi-mexico\\\/\"},\"wordCount\":871,\"publisher\":{\"@id\":\"https:\\\/\\\/testing.xplaye.com\\\/ikusi2\\\/mx\\\/#organization\"},\"image\":{\"@id\":\"https:\\\/\\\/testing.xplaye.com\\\/ikusi2\\\/mx\\\/blog\\\/entrevista-gustavo-valdez-ceo-ikusi-mexico\\\/#primaryimage\"},\"thumbnailUrl\":\"https:\\\/\\\/testing.xplaye.com\\\/ikusi2\\\/mx\\\/wp-content\\\/uploads\\\/sites\\\/2\\\/2022\\\/08\\\/GUSTAVO_V_01-scaled-1.jpg\",\"articleSection\":[\"Corporativo\"],\"inLanguage\":\"es\"},{\"@type\":\"WebPage\",\"@id\":\"https:\\\/\\\/testing.xplaye.com\\\/ikusi2\\\/mx\\\/blog\\\/entrevista-gustavo-valdez-ceo-ikusi-mexico\\\/\",\"url\":\"https:\\\/\\\/testing.xplaye.com\\\/ikusi2\\\/mx\\\/blog\\\/entrevista-gustavo-valdez-ceo-ikusi-mexico\\\/\",\"name\":\"Entrevista Gustavo Valdez, director general Ikusi M\u00e9xico - Ikusi\",\"isPartOf\":{\"@id\":\"https:\\\/\\\/testing.xplaye.com\\\/ikusi2\\\/mx\\\/#website\"},\"primaryImageOfPage\":{\"@id\":\"https:\\\/\\\/testing.xplaye.com\\\/ikusi2\\\/mx\\\/blog\\\/entrevista-gustavo-valdez-ceo-ikusi-mexico\\\/#primaryimage\"},\"image\":{\"@id\":\"https:\\\/\\\/testing.xplaye.com\\\/ikusi2\\\/mx\\\/blog\\\/entrevista-gustavo-valdez-ceo-ikusi-mexico\\\/#primaryimage\"},\"thumbnailUrl\":\"https:\\\/\\\/testing.xplaye.com\\\/ikusi2\\\/mx\\\/wp-content\\\/uploads\\\/sites\\\/2\\\/2022\\\/08\\\/GUSTAVO_V_01-scaled-1.jpg\",\"datePublished\":\"2022-08-24T11:31:15+00:00\",\"dateModified\":\"2023-06-02T18:53:32+00:00\",\"description\":\"Somos una empresa de servicios tecnol\u00f3gicos, que entendemos la tecnolog\u00eda como una herramienta habilitadora para mejorar el negocio de nuestros clientes.\",\"breadcrumb\":{\"@id\":\"https:\\\/\\\/testing.xplaye.com\\\/ikusi2\\\/mx\\\/blog\\\/entrevista-gustavo-valdez-ceo-ikusi-mexico\\\/#breadcrumb\"},\"inLanguage\":\"es\",\"potentialAction\":[{\"@type\":\"ReadAction\",\"target\":[\"https:\\\/\\\/testing.xplaye.com\\\/ikusi2\\\/mx\\\/blog\\\/entrevista-gustavo-valdez-ceo-ikusi-mexico\\\/\"]}]},{\"@type\":\"ImageObject\",\"inLanguage\":\"es\",\"@id\":\"https:\\\/\\\/testing.xplaye.com\\\/ikusi2\\\/mx\\\/blog\\\/entrevista-gustavo-valdez-ceo-ikusi-mexico\\\/#primaryimage\",\"url\":\"https:\\\/\\\/testing.xplaye.com\\\/ikusi2\\\/mx\\\/wp-content\\\/uploads\\\/sites\\\/2\\\/2022\\\/08\\\/GUSTAVO_V_01-scaled-1.jpg\",\"contentUrl\":\"https:\\\/\\\/testing.xplaye.com\\\/ikusi2\\\/mx\\\/wp-content\\\/uploads\\\/sites\\\/2\\\/2022\\\/08\\\/GUSTAVO_V_01-scaled-1.jpg\"},{\"@type\":\"BreadcrumbList\",\"@id\":\"https:\\\/\\\/testing.xplaye.com\\\/ikusi2\\\/mx\\\/blog\\\/entrevista-gustavo-valdez-ceo-ikusi-mexico\\\/#breadcrumb\",\"itemListElement\":[{\"@type\":\"ListItem\",\"position\":1,\"name\":\"Portada\",\"item\":\"https:\\\/\\\/testing.xplaye.com\\\/ikusi2\\\/mx\\\/\"},{\"@type\":\"ListItem\",\"position\":2,\"name\":\"Entrevista Gustavo Valdez, director general Ikusi M\u00e9xico\"}]},{\"@type\":\"WebSite\",\"@id\":\"https:\\\/\\\/testing.xplaye.com\\\/ikusi2\\\/mx\\\/#website\",\"url\":\"https:\\\/\\\/testing.xplaye.com\\\/ikusi2\\\/mx\\\/\",\"name\":\"Ikusi\",\"description\":\"\",\"publisher\":{\"@id\":\"https:\\\/\\\/testing.xplaye.com\\\/ikusi2\\\/mx\\\/#organization\"},\"alternateName\":\"Ikusi\",\"potentialAction\":[{\"@type\":\"SearchAction\",\"target\":{\"@type\":\"EntryPoint\",\"urlTemplate\":\"https:\\\/\\\/testing.xplaye.com\\\/ikusi2\\\/mx\\\/?s={search_term_string}\"},\"query-input\":{\"@type\":\"PropertyValueSpecification\",\"valueRequired\":true,\"valueName\":\"search_term_string\"}}],\"inLanguage\":\"es\"},{\"@type\":\"Organization\",\"@id\":\"https:\\\/\\\/testing.xplaye.com\\\/ikusi2\\\/mx\\\/#organization\",\"name\":\"Ikusi\",\"alternateName\":\"Ikusi\",\"url\":\"https:\\\/\\\/testing.xplaye.com\\\/ikusi2\\\/mx\\\/\",\"logo\":{\"@type\":\"ImageObject\",\"inLanguage\":\"es\",\"@id\":\"https:\\\/\\\/testing.xplaye.com\\\/ikusi2\\\/mx\\\/#\\\/schema\\\/logo\\\/image\\\/\",\"url\":\"https:\\\/\\\/testing.xplaye.com\\\/ikusi2\\\/mx\\\/wp-content\\\/uploads\\\/sites\\\/2\\\/2023\\\/04\\\/ikusi.svg\",\"contentUrl\":\"https:\\\/\\\/testing.xplaye.com\\\/ikusi2\\\/mx\\\/wp-content\\\/uploads\\\/sites\\\/2\\\/2023\\\/04\\\/ikusi.svg\",\"width\":1,\"height\":1,\"caption\":\"Ikusi\"},\"image\":{\"@id\":\"https:\\\/\\\/testing.xplaye.com\\\/ikusi2\\\/mx\\\/#\\\/schema\\\/logo\\\/image\\\/\"},\"sameAs\":[\"https:\\\/\\\/www.facebook.com\\\/ikusilatam\",\"https:\\\/\\\/x.com\\\/ikusilatam\",\"https:\\\/\\\/www.linkedin.com\\\/company\\\/ikusilatam\\\/\",\"https:\\\/\\\/www.youtube.com\\\/channel\\\/UC7QvmB90i9qYgmF3P7iUGhQ\",\"https:\\\/\\\/www.instagram.com\\\/ikusilatam\\\/\"]},{\"@type\":\"Person\",\"@id\":\"https:\\\/\\\/testing.xplaye.com\\\/ikusi2\\\/mx\\\/#\\\/schema\\\/person\\\/bcd06b0e7689b90689815d0b78a2bc2d\",\"name\":\"Ikusi\",\"image\":{\"@type\":\"ImageObject\",\"inLanguage\":\"es\",\"@id\":\"https:\\\/\\\/secure.gravatar.com\\\/avatar\\\/962736704ad33e8f2d1fd7afc591ab0f78027bd65a33c2312c6d1ef90a4b2e77?s=96&d=mm&r=g\",\"url\":\"https:\\\/\\\/secure.gravatar.com\\\/avatar\\\/962736704ad33e8f2d1fd7afc591ab0f78027bd65a33c2312c6d1ef90a4b2e77?s=96&d=mm&r=g\",\"contentUrl\":\"https:\\\/\\\/secure.gravatar.com\\\/avatar\\\/962736704ad33e8f2d1fd7afc591ab0f78027bd65a33c2312c6d1ef90a4b2e77?s=96&d=mm&r=g\",\"caption\":\"Ikusi\"},\"url\":\"https:\\\/\\\/testing.xplaye.com\\\/ikusi2\\\/mx\\\/author\\\/ikusi\\\/\"}]}<\/script>\n<!-- \/ Yoast SEO plugin. -->","yoast_head_json":{"title":"Entrevista Gustavo Valdez, director general Ikusi M\u00e9xico - Ikusi","description":"Somos una empresa de servicios tecnol\u00f3gicos, que entendemos la tecnolog\u00eda como una herramienta habilitadora para mejorar el negocio de nuestros clientes.","robots":{"index":"index","follow":"follow","max-snippet":"max-snippet:-1","max-image-preview":"max-image-preview:large","max-video-preview":"max-video-preview:-1"},"canonical":"https:\/\/testing.xplaye.com\/ikusi2\/mx\/blog\/entrevista-gustavo-valdez-ceo-ikusi-mexico\/","og_locale":"es_MX","og_type":"article","og_title":"Entrevista Gustavo Valdez, director general Ikusi M\u00e9xico - Ikusi","og_description":"Somos una empresa de servicios tecnol\u00f3gicos, que entendemos la tecnolog\u00eda como una herramienta habilitadora para mejorar el negocio de nuestros clientes.","og_url":"https:\/\/testing.xplaye.com\/ikusi2\/mx\/blog\/entrevista-gustavo-valdez-ceo-ikusi-mexico\/","og_site_name":"Ikusi MX","article_publisher":"https:\/\/www.facebook.com\/ikusilatam","article_published_time":"2022-08-24T11:31:15+00:00","article_modified_time":"2023-06-02T18:53:32+00:00","author":"Ikusi","twitter_card":"summary_large_image","twitter_creator":"@ikusilatam","twitter_site":"@ikusilatam","twitter_misc":{"Escrito por":"Ikusi","Tiempo de lectura":"4 minutos"},"schema":{"@context":"https:\/\/schema.org","@graph":[{"@type":"Article","@id":"https:\/\/testing.xplaye.com\/ikusi2\/mx\/blog\/entrevista-gustavo-valdez-ceo-ikusi-mexico\/#article","isPartOf":{"@id":"https:\/\/testing.xplaye.com\/ikusi2\/mx\/blog\/entrevista-gustavo-valdez-ceo-ikusi-mexico\/"},"author":{"name":"Ikusi","@id":"https:\/\/testing.xplaye.com\/ikusi2\/mx\/#\/schema\/person\/bcd06b0e7689b90689815d0b78a2bc2d"},"headline":"Entrevista Gustavo Valdez, director general Ikusi M\u00e9xico","datePublished":"2022-08-24T11:31:15+00:00","dateModified":"2023-06-02T18:53:32+00:00","mainEntityOfPage":{"@id":"https:\/\/testing.xplaye.com\/ikusi2\/mx\/blog\/entrevista-gustavo-valdez-ceo-ikusi-mexico\/"},"wordCount":871,"publisher":{"@id":"https:\/\/testing.xplaye.com\/ikusi2\/mx\/#organization"},"image":{"@id":"https:\/\/testing.xplaye.com\/ikusi2\/mx\/blog\/entrevista-gustavo-valdez-ceo-ikusi-mexico\/#primaryimage"},"thumbnailUrl":"https:\/\/testing.xplaye.com\/ikusi2\/mx\/wp-content\/uploads\/sites\/2\/2022\/08\/GUSTAVO_V_01-scaled-1.jpg","articleSection":["Corporativo"],"inLanguage":"es"},{"@type":"WebPage","@id":"https:\/\/testing.xplaye.com\/ikusi2\/mx\/blog\/entrevista-gustavo-valdez-ceo-ikusi-mexico\/","url":"https:\/\/testing.xplaye.com\/ikusi2\/mx\/blog\/entrevista-gustavo-valdez-ceo-ikusi-mexico\/","name":"Entrevista Gustavo Valdez, director general Ikusi M\u00e9xico - Ikusi","isPartOf":{"@id":"https:\/\/testing.xplaye.com\/ikusi2\/mx\/#website"},"primaryImageOfPage":{"@id":"https:\/\/testing.xplaye.com\/ikusi2\/mx\/blog\/entrevista-gustavo-valdez-ceo-ikusi-mexico\/#primaryimage"},"image":{"@id":"https:\/\/testing.xplaye.com\/ikusi2\/mx\/blog\/entrevista-gustavo-valdez-ceo-ikusi-mexico\/#primaryimage"},"thumbnailUrl":"https:\/\/testing.xplaye.com\/ikusi2\/mx\/wp-content\/uploads\/sites\/2\/2022\/08\/GUSTAVO_V_01-scaled-1.jpg","datePublished":"2022-08-24T11:31:15+00:00","dateModified":"2023-06-02T18:53:32+00:00","description":"Somos una empresa de servicios tecnol\u00f3gicos, que entendemos la tecnolog\u00eda como una herramienta habilitadora para mejorar el negocio de nuestros clientes.","breadcrumb":{"@id":"https:\/\/testing.xplaye.com\/ikusi2\/mx\/blog\/entrevista-gustavo-valdez-ceo-ikusi-mexico\/#breadcrumb"},"inLanguage":"es","potentialAction":[{"@type":"ReadAction","target":["https:\/\/testing.xplaye.com\/ikusi2\/mx\/blog\/entrevista-gustavo-valdez-ceo-ikusi-mexico\/"]}]},{"@type":"ImageObject","inLanguage":"es","@id":"https:\/\/testing.xplaye.com\/ikusi2\/mx\/blog\/entrevista-gustavo-valdez-ceo-ikusi-mexico\/#primaryimage","url":"https:\/\/testing.xplaye.com\/ikusi2\/mx\/wp-content\/uploads\/sites\/2\/2022\/08\/GUSTAVO_V_01-scaled-1.jpg","contentUrl":"https:\/\/testing.xplaye.com\/ikusi2\/mx\/wp-content\/uploads\/sites\/2\/2022\/08\/GUSTAVO_V_01-scaled-1.jpg"},{"@type":"BreadcrumbList","@id":"https:\/\/testing.xplaye.com\/ikusi2\/mx\/blog\/entrevista-gustavo-valdez-ceo-ikusi-mexico\/#breadcrumb","itemListElement":[{"@type":"ListItem","position":1,"name":"Portada","item":"https:\/\/testing.xplaye.com\/ikusi2\/mx\/"},{"@type":"ListItem","position":2,"name":"Entrevista Gustavo Valdez, director general Ikusi M\u00e9xico"}]},{"@type":"WebSite","@id":"https:\/\/testing.xplaye.com\/ikusi2\/mx\/#website","url":"https:\/\/testing.xplaye.com\/ikusi2\/mx\/","name":"Ikusi","description":"","publisher":{"@id":"https:\/\/testing.xplaye.com\/ikusi2\/mx\/#organization"},"alternateName":"Ikusi","potentialAction":[{"@type":"SearchAction","target":{"@type":"EntryPoint","urlTemplate":"https:\/\/testing.xplaye.com\/ikusi2\/mx\/?s={search_term_string}"},"query-input":{"@type":"PropertyValueSpecification","valueRequired":true,"valueName":"search_term_string"}}],"inLanguage":"es"},{"@type":"Organization","@id":"https:\/\/testing.xplaye.com\/ikusi2\/mx\/#organization","name":"Ikusi","alternateName":"Ikusi","url":"https:\/\/testing.xplaye.com\/ikusi2\/mx\/","logo":{"@type":"ImageObject","inLanguage":"es","@id":"https:\/\/testing.xplaye.com\/ikusi2\/mx\/#\/schema\/logo\/image\/","url":"https:\/\/testing.xplaye.com\/ikusi2\/mx\/wp-content\/uploads\/sites\/2\/2023\/04\/ikusi.svg","contentUrl":"https:\/\/testing.xplaye.com\/ikusi2\/mx\/wp-content\/uploads\/sites\/2\/2023\/04\/ikusi.svg","width":1,"height":1,"caption":"Ikusi"},"image":{"@id":"https:\/\/testing.xplaye.com\/ikusi2\/mx\/#\/schema\/logo\/image\/"},"sameAs":["https:\/\/www.facebook.com\/ikusilatam","https:\/\/x.com\/ikusilatam","https:\/\/www.linkedin.com\/company\/ikusilatam\/","https:\/\/www.youtube.com\/channel\/UC7QvmB90i9qYgmF3P7iUGhQ","https:\/\/www.instagram.com\/ikusilatam\/"]},{"@type":"Person","@id":"https:\/\/testing.xplaye.com\/ikusi2\/mx\/#\/schema\/person\/bcd06b0e7689b90689815d0b78a2bc2d","name":"Ikusi","image":{"@type":"ImageObject","inLanguage":"es","@id":"https:\/\/secure.gravatar.com\/avatar\/962736704ad33e8f2d1fd7afc591ab0f78027bd65a33c2312c6d1ef90a4b2e77?s=96&d=mm&r=g","url":"https:\/\/secure.gravatar.com\/avatar\/962736704ad33e8f2d1fd7afc591ab0f78027bd65a33c2312c6d1ef90a4b2e77?s=96&d=mm&r=g","contentUrl":"https:\/\/secure.gravatar.com\/avatar\/962736704ad33e8f2d1fd7afc591ab0f78027bd65a33c2312c6d1ef90a4b2e77?s=96&d=mm&r=g","caption":"Ikusi"},"url":"https:\/\/testing.xplaye.com\/ikusi2\/mx\/author\/ikusi\/"}]}},"_links":{"self":[{"href":"https:\/\/testing.xplaye.com\/ikusi2\/mx\/wp-json\/wp\/v2\/posts\/7869","targetHints":{"allow":["GET"]}}],"collection":[{"href":"https:\/\/testing.xplaye.com\/ikusi2\/mx\/wp-json\/wp\/v2\/posts"}],"about":[{"href":"https:\/\/testing.xplaye.com\/ikusi2\/mx\/wp-json\/wp\/v2\/types\/post"}],"author":[{"embeddable":true,"href":"https:\/\/testing.xplaye.com\/ikusi2\/mx\/wp-json\/wp\/v2\/users\/2"}],"replies":[{"embeddable":true,"href":"https:\/\/testing.xplaye.com\/ikusi2\/mx\/wp-json\/wp\/v2\/comments?post=7869"}],"version-history":[{"count":3,"href":"https:\/\/testing.xplaye.com\/ikusi2\/mx\/wp-json\/wp\/v2\/posts\/7869\/revisions"}],"predecessor-version":[{"id":10338,"href":"https:\/\/testing.xplaye.com\/ikusi2\/mx\/wp-json\/wp\/v2\/posts\/7869\/revisions\/10338"}],"wp:featuredmedia":[{"embeddable":true,"href":"https:\/\/testing.xplaye.com\/ikusi2\/mx\/wp-json\/wp\/v2\/menu-items\/7865"}],"wp:attachment":[{"href":"https:\/\/testing.xplaye.com\/ikusi2\/mx\/wp-json\/wp\/v2\/media?parent=7869"}],"wp:term":[{"taxonomy":"category","embeddable":true,"href":"https:\/\/testing.xplaye.com\/ikusi2\/mx\/wp-json\/wp\/v2\/categories?post=7869"},{"taxonomy":"post_tag","embeddable":true,"href":"https:\/\/testing.xplaye.com\/ikusi2\/mx\/wp-json\/wp\/v2\/tags?post=7869"},{"taxonomy":"temas","embeddable":true,"href":"https:\/\/testing.xplaye.com\/ikusi2\/mx\/wp-json\/wp\/v2\/temas?post=7869"}],"curies":[{"name":"wp","href":"https:\/\/api.w.org\/{rel}","templated":true}]}}