{"id":4672,"date":"2022-05-20T17:59:07","date_gmt":"2022-05-20T17:59:07","guid":{"rendered":"https:\/\/testing.xplaye.com\/ikusi2\/los-medidores-de-co2-y-el-coronavirus\/"},"modified":"2023-09-03T20:35:44","modified_gmt":"2023-09-04T02:35:44","slug":"los-medidores-de-co2-y-el-coronavirus","status":"publish","type":"post","link":"https:\/\/testing.xplaye.com\/ikusi2\/mx\/blog\/los-medidores-de-co2-y-el-coronavirus\/","title":{"rendered":"Los medidores de CO2 y el coronavirus"},"content":{"rendered":"<p>El t\u00e9rmino &#8220;Nueva Normalidad&#8221;, que tanto escuchamos en estos tiempos, est\u00e1 abarcando muchos \u00e1mbitos de la vida, y uno de ellos es la gesti\u00f3n de oficinas y espacios laborales. Un ejemplo de esto es la necesidad de emplear un <strong>medidor de C02<\/strong>, entre otros mecanismos para un regreso seguro al trabajo.<\/p>\n<p>Si bien algunas empresas han optado en un 100% por la metodolog\u00eda de Home Office, muchas otras se han decidido por el regreso presencial a las oficinas o por el esquema h\u00edbrido. Para estas dos \u00faltimas opciones, la prevenci\u00f3n y el control son las grandes prioridades.<\/p>\n<p>En este art\u00edculo te explicaremos la importancia de tener un ambiente saludable en las empresas y entornos de <a href=\"https:\/\/testing.xplaye.com\/ikusi2blog\/trabajo-colaborativo\/%20\" target=\"_blank\" rel=\"noopener noreferrer\">trabajo colaborativo<\/a>, as\u00ed como los alcances que puede tener un <strong>medidor de C02 <\/strong>para fomentar la bioseguridad.<\/p>\n<h2>La importancia de garantizar espacios laborales bioseguros<\/h2>\n<p>De acuerdo a una investigaci\u00f3n de Gartner, e<strong>l 87% de las empresas valora las medidas de seguridad como su enfoque principal para el regreso al trabajo<\/strong>.<\/p>\n<p>Y es que garantizar un ambiente de trabajo saludable, si bien siempre ha sido importante, ha cobrado una relevancia especial, debido a las siguientes razones:<\/p>\n<h3>Impactos recientes al bienestar de los trabajadores<\/h3>\n<p>La pandemia fue un periodo complejo para todo el mundo, y la clase trabajadora y los profesionales estuvieron entre los m\u00e1s afectados.<\/p>\n<p>De acuerdo al estudio de Gartner citado anteriormente, casi el 45% de las empresas indican que sus empleados han experimentado un impacto negativo en su moral y bienestar en los \u00faltimos meses.<\/p>\n<p>De esta manera, las empresas necesitan brindarles el mejor entorno posible para regresar al trabajo, cuidando de su salud y evitando estr\u00e9s a\u00f1adido.<\/p>\n<h3>Mayor conciencia sobre contagios y virus<\/h3>\n<p>No solo se trata del coronavirus y las variantes que van surgiendo. Gripes comunes, infecciones y otras amenazas a la salud pueden propagarse si el lugar de trabajo no cumple con las medidas preventivas necesarias.<\/p>\n<p>Hoy, las sociedades &#8211; incluyendo los empleados de tu empresa &#8211; est\u00e1n mucho m\u00e1s conscientes de estos temas de salud y esperar\u00e1n de ti prevenci\u00f3n, cuidado y responsabilidad social.<\/p>\n<h3>Necesidad de una gesti\u00f3n bajo perspectiva \u00e9tica<\/h3>\n<p>Las empresas cada vez tienen un rol social m\u00e1s importante. Los consumidores y las personas en general no solamente esperan de ellas innovaci\u00f3n y productos o servicios, sino tambi\u00e9n una postura positiva ante las necesidades de la poblaci\u00f3n y las complejidades del mundo.<\/p>\n<p>En \u00e9pocas de contagios y nuevas variantes, construir un entorno de trabajo seguro se convierte en una medida \u00e9tica que se alinea a esta demanda.<\/p>\n<p>Por todas las razones mencionadas, l\u00edderes y directivos necesitan pensar en qu\u00e9 recursos implementar para incrementar los niveles de seguridad. Entre estos encontramos sensores para aplicar el <em>touchless<\/em>, mecanismos de desinfecci\u00f3n y, lo que hoy nos ocupa, el medidor de CO\u2082.<\/p>\n<h2>\u00bfQu\u00e9 es un medidor de CO\u2082?<\/h2>\n<p>Como su nombre lo refleja, es un dispositivo medidor de los niveles de concentraci\u00f3n de di\u00f3xido de carbono (CO\u2082) en un determinado espacio.<\/p>\n<p>Este equipo es capaz de registrar y reflejar la cantidad de este compuesto de carbono por cada mill\u00f3n de unidades de aire (ppm).<\/p>\n<p>Estos medidores pueden compartir sus datos a softwares, dispositivos m\u00f3viles y otros dashboards, gracias al Internet de las Cosas (IoT), lo cual facilita el monitoreo y la adopci\u00f3n de acciones preventivas por parte de los responsables.<\/p>\n<p>Un nivel de C02 elevado es sin\u00f3nimo de ventilaci\u00f3n deficiente y demanda medidas como abrir ventanas o encender determinados equipos que promuevan la circulaci\u00f3n del aire.<\/p>\n<h2>Pero, \u00bfc\u00f3mo conocer el nivel de C02 ayuda en la prevenci\u00f3n al coronavirus?<\/h2>\n<p>El CO\u2082 no solo tiene impacto en el efecto invernadero y en los niveles generales de contaminaci\u00f3n, sino que en los espacios cerrados tiene efectos nocivos sobre las personas.<\/p>\n<p>Esto se debe a que, <strong>las elevadas concentraciones de di\u00f3xido de carbono desplazan al ox\u00edgeno, propiciando un ambiente de complejidad para respirar<\/strong>.<\/p>\n<p>Si bien suele ser imperceptible, nuestro organismo empieza a sufrir con esta dificultad, lo cual luego se traduce en s\u00edntomas tangibles y molestos, como dolores de cabeza, mareos y somnolencia (exceso de sue\u00f1o).<\/p>\n<p>A todo esto, en los \u00faltimos meses, se sum\u00f3 el coronavirus. Y es que un espacio cerrado con altas concentraciones de CO\u2082 se hace m\u00e1s propenso para los contagios.<\/p>\n<p>De acuerdo al Centro para el Control y la Prevenci\u00f3n de Enfermedades (CDC) de Estados Unidos, la OMS y muchos otros organismos de investigaci\u00f3n, este compuesto &#8211; en cantidades elevadas &#8211; genera que micropart\u00edculas como saliva y gotitas respiratorias queden suspendidas en el aire m\u00e1s tiempo.<\/p>\n<p>Esto propicia el contagio de las personas que est\u00e9n dentro de ese espacio cerrado en el que flotan las micropart\u00edculas, tambi\u00e9n conocidas como aerosoles.<\/p>\n<h2>\u00bfCu\u00e1les son los niveles de riesgo de CO\u2082?<\/h2>\n<p>De acuerdo a la Organizaci\u00f3n Mundial de la Salud, niveles de CO\u2082 de entre 600 y 700 ppm son aceptables cuando se trata de espacios cerrados.<\/p>\n<p>Por ello, <strong>cuando el medidor refleja una concentraci\u00f3n de 800 o m\u00e1s ppm, en entra a una fase de riesgo y es importante tomar acciones que favorezcan la ventilaci\u00f3n<\/strong>.<\/p>\n<p>En exteriores, el valor recomendado es de 420 a 450 rpm, aunque puede variar de acuerdo a los niveles de contaminaci\u00f3n existentes en el aire.<\/p>\n<h2>\u00bfC\u00f3mo Ikusi te ayuda a lograr un regreso seguro?<\/h2>\n<p>En Ikusi contamos con una soluci\u00f3n integral de espacio de trabajo h\u00edbrido, que incluye el medidor de CO\u2082 como uno de sus principales elementos preventivos.<\/p>\n<p>Adem\u00e1s, la soluci\u00f3n cuenta con control y visibilidad de sala, dispositivos touchless y un panel de control integral de monitoreo, entre otros recursos para un regreso seguro al trabajo.<\/p>\n<p>De esta manera, adem\u00e1s de prevenir contagios y fomentar la bioseguridad, obtienes beneficios como:<\/p>\n<ul>\n<li>Tranquilidad del empleado;<\/li>\n<li>Mayor productividad;<\/li>\n<li>Anal\u00edtica de comportamiento de factores del entorno;<\/li>\n<li>En general, eficiencia en espacios de trabajo.<\/li>\n<\/ul>\n<p>En definitiva, se trata de una soluci\u00f3n valiosa pasa consolidar una <a href=\"https:\/\/testing.xplaye.com\/ikusi2blog\/empresas-sustentables\/%20\" target=\"_blank\" rel=\"noopener noreferrer\">empresa sustentable<\/a> y tener verdadera trazabilidad sobre la salud de los colaboradores, el capital m\u00e1s valioso de toda empresa.<\/p>\n<p>Si quieres saber m\u00e1s sobre esta herramienta integral de bioseguridad, \u00a1<a href=\"https:\/\/testing.xplaye.com\/ikusi2\/mx\/contactanos\/\" target=\"_blank\" rel=\"noopener noreferrer\">haz clic aqu\u00ed y cont\u00e1ctanos por medio del canal de tu preferencia<\/a>!<\/p>\n","protected":false},"excerpt":{"rendered":"<p>El t\u00e9rmino &#8220;Nueva Normalidad&#8221;, est\u00e1 abarcando muchos \u00e1mbitos de la vida, y uno de ellos es la gesti\u00f3n de oficinas y espacios laborales.<\/p>\n","protected":false},"author":2,"featured_media":4673,"comment_status":"open","ping_status":"open","sticky":false,"template":"","format":"standard","meta":{"_acf_changed":false,"footnotes":""},"categories":[76],"tags":[84,94],"temas":[148,161],"class_list":["post-4672","post","type-post","status-publish","format-standard","has-post-thumbnail","hentry","category-aplicacion-soluciones-mx","tag-colaboracion-empresarial","tag-gestion-de-gastos","temas-colaboracion-empresarial","temas-teletrabajo"],"acf":[],"yoast_head":"<!-- This site is optimized with the Yoast SEO plugin v27.4 - https:\/\/yoast.com\/product\/yoast-seo-wordpress\/ -->\n<title>Los medidores de CO2 y el coronavirus - Ikusi<\/title>\n<meta name=\"description\" content=\"El t\u00e9rmino &quot;Nueva Normalidad&quot;, est\u00e1 abarcando muchos \u00e1mbitos de la vida, y uno de ellos es la gesti\u00f3n de oficinas y espacios laborales.\" \/>\n<meta name=\"robots\" content=\"index, follow, max-snippet:-1, max-image-preview:large, max-video-preview:-1\" \/>\n<link rel=\"canonical\" href=\"https:\/\/testing.xplaye.com\/ikusi2\/mx\/blog\/los-medidores-de-co2-y-el-coronavirus\/\" \/>\n<meta property=\"og:locale\" content=\"es_MX\" \/>\n<meta property=\"og:type\" content=\"article\" \/>\n<meta property=\"og:title\" content=\"Los medidores de CO2 y el coronavirus - Ikusi\" \/>\n<meta property=\"og:description\" content=\"El t\u00e9rmino &quot;Nueva Normalidad&quot;, est\u00e1 abarcando muchos \u00e1mbitos de la vida, y uno de ellos es la gesti\u00f3n de oficinas y espacios laborales.\" \/>\n<meta property=\"og:url\" content=\"https:\/\/testing.xplaye.com\/ikusi2\/mx\/blog\/los-medidores-de-co2-y-el-coronavirus\/\" \/>\n<meta property=\"og:site_name\" content=\"Ikusi MX\" \/>\n<meta property=\"article:publisher\" content=\"https:\/\/www.facebook.com\/ikusilatam\" \/>\n<meta property=\"article:published_time\" content=\"2022-05-20T17:59:07+00:00\" \/>\n<meta property=\"article:modified_time\" content=\"2023-09-04T02:35:44+00:00\" \/>\n<meta name=\"author\" content=\"Ikusi\" \/>\n<meta name=\"twitter:card\" content=\"summary_large_image\" \/>\n<meta name=\"twitter:creator\" content=\"@ikusilatam\" \/>\n<meta name=\"twitter:site\" content=\"@ikusilatam\" \/>\n<meta name=\"twitter:label1\" content=\"Escrito por\" \/>\n\t<meta name=\"twitter:data1\" content=\"Ikusi\" \/>\n\t<meta name=\"twitter:label2\" content=\"Tiempo de lectura\" \/>\n\t<meta name=\"twitter:data2\" content=\"5 minutos\" \/>\n<script type=\"application\/ld+json\" class=\"yoast-schema-graph\">{\"@context\":\"https:\\\/\\\/schema.org\",\"@graph\":[{\"@type\":\"Article\",\"@id\":\"https:\\\/\\\/testing.xplaye.com\\\/ikusi2\\\/mx\\\/blog\\\/los-medidores-de-co2-y-el-coronavirus\\\/#article\",\"isPartOf\":{\"@id\":\"https:\\\/\\\/testing.xplaye.com\\\/ikusi2\\\/mx\\\/blog\\\/los-medidores-de-co2-y-el-coronavirus\\\/\"},\"author\":{\"name\":\"Ikusi\",\"@id\":\"https:\\\/\\\/testing.xplaye.com\\\/ikusi2\\\/mx\\\/#\\\/schema\\\/person\\\/bcd06b0e7689b90689815d0b78a2bc2d\"},\"headline\":\"Los medidores de CO2 y el coronavirus\",\"datePublished\":\"2022-05-20T17:59:07+00:00\",\"dateModified\":\"2023-09-04T02:35:44+00:00\",\"mainEntityOfPage\":{\"@id\":\"https:\\\/\\\/testing.xplaye.com\\\/ikusi2\\\/mx\\\/blog\\\/los-medidores-de-co2-y-el-coronavirus\\\/\"},\"wordCount\":1066,\"commentCount\":0,\"publisher\":{\"@id\":\"https:\\\/\\\/testing.xplaye.com\\\/ikusi2\\\/mx\\\/#organization\"},\"image\":{\"@id\":\"https:\\\/\\\/testing.xplaye.com\\\/ikusi2\\\/mx\\\/blog\\\/los-medidores-de-co2-y-el-coronavirus\\\/#primaryimage\"},\"thumbnailUrl\":\"https:\\\/\\\/testing.xplaye.com\\\/ikusi2\\\/mx\\\/wp-content\\\/uploads\\\/sites\\\/2\\\/2022\\\/06\\\/ikusi_ikusi_image_965.jpeg\",\"keywords\":[\"Colaboraci\u00f3n empresarial\",\"Gesti\u00f3n de gastos\"],\"articleSection\":[\"Aplicaci\u00f3n de soluciones\"],\"inLanguage\":\"es\",\"potentialAction\":[{\"@type\":\"CommentAction\",\"name\":\"Comment\",\"target\":[\"https:\\\/\\\/testing.xplaye.com\\\/ikusi2\\\/mx\\\/blog\\\/los-medidores-de-co2-y-el-coronavirus\\\/#respond\"]}]},{\"@type\":\"WebPage\",\"@id\":\"https:\\\/\\\/testing.xplaye.com\\\/ikusi2\\\/mx\\\/blog\\\/los-medidores-de-co2-y-el-coronavirus\\\/\",\"url\":\"https:\\\/\\\/testing.xplaye.com\\\/ikusi2\\\/mx\\\/blog\\\/los-medidores-de-co2-y-el-coronavirus\\\/\",\"name\":\"Los medidores de CO2 y el coronavirus - Ikusi\",\"isPartOf\":{\"@id\":\"https:\\\/\\\/testing.xplaye.com\\\/ikusi2\\\/mx\\\/#website\"},\"primaryImageOfPage\":{\"@id\":\"https:\\\/\\\/testing.xplaye.com\\\/ikusi2\\\/mx\\\/blog\\\/los-medidores-de-co2-y-el-coronavirus\\\/#primaryimage\"},\"image\":{\"@id\":\"https:\\\/\\\/testing.xplaye.com\\\/ikusi2\\\/mx\\\/blog\\\/los-medidores-de-co2-y-el-coronavirus\\\/#primaryimage\"},\"thumbnailUrl\":\"https:\\\/\\\/testing.xplaye.com\\\/ikusi2\\\/mx\\\/wp-content\\\/uploads\\\/sites\\\/2\\\/2022\\\/06\\\/ikusi_ikusi_image_965.jpeg\",\"datePublished\":\"2022-05-20T17:59:07+00:00\",\"dateModified\":\"2023-09-04T02:35:44+00:00\",\"description\":\"El t\u00e9rmino \\\"Nueva Normalidad\\\", est\u00e1 abarcando muchos \u00e1mbitos de la vida, y uno de ellos es la gesti\u00f3n de oficinas y espacios laborales.\",\"breadcrumb\":{\"@id\":\"https:\\\/\\\/testing.xplaye.com\\\/ikusi2\\\/mx\\\/blog\\\/los-medidores-de-co2-y-el-coronavirus\\\/#breadcrumb\"},\"inLanguage\":\"es\",\"potentialAction\":[{\"@type\":\"ReadAction\",\"target\":[\"https:\\\/\\\/testing.xplaye.com\\\/ikusi2\\\/mx\\\/blog\\\/los-medidores-de-co2-y-el-coronavirus\\\/\"]}]},{\"@type\":\"ImageObject\",\"inLanguage\":\"es\",\"@id\":\"https:\\\/\\\/testing.xplaye.com\\\/ikusi2\\\/mx\\\/blog\\\/los-medidores-de-co2-y-el-coronavirus\\\/#primaryimage\",\"url\":\"https:\\\/\\\/testing.xplaye.com\\\/ikusi2\\\/mx\\\/wp-content\\\/uploads\\\/sites\\\/2\\\/2022\\\/06\\\/ikusi_ikusi_image_965.jpeg\",\"contentUrl\":\"https:\\\/\\\/testing.xplaye.com\\\/ikusi2\\\/mx\\\/wp-content\\\/uploads\\\/sites\\\/2\\\/2022\\\/06\\\/ikusi_ikusi_image_965.jpeg\"},{\"@type\":\"BreadcrumbList\",\"@id\":\"https:\\\/\\\/testing.xplaye.com\\\/ikusi2\\\/mx\\\/blog\\\/los-medidores-de-co2-y-el-coronavirus\\\/#breadcrumb\",\"itemListElement\":[{\"@type\":\"ListItem\",\"position\":1,\"name\":\"Portada\",\"item\":\"https:\\\/\\\/testing.xplaye.com\\\/ikusi2\\\/mx\\\/\"},{\"@type\":\"ListItem\",\"position\":2,\"name\":\"Los medidores de CO2 y el coronavirus\"}]},{\"@type\":\"WebSite\",\"@id\":\"https:\\\/\\\/testing.xplaye.com\\\/ikusi2\\\/mx\\\/#website\",\"url\":\"https:\\\/\\\/testing.xplaye.com\\\/ikusi2\\\/mx\\\/\",\"name\":\"Ikusi\",\"description\":\"\",\"publisher\":{\"@id\":\"https:\\\/\\\/testing.xplaye.com\\\/ikusi2\\\/mx\\\/#organization\"},\"alternateName\":\"Ikusi\",\"potentialAction\":[{\"@type\":\"SearchAction\",\"target\":{\"@type\":\"EntryPoint\",\"urlTemplate\":\"https:\\\/\\\/testing.xplaye.com\\\/ikusi2\\\/mx\\\/?s={search_term_string}\"},\"query-input\":{\"@type\":\"PropertyValueSpecification\",\"valueRequired\":true,\"valueName\":\"search_term_string\"}}],\"inLanguage\":\"es\"},{\"@type\":\"Organization\",\"@id\":\"https:\\\/\\\/testing.xplaye.com\\\/ikusi2\\\/mx\\\/#organization\",\"name\":\"Ikusi\",\"alternateName\":\"Ikusi\",\"url\":\"https:\\\/\\\/testing.xplaye.com\\\/ikusi2\\\/mx\\\/\",\"logo\":{\"@type\":\"ImageObject\",\"inLanguage\":\"es\",\"@id\":\"https:\\\/\\\/testing.xplaye.com\\\/ikusi2\\\/mx\\\/#\\\/schema\\\/logo\\\/image\\\/\",\"url\":\"https:\\\/\\\/testing.xplaye.com\\\/ikusi2\\\/mx\\\/wp-content\\\/uploads\\\/sites\\\/2\\\/2023\\\/04\\\/ikusi.svg\",\"contentUrl\":\"https:\\\/\\\/testing.xplaye.com\\\/ikusi2\\\/mx\\\/wp-content\\\/uploads\\\/sites\\\/2\\\/2023\\\/04\\\/ikusi.svg\",\"width\":1,\"height\":1,\"caption\":\"Ikusi\"},\"image\":{\"@id\":\"https:\\\/\\\/testing.xplaye.com\\\/ikusi2\\\/mx\\\/#\\\/schema\\\/logo\\\/image\\\/\"},\"sameAs\":[\"https:\\\/\\\/www.facebook.com\\\/ikusilatam\",\"https:\\\/\\\/x.com\\\/ikusilatam\",\"https:\\\/\\\/www.linkedin.com\\\/company\\\/ikusilatam\\\/\",\"https:\\\/\\\/www.youtube.com\\\/channel\\\/UC7QvmB90i9qYgmF3P7iUGhQ\",\"https:\\\/\\\/www.instagram.com\\\/ikusilatam\\\/\"]},{\"@type\":\"Person\",\"@id\":\"https:\\\/\\\/testing.xplaye.com\\\/ikusi2\\\/mx\\\/#\\\/schema\\\/person\\\/bcd06b0e7689b90689815d0b78a2bc2d\",\"name\":\"Ikusi\",\"image\":{\"@type\":\"ImageObject\",\"inLanguage\":\"es\",\"@id\":\"https:\\\/\\\/secure.gravatar.com\\\/avatar\\\/962736704ad33e8f2d1fd7afc591ab0f78027bd65a33c2312c6d1ef90a4b2e77?s=96&d=mm&r=g\",\"url\":\"https:\\\/\\\/secure.gravatar.com\\\/avatar\\\/962736704ad33e8f2d1fd7afc591ab0f78027bd65a33c2312c6d1ef90a4b2e77?s=96&d=mm&r=g\",\"contentUrl\":\"https:\\\/\\\/secure.gravatar.com\\\/avatar\\\/962736704ad33e8f2d1fd7afc591ab0f78027bd65a33c2312c6d1ef90a4b2e77?s=96&d=mm&r=g\",\"caption\":\"Ikusi\"},\"url\":\"https:\\\/\\\/testing.xplaye.com\\\/ikusi2\\\/mx\\\/author\\\/ikusi\\\/\"}]}<\/script>\n<!-- \/ Yoast SEO plugin. -->","yoast_head_json":{"title":"Los medidores de CO2 y el coronavirus - Ikusi","description":"El t\u00e9rmino \"Nueva Normalidad\", est\u00e1 abarcando muchos \u00e1mbitos de la vida, y uno de ellos es la gesti\u00f3n de oficinas y espacios laborales.","robots":{"index":"index","follow":"follow","max-snippet":"max-snippet:-1","max-image-preview":"max-image-preview:large","max-video-preview":"max-video-preview:-1"},"canonical":"https:\/\/testing.xplaye.com\/ikusi2\/mx\/blog\/los-medidores-de-co2-y-el-coronavirus\/","og_locale":"es_MX","og_type":"article","og_title":"Los medidores de CO2 y el coronavirus - Ikusi","og_description":"El t\u00e9rmino \"Nueva Normalidad\", est\u00e1 abarcando muchos \u00e1mbitos de la vida, y uno de ellos es la gesti\u00f3n de oficinas y espacios laborales.","og_url":"https:\/\/testing.xplaye.com\/ikusi2\/mx\/blog\/los-medidores-de-co2-y-el-coronavirus\/","og_site_name":"Ikusi MX","article_publisher":"https:\/\/www.facebook.com\/ikusilatam","article_published_time":"2022-05-20T17:59:07+00:00","article_modified_time":"2023-09-04T02:35:44+00:00","author":"Ikusi","twitter_card":"summary_large_image","twitter_creator":"@ikusilatam","twitter_site":"@ikusilatam","twitter_misc":{"Escrito por":"Ikusi","Tiempo de lectura":"5 minutos"},"schema":{"@context":"https:\/\/schema.org","@graph":[{"@type":"Article","@id":"https:\/\/testing.xplaye.com\/ikusi2\/mx\/blog\/los-medidores-de-co2-y-el-coronavirus\/#article","isPartOf":{"@id":"https:\/\/testing.xplaye.com\/ikusi2\/mx\/blog\/los-medidores-de-co2-y-el-coronavirus\/"},"author":{"name":"Ikusi","@id":"https:\/\/testing.xplaye.com\/ikusi2\/mx\/#\/schema\/person\/bcd06b0e7689b90689815d0b78a2bc2d"},"headline":"Los medidores de CO2 y el coronavirus","datePublished":"2022-05-20T17:59:07+00:00","dateModified":"2023-09-04T02:35:44+00:00","mainEntityOfPage":{"@id":"https:\/\/testing.xplaye.com\/ikusi2\/mx\/blog\/los-medidores-de-co2-y-el-coronavirus\/"},"wordCount":1066,"commentCount":0,"publisher":{"@id":"https:\/\/testing.xplaye.com\/ikusi2\/mx\/#organization"},"image":{"@id":"https:\/\/testing.xplaye.com\/ikusi2\/mx\/blog\/los-medidores-de-co2-y-el-coronavirus\/#primaryimage"},"thumbnailUrl":"https:\/\/testing.xplaye.com\/ikusi2\/mx\/wp-content\/uploads\/sites\/2\/2022\/06\/ikusi_ikusi_image_965.jpeg","keywords":["Colaboraci\u00f3n empresarial","Gesti\u00f3n de gastos"],"articleSection":["Aplicaci\u00f3n de soluciones"],"inLanguage":"es","potentialAction":[{"@type":"CommentAction","name":"Comment","target":["https:\/\/testing.xplaye.com\/ikusi2\/mx\/blog\/los-medidores-de-co2-y-el-coronavirus\/#respond"]}]},{"@type":"WebPage","@id":"https:\/\/testing.xplaye.com\/ikusi2\/mx\/blog\/los-medidores-de-co2-y-el-coronavirus\/","url":"https:\/\/testing.xplaye.com\/ikusi2\/mx\/blog\/los-medidores-de-co2-y-el-coronavirus\/","name":"Los medidores de CO2 y el coronavirus - Ikusi","isPartOf":{"@id":"https:\/\/testing.xplaye.com\/ikusi2\/mx\/#website"},"primaryImageOfPage":{"@id":"https:\/\/testing.xplaye.com\/ikusi2\/mx\/blog\/los-medidores-de-co2-y-el-coronavirus\/#primaryimage"},"image":{"@id":"https:\/\/testing.xplaye.com\/ikusi2\/mx\/blog\/los-medidores-de-co2-y-el-coronavirus\/#primaryimage"},"thumbnailUrl":"https:\/\/testing.xplaye.com\/ikusi2\/mx\/wp-content\/uploads\/sites\/2\/2022\/06\/ikusi_ikusi_image_965.jpeg","datePublished":"2022-05-20T17:59:07+00:00","dateModified":"2023-09-04T02:35:44+00:00","description":"El t\u00e9rmino \"Nueva Normalidad\", est\u00e1 abarcando muchos \u00e1mbitos de la vida, y uno de ellos es la gesti\u00f3n de oficinas y espacios laborales.","breadcrumb":{"@id":"https:\/\/testing.xplaye.com\/ikusi2\/mx\/blog\/los-medidores-de-co2-y-el-coronavirus\/#breadcrumb"},"inLanguage":"es","potentialAction":[{"@type":"ReadAction","target":["https:\/\/testing.xplaye.com\/ikusi2\/mx\/blog\/los-medidores-de-co2-y-el-coronavirus\/"]}]},{"@type":"ImageObject","inLanguage":"es","@id":"https:\/\/testing.xplaye.com\/ikusi2\/mx\/blog\/los-medidores-de-co2-y-el-coronavirus\/#primaryimage","url":"https:\/\/testing.xplaye.com\/ikusi2\/mx\/wp-content\/uploads\/sites\/2\/2022\/06\/ikusi_ikusi_image_965.jpeg","contentUrl":"https:\/\/testing.xplaye.com\/ikusi2\/mx\/wp-content\/uploads\/sites\/2\/2022\/06\/ikusi_ikusi_image_965.jpeg"},{"@type":"BreadcrumbList","@id":"https:\/\/testing.xplaye.com\/ikusi2\/mx\/blog\/los-medidores-de-co2-y-el-coronavirus\/#breadcrumb","itemListElement":[{"@type":"ListItem","position":1,"name":"Portada","item":"https:\/\/testing.xplaye.com\/ikusi2\/mx\/"},{"@type":"ListItem","position":2,"name":"Los medidores de CO2 y el coronavirus"}]},{"@type":"WebSite","@id":"https:\/\/testing.xplaye.com\/ikusi2\/mx\/#website","url":"https:\/\/testing.xplaye.com\/ikusi2\/mx\/","name":"Ikusi","description":"","publisher":{"@id":"https:\/\/testing.xplaye.com\/ikusi2\/mx\/#organization"},"alternateName":"Ikusi","potentialAction":[{"@type":"SearchAction","target":{"@type":"EntryPoint","urlTemplate":"https:\/\/testing.xplaye.com\/ikusi2\/mx\/?s={search_term_string}"},"query-input":{"@type":"PropertyValueSpecification","valueRequired":true,"valueName":"search_term_string"}}],"inLanguage":"es"},{"@type":"Organization","@id":"https:\/\/testing.xplaye.com\/ikusi2\/mx\/#organization","name":"Ikusi","alternateName":"Ikusi","url":"https:\/\/testing.xplaye.com\/ikusi2\/mx\/","logo":{"@type":"ImageObject","inLanguage":"es","@id":"https:\/\/testing.xplaye.com\/ikusi2\/mx\/#\/schema\/logo\/image\/","url":"https:\/\/testing.xplaye.com\/ikusi2\/mx\/wp-content\/uploads\/sites\/2\/2023\/04\/ikusi.svg","contentUrl":"https:\/\/testing.xplaye.com\/ikusi2\/mx\/wp-content\/uploads\/sites\/2\/2023\/04\/ikusi.svg","width":1,"height":1,"caption":"Ikusi"},"image":{"@id":"https:\/\/testing.xplaye.com\/ikusi2\/mx\/#\/schema\/logo\/image\/"},"sameAs":["https:\/\/www.facebook.com\/ikusilatam","https:\/\/x.com\/ikusilatam","https:\/\/www.linkedin.com\/company\/ikusilatam\/","https:\/\/www.youtube.com\/channel\/UC7QvmB90i9qYgmF3P7iUGhQ","https:\/\/www.instagram.com\/ikusilatam\/"]},{"@type":"Person","@id":"https:\/\/testing.xplaye.com\/ikusi2\/mx\/#\/schema\/person\/bcd06b0e7689b90689815d0b78a2bc2d","name":"Ikusi","image":{"@type":"ImageObject","inLanguage":"es","@id":"https:\/\/secure.gravatar.com\/avatar\/962736704ad33e8f2d1fd7afc591ab0f78027bd65a33c2312c6d1ef90a4b2e77?s=96&d=mm&r=g","url":"https:\/\/secure.gravatar.com\/avatar\/962736704ad33e8f2d1fd7afc591ab0f78027bd65a33c2312c6d1ef90a4b2e77?s=96&d=mm&r=g","contentUrl":"https:\/\/secure.gravatar.com\/avatar\/962736704ad33e8f2d1fd7afc591ab0f78027bd65a33c2312c6d1ef90a4b2e77?s=96&d=mm&r=g","caption":"Ikusi"},"url":"https:\/\/testing.xplaye.com\/ikusi2\/mx\/author\/ikusi\/"}]}},"_links":{"self":[{"href":"https:\/\/testing.xplaye.com\/ikusi2\/mx\/wp-json\/wp\/v2\/posts\/4672","targetHints":{"allow":["GET"]}}],"collection":[{"href":"https:\/\/testing.xplaye.com\/ikusi2\/mx\/wp-json\/wp\/v2\/posts"}],"about":[{"href":"https:\/\/testing.xplaye.com\/ikusi2\/mx\/wp-json\/wp\/v2\/types\/post"}],"author":[{"embeddable":true,"href":"https:\/\/testing.xplaye.com\/ikusi2\/mx\/wp-json\/wp\/v2\/users\/2"}],"replies":[{"embeddable":true,"href":"https:\/\/testing.xplaye.com\/ikusi2\/mx\/wp-json\/wp\/v2\/comments?post=4672"}],"version-history":[{"count":1,"href":"https:\/\/testing.xplaye.com\/ikusi2\/mx\/wp-json\/wp\/v2\/posts\/4672\/revisions"}],"predecessor-version":[{"id":10646,"href":"https:\/\/testing.xplaye.com\/ikusi2\/mx\/wp-json\/wp\/v2\/posts\/4672\/revisions\/10646"}],"wp:featuredmedia":[{"embeddable":true,"href":"https:\/\/testing.xplaye.com\/ikusi2\/mx\/wp-json\/"}],"wp:attachment":[{"href":"https:\/\/testing.xplaye.com\/ikusi2\/mx\/wp-json\/wp\/v2\/media?parent=4672"}],"wp:term":[{"taxonomy":"category","embeddable":true,"href":"https:\/\/testing.xplaye.com\/ikusi2\/mx\/wp-json\/wp\/v2\/categories?post=4672"},{"taxonomy":"post_tag","embeddable":true,"href":"https:\/\/testing.xplaye.com\/ikusi2\/mx\/wp-json\/wp\/v2\/tags?post=4672"},{"taxonomy":"temas","embeddable":true,"href":"https:\/\/testing.xplaye.com\/ikusi2\/mx\/wp-json\/wp\/v2\/temas?post=4672"}],"curies":[{"name":"wp","href":"https:\/\/api.w.org\/{rel}","templated":true}]}}