{"id":4181,"date":"2018-10-10T11:07:00","date_gmt":"2018-10-10T11:07:00","guid":{"rendered":"https:\/\/testing.xplaye.com\/ikusi2\/en-entrevista-gustavo-valdez-y-el-valor-anadido-de-ikusi-latam\/"},"modified":"2023-08-11T22:04:51","modified_gmt":"2023-08-11T22:04:51","slug":"en-entrevista-gustavo-valdez-y-el-valor-anadido-de-ikusi-latam","status":"publish","type":"post","link":"https:\/\/testing.xplaye.com\/ikusi2\/mx\/blog\/en-entrevista-gustavo-valdez-y-el-valor-anadido-de-ikusi-latam\/","title":{"rendered":"En entrevista, Gustavo Valdez y el valor a\u00f1adido de Ikusi Latam"},"content":{"rendered":"<p>Gustavo Valdez, Director General de Ikusi Redes nos explica c\u00f3mo en Ikusi hemos impulsado la creaci\u00f3n de servicios y soluciones de <a href=\"https:\/\/testing.xplaye.com\/ikusi2\/mx\/servicios\/servicios-bajo-demanda\/#ciberseguridad\" target=\"_blank\" rel=\"noreferrer noopener\">Ciberseguridad<\/a>, <a href=\"https:\/\/testing.xplaye.com\/ikusi2\/mx\/servicios\/servicios-bajo-demanda\/#colaboracion-avanzada\" target=\"_blank\" rel=\"noreferrer noopener\">Colaboraci\u00f3n <\/a>y <a href=\"https:\/\/testing.xplaye.com\/ikusi2\/mx\/servicios\/servicios-bajo-demanda\/#nube-como-servicio\" target=\"_blank\" rel=\"noreferrer noopener\">Nube<\/a>, y a la par nos hemos ocupado por desarrollar el <strong>centro de operaciones de monitoreo, gesti\u00f3n y an\u00e1lisis Ikusi Once,<\/strong> soportado por especialistas certificados para ofrecer atenci\u00f3n y resoluci\u00f3n de incidentes que puedan detener el completo funcionamiento y productividad de las organizaciones.<\/p>\n<p>En el siguiente videoblog, descubre c\u00f3mo <a href=\"https:\/\/testing.xplaye.com\/ikusi2\/mx\/valor-diferencial\/\" target=\"_blank\" rel=\"noreferrer noopener\">Ikusi Once<\/a> tiene la capacidad de hacer frente a las nuevas exigencias que desarrolle el mercado, lo que nos convierte en una apuesta segura como socio estrat\u00e9gico para la <strong>transformaci\u00f3n digital<\/strong>.<\/p>\n","protected":false},"excerpt":{"rendered":"<p>Gustavo Valdez, Director General de Ikusi Redes nos explica c\u00f3mo en Ikusi hemos impulsado la creaci\u00f3n de servicios y soluciones de redes<\/p>\n","protected":false},"author":2,"featured_media":4182,"comment_status":"open","ping_status":"open","sticky":false,"template":"","format":"standard","meta":{"_acf_changed":false,"footnotes":""},"categories":[76,81],"tags":[77,83,87],"temas":[143,147,154],"class_list":["post-4181","post","type-post","status-publish","format-standard","has-post-thumbnail","hentry","category-aplicacion-soluciones-mx","category-corporativo-mx","tag-ciberseguridad","tag-colaboracion","tag-nube","temas-ciberseguridad","temas-colaboracion","temas-nube-y-data-center"],"acf":[],"yoast_head":"<!-- This site is optimized with the Yoast SEO plugin v27.4 - https:\/\/yoast.com\/product\/yoast-seo-wordpress\/ -->\n<title>En entrevista, Gustavo Valdez y el valor a\u00f1adido de Ikusi Latam - Ikusi<\/title>\n<meta name=\"description\" content=\"Gustavo Valdez, Director General de Ikusi Redes nos explica c\u00f3mo en Ikusi hemos impulsado la creaci\u00f3n de servicios y soluciones de Redes.\" \/>\n<meta name=\"robots\" content=\"index, follow, max-snippet:-1, max-image-preview:large, max-video-preview:-1\" \/>\n<link rel=\"canonical\" href=\"https:\/\/testing.xplaye.com\/ikusi2\/mx\/blog\/en-entrevista-gustavo-valdez-y-el-valor-anadido-de-ikusi-latam\/\" \/>\n<meta property=\"og:locale\" content=\"es_MX\" \/>\n<meta property=\"og:type\" content=\"article\" \/>\n<meta property=\"og:title\" content=\"En entrevista, Gustavo Valdez y el valor a\u00f1adido de Ikusi Latam - Ikusi\" \/>\n<meta property=\"og:description\" content=\"Gustavo Valdez, Director General de Ikusi Redes nos explica c\u00f3mo en Ikusi hemos impulsado la creaci\u00f3n de servicios y soluciones de Redes.\" \/>\n<meta property=\"og:url\" content=\"https:\/\/testing.xplaye.com\/ikusi2\/mx\/blog\/en-entrevista-gustavo-valdez-y-el-valor-anadido-de-ikusi-latam\/\" \/>\n<meta property=\"og:site_name\" content=\"Ikusi MX\" \/>\n<meta property=\"article:publisher\" content=\"https:\/\/www.facebook.com\/ikusilatam\" \/>\n<meta property=\"article:published_time\" content=\"2018-10-10T11:07:00+00:00\" \/>\n<meta property=\"article:modified_time\" content=\"2023-08-11T22:04:51+00:00\" \/>\n<meta name=\"author\" content=\"Ikusi\" \/>\n<meta name=\"twitter:card\" content=\"summary_large_image\" \/>\n<meta name=\"twitter:creator\" content=\"@ikusilatam\" \/>\n<meta name=\"twitter:site\" content=\"@ikusilatam\" \/>\n<meta name=\"twitter:label1\" content=\"Escrito por\" \/>\n\t<meta name=\"twitter:data1\" content=\"Ikusi\" \/>\n\t<meta name=\"twitter:label2\" content=\"Tiempo de lectura\" \/>\n\t<meta name=\"twitter:data2\" content=\"1 minuto\" \/>\n<script type=\"application\/ld+json\" class=\"yoast-schema-graph\">{\"@context\":\"https:\\\/\\\/schema.org\",\"@graph\":[{\"@type\":\"Article\",\"@id\":\"https:\\\/\\\/testing.xplaye.com\\\/ikusi2\\\/mx\\\/blog\\\/en-entrevista-gustavo-valdez-y-el-valor-anadido-de-ikusi-latam\\\/#article\",\"isPartOf\":{\"@id\":\"https:\\\/\\\/testing.xplaye.com\\\/ikusi2\\\/mx\\\/blog\\\/en-entrevista-gustavo-valdez-y-el-valor-anadido-de-ikusi-latam\\\/\"},\"author\":{\"name\":\"Ikusi\",\"@id\":\"https:\\\/\\\/testing.xplaye.com\\\/ikusi2\\\/mx\\\/#\\\/schema\\\/person\\\/bcd06b0e7689b90689815d0b78a2bc2d\"},\"headline\":\"En entrevista, Gustavo Valdez y el valor a\u00f1adido de Ikusi Latam\",\"datePublished\":\"2018-10-10T11:07:00+00:00\",\"dateModified\":\"2023-08-11T22:04:51+00:00\",\"mainEntityOfPage\":{\"@id\":\"https:\\\/\\\/testing.xplaye.com\\\/ikusi2\\\/mx\\\/blog\\\/en-entrevista-gustavo-valdez-y-el-valor-anadido-de-ikusi-latam\\\/\"},\"wordCount\":126,\"commentCount\":0,\"publisher\":{\"@id\":\"https:\\\/\\\/testing.xplaye.com\\\/ikusi2\\\/mx\\\/#organization\"},\"image\":{\"@id\":\"https:\\\/\\\/testing.xplaye.com\\\/ikusi2\\\/mx\\\/blog\\\/en-entrevista-gustavo-valdez-y-el-valor-anadido-de-ikusi-latam\\\/#primaryimage\"},\"thumbnailUrl\":\"https:\\\/\\\/testing.xplaye.com\\\/ikusi2\\\/mx\\\/wp-content\\\/uploads\\\/sites\\\/2\\\/2022\\\/06\\\/10oct2018_entrevistagustavo.jpg\",\"keywords\":[\"Ciberseguridad\",\"Colaboraci\u00f3n\",\"Nube\"],\"articleSection\":[\"Aplicaci\u00f3n de soluciones\",\"Corporativo\"],\"inLanguage\":\"es\",\"potentialAction\":[{\"@type\":\"CommentAction\",\"name\":\"Comment\",\"target\":[\"https:\\\/\\\/testing.xplaye.com\\\/ikusi2\\\/mx\\\/blog\\\/en-entrevista-gustavo-valdez-y-el-valor-anadido-de-ikusi-latam\\\/#respond\"]}]},{\"@type\":\"WebPage\",\"@id\":\"https:\\\/\\\/testing.xplaye.com\\\/ikusi2\\\/mx\\\/blog\\\/en-entrevista-gustavo-valdez-y-el-valor-anadido-de-ikusi-latam\\\/\",\"url\":\"https:\\\/\\\/testing.xplaye.com\\\/ikusi2\\\/mx\\\/blog\\\/en-entrevista-gustavo-valdez-y-el-valor-anadido-de-ikusi-latam\\\/\",\"name\":\"En entrevista, Gustavo Valdez y el valor a\u00f1adido de Ikusi Latam - Ikusi\",\"isPartOf\":{\"@id\":\"https:\\\/\\\/testing.xplaye.com\\\/ikusi2\\\/mx\\\/#website\"},\"primaryImageOfPage\":{\"@id\":\"https:\\\/\\\/testing.xplaye.com\\\/ikusi2\\\/mx\\\/blog\\\/en-entrevista-gustavo-valdez-y-el-valor-anadido-de-ikusi-latam\\\/#primaryimage\"},\"image\":{\"@id\":\"https:\\\/\\\/testing.xplaye.com\\\/ikusi2\\\/mx\\\/blog\\\/en-entrevista-gustavo-valdez-y-el-valor-anadido-de-ikusi-latam\\\/#primaryimage\"},\"thumbnailUrl\":\"https:\\\/\\\/testing.xplaye.com\\\/ikusi2\\\/mx\\\/wp-content\\\/uploads\\\/sites\\\/2\\\/2022\\\/06\\\/10oct2018_entrevistagustavo.jpg\",\"datePublished\":\"2018-10-10T11:07:00+00:00\",\"dateModified\":\"2023-08-11T22:04:51+00:00\",\"description\":\"Gustavo Valdez, Director General de Ikusi Redes nos explica c\u00f3mo en Ikusi hemos impulsado la creaci\u00f3n de servicios y soluciones de Redes.\",\"breadcrumb\":{\"@id\":\"https:\\\/\\\/testing.xplaye.com\\\/ikusi2\\\/mx\\\/blog\\\/en-entrevista-gustavo-valdez-y-el-valor-anadido-de-ikusi-latam\\\/#breadcrumb\"},\"inLanguage\":\"es\",\"potentialAction\":[{\"@type\":\"ReadAction\",\"target\":[\"https:\\\/\\\/testing.xplaye.com\\\/ikusi2\\\/mx\\\/blog\\\/en-entrevista-gustavo-valdez-y-el-valor-anadido-de-ikusi-latam\\\/\"]}]},{\"@type\":\"ImageObject\",\"inLanguage\":\"es\",\"@id\":\"https:\\\/\\\/testing.xplaye.com\\\/ikusi2\\\/mx\\\/blog\\\/en-entrevista-gustavo-valdez-y-el-valor-anadido-de-ikusi-latam\\\/#primaryimage\",\"url\":\"https:\\\/\\\/testing.xplaye.com\\\/ikusi2\\\/mx\\\/wp-content\\\/uploads\\\/sites\\\/2\\\/2022\\\/06\\\/10oct2018_entrevistagustavo.jpg\",\"contentUrl\":\"https:\\\/\\\/testing.xplaye.com\\\/ikusi2\\\/mx\\\/wp-content\\\/uploads\\\/sites\\\/2\\\/2022\\\/06\\\/10oct2018_entrevistagustavo.jpg\"},{\"@type\":\"BreadcrumbList\",\"@id\":\"https:\\\/\\\/testing.xplaye.com\\\/ikusi2\\\/mx\\\/blog\\\/en-entrevista-gustavo-valdez-y-el-valor-anadido-de-ikusi-latam\\\/#breadcrumb\",\"itemListElement\":[{\"@type\":\"ListItem\",\"position\":1,\"name\":\"Portada\",\"item\":\"https:\\\/\\\/testing.xplaye.com\\\/ikusi2\\\/mx\\\/\"},{\"@type\":\"ListItem\",\"position\":2,\"name\":\"En entrevista, Gustavo Valdez y el valor a\u00f1adido de Ikusi Latam\"}]},{\"@type\":\"WebSite\",\"@id\":\"https:\\\/\\\/testing.xplaye.com\\\/ikusi2\\\/mx\\\/#website\",\"url\":\"https:\\\/\\\/testing.xplaye.com\\\/ikusi2\\\/mx\\\/\",\"name\":\"Ikusi\",\"description\":\"\",\"publisher\":{\"@id\":\"https:\\\/\\\/testing.xplaye.com\\\/ikusi2\\\/mx\\\/#organization\"},\"alternateName\":\"Ikusi\",\"potentialAction\":[{\"@type\":\"SearchAction\",\"target\":{\"@type\":\"EntryPoint\",\"urlTemplate\":\"https:\\\/\\\/testing.xplaye.com\\\/ikusi2\\\/mx\\\/?s={search_term_string}\"},\"query-input\":{\"@type\":\"PropertyValueSpecification\",\"valueRequired\":true,\"valueName\":\"search_term_string\"}}],\"inLanguage\":\"es\"},{\"@type\":\"Organization\",\"@id\":\"https:\\\/\\\/testing.xplaye.com\\\/ikusi2\\\/mx\\\/#organization\",\"name\":\"Ikusi\",\"alternateName\":\"Ikusi\",\"url\":\"https:\\\/\\\/testing.xplaye.com\\\/ikusi2\\\/mx\\\/\",\"logo\":{\"@type\":\"ImageObject\",\"inLanguage\":\"es\",\"@id\":\"https:\\\/\\\/testing.xplaye.com\\\/ikusi2\\\/mx\\\/#\\\/schema\\\/logo\\\/image\\\/\",\"url\":\"https:\\\/\\\/testing.xplaye.com\\\/ikusi2\\\/mx\\\/wp-content\\\/uploads\\\/sites\\\/2\\\/2023\\\/04\\\/ikusi.svg\",\"contentUrl\":\"https:\\\/\\\/testing.xplaye.com\\\/ikusi2\\\/mx\\\/wp-content\\\/uploads\\\/sites\\\/2\\\/2023\\\/04\\\/ikusi.svg\",\"width\":1,\"height\":1,\"caption\":\"Ikusi\"},\"image\":{\"@id\":\"https:\\\/\\\/testing.xplaye.com\\\/ikusi2\\\/mx\\\/#\\\/schema\\\/logo\\\/image\\\/\"},\"sameAs\":[\"https:\\\/\\\/www.facebook.com\\\/ikusilatam\",\"https:\\\/\\\/x.com\\\/ikusilatam\",\"https:\\\/\\\/www.linkedin.com\\\/company\\\/ikusilatam\\\/\",\"https:\\\/\\\/www.youtube.com\\\/channel\\\/UC7QvmB90i9qYgmF3P7iUGhQ\",\"https:\\\/\\\/www.instagram.com\\\/ikusilatam\\\/\"]},{\"@type\":\"Person\",\"@id\":\"https:\\\/\\\/testing.xplaye.com\\\/ikusi2\\\/mx\\\/#\\\/schema\\\/person\\\/bcd06b0e7689b90689815d0b78a2bc2d\",\"name\":\"Ikusi\",\"image\":{\"@type\":\"ImageObject\",\"inLanguage\":\"es\",\"@id\":\"https:\\\/\\\/secure.gravatar.com\\\/avatar\\\/962736704ad33e8f2d1fd7afc591ab0f78027bd65a33c2312c6d1ef90a4b2e77?s=96&d=mm&r=g\",\"url\":\"https:\\\/\\\/secure.gravatar.com\\\/avatar\\\/962736704ad33e8f2d1fd7afc591ab0f78027bd65a33c2312c6d1ef90a4b2e77?s=96&d=mm&r=g\",\"contentUrl\":\"https:\\\/\\\/secure.gravatar.com\\\/avatar\\\/962736704ad33e8f2d1fd7afc591ab0f78027bd65a33c2312c6d1ef90a4b2e77?s=96&d=mm&r=g\",\"caption\":\"Ikusi\"},\"url\":\"https:\\\/\\\/testing.xplaye.com\\\/ikusi2\\\/mx\\\/author\\\/ikusi\\\/\"}]}<\/script>\n<!-- \/ Yoast SEO plugin. -->","yoast_head_json":{"title":"En entrevista, Gustavo Valdez y el valor a\u00f1adido de Ikusi Latam - Ikusi","description":"Gustavo Valdez, Director General de Ikusi Redes nos explica c\u00f3mo en Ikusi hemos impulsado la creaci\u00f3n de servicios y soluciones de Redes.","robots":{"index":"index","follow":"follow","max-snippet":"max-snippet:-1","max-image-preview":"max-image-preview:large","max-video-preview":"max-video-preview:-1"},"canonical":"https:\/\/testing.xplaye.com\/ikusi2\/mx\/blog\/en-entrevista-gustavo-valdez-y-el-valor-anadido-de-ikusi-latam\/","og_locale":"es_MX","og_type":"article","og_title":"En entrevista, Gustavo Valdez y el valor a\u00f1adido de Ikusi Latam - Ikusi","og_description":"Gustavo Valdez, Director General de Ikusi Redes nos explica c\u00f3mo en Ikusi hemos impulsado la creaci\u00f3n de servicios y soluciones de Redes.","og_url":"https:\/\/testing.xplaye.com\/ikusi2\/mx\/blog\/en-entrevista-gustavo-valdez-y-el-valor-anadido-de-ikusi-latam\/","og_site_name":"Ikusi MX","article_publisher":"https:\/\/www.facebook.com\/ikusilatam","article_published_time":"2018-10-10T11:07:00+00:00","article_modified_time":"2023-08-11T22:04:51+00:00","author":"Ikusi","twitter_card":"summary_large_image","twitter_creator":"@ikusilatam","twitter_site":"@ikusilatam","twitter_misc":{"Escrito por":"Ikusi","Tiempo de lectura":"1 minuto"},"schema":{"@context":"https:\/\/schema.org","@graph":[{"@type":"Article","@id":"https:\/\/testing.xplaye.com\/ikusi2\/mx\/blog\/en-entrevista-gustavo-valdez-y-el-valor-anadido-de-ikusi-latam\/#article","isPartOf":{"@id":"https:\/\/testing.xplaye.com\/ikusi2\/mx\/blog\/en-entrevista-gustavo-valdez-y-el-valor-anadido-de-ikusi-latam\/"},"author":{"name":"Ikusi","@id":"https:\/\/testing.xplaye.com\/ikusi2\/mx\/#\/schema\/person\/bcd06b0e7689b90689815d0b78a2bc2d"},"headline":"En entrevista, Gustavo Valdez y el valor a\u00f1adido de Ikusi Latam","datePublished":"2018-10-10T11:07:00+00:00","dateModified":"2023-08-11T22:04:51+00:00","mainEntityOfPage":{"@id":"https:\/\/testing.xplaye.com\/ikusi2\/mx\/blog\/en-entrevista-gustavo-valdez-y-el-valor-anadido-de-ikusi-latam\/"},"wordCount":126,"commentCount":0,"publisher":{"@id":"https:\/\/testing.xplaye.com\/ikusi2\/mx\/#organization"},"image":{"@id":"https:\/\/testing.xplaye.com\/ikusi2\/mx\/blog\/en-entrevista-gustavo-valdez-y-el-valor-anadido-de-ikusi-latam\/#primaryimage"},"thumbnailUrl":"https:\/\/testing.xplaye.com\/ikusi2\/mx\/wp-content\/uploads\/sites\/2\/2022\/06\/10oct2018_entrevistagustavo.jpg","keywords":["Ciberseguridad","Colaboraci\u00f3n","Nube"],"articleSection":["Aplicaci\u00f3n de soluciones","Corporativo"],"inLanguage":"es","potentialAction":[{"@type":"CommentAction","name":"Comment","target":["https:\/\/testing.xplaye.com\/ikusi2\/mx\/blog\/en-entrevista-gustavo-valdez-y-el-valor-anadido-de-ikusi-latam\/#respond"]}]},{"@type":"WebPage","@id":"https:\/\/testing.xplaye.com\/ikusi2\/mx\/blog\/en-entrevista-gustavo-valdez-y-el-valor-anadido-de-ikusi-latam\/","url":"https:\/\/testing.xplaye.com\/ikusi2\/mx\/blog\/en-entrevista-gustavo-valdez-y-el-valor-anadido-de-ikusi-latam\/","name":"En entrevista, Gustavo Valdez y el valor a\u00f1adido de Ikusi Latam - Ikusi","isPartOf":{"@id":"https:\/\/testing.xplaye.com\/ikusi2\/mx\/#website"},"primaryImageOfPage":{"@id":"https:\/\/testing.xplaye.com\/ikusi2\/mx\/blog\/en-entrevista-gustavo-valdez-y-el-valor-anadido-de-ikusi-latam\/#primaryimage"},"image":{"@id":"https:\/\/testing.xplaye.com\/ikusi2\/mx\/blog\/en-entrevista-gustavo-valdez-y-el-valor-anadido-de-ikusi-latam\/#primaryimage"},"thumbnailUrl":"https:\/\/testing.xplaye.com\/ikusi2\/mx\/wp-content\/uploads\/sites\/2\/2022\/06\/10oct2018_entrevistagustavo.jpg","datePublished":"2018-10-10T11:07:00+00:00","dateModified":"2023-08-11T22:04:51+00:00","description":"Gustavo Valdez, Director General de Ikusi Redes nos explica c\u00f3mo en Ikusi hemos impulsado la creaci\u00f3n de servicios y soluciones de Redes.","breadcrumb":{"@id":"https:\/\/testing.xplaye.com\/ikusi2\/mx\/blog\/en-entrevista-gustavo-valdez-y-el-valor-anadido-de-ikusi-latam\/#breadcrumb"},"inLanguage":"es","potentialAction":[{"@type":"ReadAction","target":["https:\/\/testing.xplaye.com\/ikusi2\/mx\/blog\/en-entrevista-gustavo-valdez-y-el-valor-anadido-de-ikusi-latam\/"]}]},{"@type":"ImageObject","inLanguage":"es","@id":"https:\/\/testing.xplaye.com\/ikusi2\/mx\/blog\/en-entrevista-gustavo-valdez-y-el-valor-anadido-de-ikusi-latam\/#primaryimage","url":"https:\/\/testing.xplaye.com\/ikusi2\/mx\/wp-content\/uploads\/sites\/2\/2022\/06\/10oct2018_entrevistagustavo.jpg","contentUrl":"https:\/\/testing.xplaye.com\/ikusi2\/mx\/wp-content\/uploads\/sites\/2\/2022\/06\/10oct2018_entrevistagustavo.jpg"},{"@type":"BreadcrumbList","@id":"https:\/\/testing.xplaye.com\/ikusi2\/mx\/blog\/en-entrevista-gustavo-valdez-y-el-valor-anadido-de-ikusi-latam\/#breadcrumb","itemListElement":[{"@type":"ListItem","position":1,"name":"Portada","item":"https:\/\/testing.xplaye.com\/ikusi2\/mx\/"},{"@type":"ListItem","position":2,"name":"En entrevista, Gustavo Valdez y el valor a\u00f1adido de Ikusi Latam"}]},{"@type":"WebSite","@id":"https:\/\/testing.xplaye.com\/ikusi2\/mx\/#website","url":"https:\/\/testing.xplaye.com\/ikusi2\/mx\/","name":"Ikusi","description":"","publisher":{"@id":"https:\/\/testing.xplaye.com\/ikusi2\/mx\/#organization"},"alternateName":"Ikusi","potentialAction":[{"@type":"SearchAction","target":{"@type":"EntryPoint","urlTemplate":"https:\/\/testing.xplaye.com\/ikusi2\/mx\/?s={search_term_string}"},"query-input":{"@type":"PropertyValueSpecification","valueRequired":true,"valueName":"search_term_string"}}],"inLanguage":"es"},{"@type":"Organization","@id":"https:\/\/testing.xplaye.com\/ikusi2\/mx\/#organization","name":"Ikusi","alternateName":"Ikusi","url":"https:\/\/testing.xplaye.com\/ikusi2\/mx\/","logo":{"@type":"ImageObject","inLanguage":"es","@id":"https:\/\/testing.xplaye.com\/ikusi2\/mx\/#\/schema\/logo\/image\/","url":"https:\/\/testing.xplaye.com\/ikusi2\/mx\/wp-content\/uploads\/sites\/2\/2023\/04\/ikusi.svg","contentUrl":"https:\/\/testing.xplaye.com\/ikusi2\/mx\/wp-content\/uploads\/sites\/2\/2023\/04\/ikusi.svg","width":1,"height":1,"caption":"Ikusi"},"image":{"@id":"https:\/\/testing.xplaye.com\/ikusi2\/mx\/#\/schema\/logo\/image\/"},"sameAs":["https:\/\/www.facebook.com\/ikusilatam","https:\/\/x.com\/ikusilatam","https:\/\/www.linkedin.com\/company\/ikusilatam\/","https:\/\/www.youtube.com\/channel\/UC7QvmB90i9qYgmF3P7iUGhQ","https:\/\/www.instagram.com\/ikusilatam\/"]},{"@type":"Person","@id":"https:\/\/testing.xplaye.com\/ikusi2\/mx\/#\/schema\/person\/bcd06b0e7689b90689815d0b78a2bc2d","name":"Ikusi","image":{"@type":"ImageObject","inLanguage":"es","@id":"https:\/\/secure.gravatar.com\/avatar\/962736704ad33e8f2d1fd7afc591ab0f78027bd65a33c2312c6d1ef90a4b2e77?s=96&d=mm&r=g","url":"https:\/\/secure.gravatar.com\/avatar\/962736704ad33e8f2d1fd7afc591ab0f78027bd65a33c2312c6d1ef90a4b2e77?s=96&d=mm&r=g","contentUrl":"https:\/\/secure.gravatar.com\/avatar\/962736704ad33e8f2d1fd7afc591ab0f78027bd65a33c2312c6d1ef90a4b2e77?s=96&d=mm&r=g","caption":"Ikusi"},"url":"https:\/\/testing.xplaye.com\/ikusi2\/mx\/author\/ikusi\/"}]}},"_links":{"self":[{"href":"https:\/\/testing.xplaye.com\/ikusi2\/mx\/wp-json\/wp\/v2\/posts\/4181","targetHints":{"allow":["GET"]}}],"collection":[{"href":"https:\/\/testing.xplaye.com\/ikusi2\/mx\/wp-json\/wp\/v2\/posts"}],"about":[{"href":"https:\/\/testing.xplaye.com\/ikusi2\/mx\/wp-json\/wp\/v2\/types\/post"}],"author":[{"embeddable":true,"href":"https:\/\/testing.xplaye.com\/ikusi2\/mx\/wp-json\/wp\/v2\/users\/2"}],"replies":[{"embeddable":true,"href":"https:\/\/testing.xplaye.com\/ikusi2\/mx\/wp-json\/wp\/v2\/comments?post=4181"}],"version-history":[{"count":1,"href":"https:\/\/testing.xplaye.com\/ikusi2\/mx\/wp-json\/wp\/v2\/posts\/4181\/revisions"}],"predecessor-version":[{"id":10558,"href":"https:\/\/testing.xplaye.com\/ikusi2\/mx\/wp-json\/wp\/v2\/posts\/4181\/revisions\/10558"}],"wp:featuredmedia":[{"embeddable":true,"href":"https:\/\/testing.xplaye.com\/ikusi2\/mx\/wp-json\/"}],"wp:attachment":[{"href":"https:\/\/testing.xplaye.com\/ikusi2\/mx\/wp-json\/wp\/v2\/media?parent=4181"}],"wp:term":[{"taxonomy":"category","embeddable":true,"href":"https:\/\/testing.xplaye.com\/ikusi2\/mx\/wp-json\/wp\/v2\/categories?post=4181"},{"taxonomy":"post_tag","embeddable":true,"href":"https:\/\/testing.xplaye.com\/ikusi2\/mx\/wp-json\/wp\/v2\/tags?post=4181"},{"taxonomy":"temas","embeddable":true,"href":"https:\/\/testing.xplaye.com\/ikusi2\/mx\/wp-json\/wp\/v2\/temas?post=4181"}],"curies":[{"name":"wp","href":"https:\/\/api.w.org\/{rel}","templated":true}]}}