{"id":4145,"date":"2019-04-25T10:47:36","date_gmt":"2019-04-25T10:47:36","guid":{"rendered":"https:\/\/testing.xplaye.com\/ikusi2\/adopcion-de-modelos-de-comunicacion-unificada-empresarial\/"},"modified":"2019-04-25T10:47:36","modified_gmt":"2019-04-25T10:47:36","slug":"adopcion-de-modelos-de-comunicacion-unificada-empresarial","status":"publish","type":"post","link":"https:\/\/testing.xplaye.com\/ikusi2\/mx\/blog\/adopcion-de-modelos-de-comunicacion-unificada-empresarial\/","title":{"rendered":"Adopci\u00f3n de modelos de Comunicaci\u00f3n Unificada empresarial"},"content":{"rendered":"<p>La comunicaci\u00f3n empresarial en los espacios de trabajo actuales exige la integraci\u00f3n y flexibilidad de <a href=\"https:\/\/testing.xplaye.com\/ikusi2\/mx\/blog\/las-herramientas-de-colaboracion-como-generador-del-proceso-creativo\/\" target=\"_blank\" rel=\"noopener\">herramientas de colaboraci\u00f3n<\/a>, es decir, contar con una soluci\u00f3n de Comunicaciones Unificadas que facilite el acceso a conferencias, archivos y fuentes de informaci\u00f3n, a la vez que reduzca costos, aumente la competitividad y potencialice la globalizaci\u00f3n.<\/p>\n<p>Existe una gran presi\u00f3n en los equipos de TI, ya que toda inversi\u00f3n en tecnolog\u00eda debe aportar valor, de lo contrario ser\u00e1 reemplazada u olvidada, por eso <strong>la adopci\u00f3n es fundamental<\/strong>. Los gestores de TI tienen que enfrentarse a numerosas dificultades en medio de esta revoluci\u00f3n del Cloud Computing, donde muchas veces se les considera m\u00e1s un impedimento en lugar de quienes lideren el proceso de innovaci\u00f3n.<\/p>\n<p>Dado que las <a href=\"https:\/\/testing.xplaye.com\/ikusi2\/mx\/servicios\/cloud-collaboration-basic\/\" target=\"_blank\" rel=\"noopener\">Comunicaciones Unificadas<\/a> concentran voz, video, mensajer\u00eda, conferencias y colaboraci\u00f3n web, todo en tiempo real, \u00bfc\u00f3mo hacen las empresas para tomar decisiones eficaces sobre el valor empresarial, de modo que sepan d\u00f3nde, cu\u00e1ndo y cu\u00e1nto invertir e implementar? No se trata solo de adopci\u00f3n de soluciones puntuales de Comunicaciones Unificadas, se trata del \u00e9xito del cliente. Debemos estar comprometidos a que nuestros clientes obtendr\u00e1n los beneficios financieros, experienciales y de transformaci\u00f3n en el que invirtieron por nuestras soluciones digitales.<\/p>\n<p>Los clientes demandan resultados exitosos de sus inversiones y la adopci\u00f3n acelera la percepci\u00f3n de valor que se recibe de las soluciones de Comunicaci\u00f3n Unificada cuando se utilizan todas las capacidades y el conjunto de funciones de los productos y servicios. <strong>Los clientes de hoy est\u00e1n menos enfocados en las caracter\u00edsticas del producto y m\u00e1s en c\u00f3mo la tecnolog\u00eda los llevar\u00e1 a mejores resultados comerciales.<\/strong><\/p>\n<p>Ikusi acompa\u00f1a en todo este camino de adopci\u00f3n a nuestros clientes para encontrar los beneficios enfocados a indicadores de negocios como pueden ser: reducci\u00f3n de costos, aumento de productividad, manejo del riesgo, satisfacci\u00f3n de empleados, entre otros. El \u00e1rea de \u00e9xito del cliente de Ikusi y las pr\u00e1cticas de adopci\u00f3n permitir\u00e1n maximizar la inversi\u00f3n del servicio ofrecido.<\/p>\n","protected":false},"excerpt":{"rendered":"<p>La comunicaci\u00f3n empresarial en los espacios de trabajo actuales exige la integraci\u00f3n y flexibilidad de herramientas de colaboraci\u00f3n.<\/p>\n","protected":false},"author":2,"featured_media":4146,"comment_status":"open","ping_status":"open","sticky":false,"template":"","format":"standard","meta":{"_acf_changed":false,"footnotes":""},"categories":[76],"tags":[85],"temas":[],"class_list":["post-4145","post","type-post","status-publish","format-standard","has-post-thumbnail","hentry","category-aplicacion-soluciones-mx","tag-ucaas"],"acf":[],"yoast_head":"<!-- This site is optimized with the Yoast SEO plugin v27.4 - https:\/\/yoast.com\/product\/yoast-seo-wordpress\/ -->\n<title>Adopci\u00f3n de modelos de Comunicaci\u00f3n Unificada empresarial - Ikusi<\/title>\n<meta name=\"description\" content=\"La comunicaci\u00f3n empresarial en los espacios de trabajo actuales exige la integraci\u00f3n y flexibilidad de herramientas de colaboraci\u00f3n.\" \/>\n<meta name=\"robots\" content=\"index, follow, max-snippet:-1, max-image-preview:large, max-video-preview:-1\" \/>\n<link rel=\"canonical\" href=\"https:\/\/testing.xplaye.com\/ikusi2\/mx\/blog\/adopcion-de-modelos-de-comunicacion-unificada-empresarial\/\" \/>\n<meta property=\"og:locale\" content=\"es_MX\" \/>\n<meta property=\"og:type\" content=\"article\" \/>\n<meta property=\"og:title\" content=\"Adopci\u00f3n de modelos de Comunicaci\u00f3n Unificada empresarial - Ikusi\" \/>\n<meta property=\"og:description\" content=\"La comunicaci\u00f3n empresarial en los espacios de trabajo actuales exige la integraci\u00f3n y flexibilidad de herramientas de colaboraci\u00f3n.\" \/>\n<meta property=\"og:url\" content=\"https:\/\/testing.xplaye.com\/ikusi2\/mx\/blog\/adopcion-de-modelos-de-comunicacion-unificada-empresarial\/\" \/>\n<meta property=\"og:site_name\" content=\"Ikusi MX\" \/>\n<meta property=\"article:publisher\" content=\"https:\/\/www.facebook.com\/ikusilatam\" \/>\n<meta property=\"article:published_time\" content=\"2019-04-25T10:47:36+00:00\" \/>\n<meta name=\"author\" content=\"Ikusi\" \/>\n<meta name=\"twitter:card\" content=\"summary_large_image\" \/>\n<meta name=\"twitter:creator\" content=\"@ikusilatam\" \/>\n<meta name=\"twitter:site\" content=\"@ikusilatam\" \/>\n<meta name=\"twitter:label1\" content=\"Escrito por\" \/>\n\t<meta name=\"twitter:data1\" content=\"Ikusi\" \/>\n\t<meta name=\"twitter:label2\" content=\"Tiempo de lectura\" \/>\n\t<meta name=\"twitter:data2\" content=\"2 minutos\" \/>\n<script type=\"application\/ld+json\" class=\"yoast-schema-graph\">{\"@context\":\"https:\\\/\\\/schema.org\",\"@graph\":[{\"@type\":\"Article\",\"@id\":\"https:\\\/\\\/testing.xplaye.com\\\/ikusi2\\\/mx\\\/blog\\\/adopcion-de-modelos-de-comunicacion-unificada-empresarial\\\/#article\",\"isPartOf\":{\"@id\":\"https:\\\/\\\/testing.xplaye.com\\\/ikusi2\\\/mx\\\/blog\\\/adopcion-de-modelos-de-comunicacion-unificada-empresarial\\\/\"},\"author\":{\"name\":\"Ikusi\",\"@id\":\"https:\\\/\\\/testing.xplaye.com\\\/ikusi2\\\/mx\\\/#\\\/schema\\\/person\\\/bcd06b0e7689b90689815d0b78a2bc2d\"},\"headline\":\"Adopci\u00f3n de modelos de Comunicaci\u00f3n Unificada empresarial\",\"datePublished\":\"2019-04-25T10:47:36+00:00\",\"mainEntityOfPage\":{\"@id\":\"https:\\\/\\\/testing.xplaye.com\\\/ikusi2\\\/mx\\\/blog\\\/adopcion-de-modelos-de-comunicacion-unificada-empresarial\\\/\"},\"wordCount\":368,\"commentCount\":0,\"publisher\":{\"@id\":\"https:\\\/\\\/testing.xplaye.com\\\/ikusi2\\\/mx\\\/#organization\"},\"image\":{\"@id\":\"https:\\\/\\\/testing.xplaye.com\\\/ikusi2\\\/mx\\\/blog\\\/adopcion-de-modelos-de-comunicacion-unificada-empresarial\\\/#primaryimage\"},\"thumbnailUrl\":\"https:\\\/\\\/testing.xplaye.com\\\/ikusi2\\\/mx\\\/wp-content\\\/uploads\\\/sites\\\/2\\\/2022\\\/06\\\/img.jpg\",\"keywords\":[\"UCaaS\"],\"articleSection\":[\"Aplicaci\u00f3n de soluciones\"],\"inLanguage\":\"es\",\"potentialAction\":[{\"@type\":\"CommentAction\",\"name\":\"Comment\",\"target\":[\"https:\\\/\\\/testing.xplaye.com\\\/ikusi2\\\/mx\\\/blog\\\/adopcion-de-modelos-de-comunicacion-unificada-empresarial\\\/#respond\"]}]},{\"@type\":\"WebPage\",\"@id\":\"https:\\\/\\\/testing.xplaye.com\\\/ikusi2\\\/mx\\\/blog\\\/adopcion-de-modelos-de-comunicacion-unificada-empresarial\\\/\",\"url\":\"https:\\\/\\\/testing.xplaye.com\\\/ikusi2\\\/mx\\\/blog\\\/adopcion-de-modelos-de-comunicacion-unificada-empresarial\\\/\",\"name\":\"Adopci\u00f3n de modelos de Comunicaci\u00f3n Unificada empresarial - Ikusi\",\"isPartOf\":{\"@id\":\"https:\\\/\\\/testing.xplaye.com\\\/ikusi2\\\/mx\\\/#website\"},\"primaryImageOfPage\":{\"@id\":\"https:\\\/\\\/testing.xplaye.com\\\/ikusi2\\\/mx\\\/blog\\\/adopcion-de-modelos-de-comunicacion-unificada-empresarial\\\/#primaryimage\"},\"image\":{\"@id\":\"https:\\\/\\\/testing.xplaye.com\\\/ikusi2\\\/mx\\\/blog\\\/adopcion-de-modelos-de-comunicacion-unificada-empresarial\\\/#primaryimage\"},\"thumbnailUrl\":\"https:\\\/\\\/testing.xplaye.com\\\/ikusi2\\\/mx\\\/wp-content\\\/uploads\\\/sites\\\/2\\\/2022\\\/06\\\/img.jpg\",\"datePublished\":\"2019-04-25T10:47:36+00:00\",\"description\":\"La comunicaci\u00f3n empresarial en los espacios de trabajo actuales exige la integraci\u00f3n y flexibilidad de herramientas de colaboraci\u00f3n.\",\"breadcrumb\":{\"@id\":\"https:\\\/\\\/testing.xplaye.com\\\/ikusi2\\\/mx\\\/blog\\\/adopcion-de-modelos-de-comunicacion-unificada-empresarial\\\/#breadcrumb\"},\"inLanguage\":\"es\",\"potentialAction\":[{\"@type\":\"ReadAction\",\"target\":[\"https:\\\/\\\/testing.xplaye.com\\\/ikusi2\\\/mx\\\/blog\\\/adopcion-de-modelos-de-comunicacion-unificada-empresarial\\\/\"]}]},{\"@type\":\"ImageObject\",\"inLanguage\":\"es\",\"@id\":\"https:\\\/\\\/testing.xplaye.com\\\/ikusi2\\\/mx\\\/blog\\\/adopcion-de-modelos-de-comunicacion-unificada-empresarial\\\/#primaryimage\",\"url\":\"https:\\\/\\\/testing.xplaye.com\\\/ikusi2\\\/mx\\\/wp-content\\\/uploads\\\/sites\\\/2\\\/2022\\\/06\\\/img.jpg\",\"contentUrl\":\"https:\\\/\\\/testing.xplaye.com\\\/ikusi2\\\/mx\\\/wp-content\\\/uploads\\\/sites\\\/2\\\/2022\\\/06\\\/img.jpg\"},{\"@type\":\"BreadcrumbList\",\"@id\":\"https:\\\/\\\/testing.xplaye.com\\\/ikusi2\\\/mx\\\/blog\\\/adopcion-de-modelos-de-comunicacion-unificada-empresarial\\\/#breadcrumb\",\"itemListElement\":[{\"@type\":\"ListItem\",\"position\":1,\"name\":\"Portada\",\"item\":\"https:\\\/\\\/testing.xplaye.com\\\/ikusi2\\\/mx\\\/\"},{\"@type\":\"ListItem\",\"position\":2,\"name\":\"Adopci\u00f3n de modelos de Comunicaci\u00f3n Unificada empresarial\"}]},{\"@type\":\"WebSite\",\"@id\":\"https:\\\/\\\/testing.xplaye.com\\\/ikusi2\\\/mx\\\/#website\",\"url\":\"https:\\\/\\\/testing.xplaye.com\\\/ikusi2\\\/mx\\\/\",\"name\":\"Ikusi\",\"description\":\"\",\"publisher\":{\"@id\":\"https:\\\/\\\/testing.xplaye.com\\\/ikusi2\\\/mx\\\/#organization\"},\"alternateName\":\"Ikusi\",\"potentialAction\":[{\"@type\":\"SearchAction\",\"target\":{\"@type\":\"EntryPoint\",\"urlTemplate\":\"https:\\\/\\\/testing.xplaye.com\\\/ikusi2\\\/mx\\\/?s={search_term_string}\"},\"query-input\":{\"@type\":\"PropertyValueSpecification\",\"valueRequired\":true,\"valueName\":\"search_term_string\"}}],\"inLanguage\":\"es\"},{\"@type\":\"Organization\",\"@id\":\"https:\\\/\\\/testing.xplaye.com\\\/ikusi2\\\/mx\\\/#organization\",\"name\":\"Ikusi\",\"alternateName\":\"Ikusi\",\"url\":\"https:\\\/\\\/testing.xplaye.com\\\/ikusi2\\\/mx\\\/\",\"logo\":{\"@type\":\"ImageObject\",\"inLanguage\":\"es\",\"@id\":\"https:\\\/\\\/testing.xplaye.com\\\/ikusi2\\\/mx\\\/#\\\/schema\\\/logo\\\/image\\\/\",\"url\":\"https:\\\/\\\/testing.xplaye.com\\\/ikusi2\\\/mx\\\/wp-content\\\/uploads\\\/sites\\\/2\\\/2023\\\/04\\\/ikusi.svg\",\"contentUrl\":\"https:\\\/\\\/testing.xplaye.com\\\/ikusi2\\\/mx\\\/wp-content\\\/uploads\\\/sites\\\/2\\\/2023\\\/04\\\/ikusi.svg\",\"width\":1,\"height\":1,\"caption\":\"Ikusi\"},\"image\":{\"@id\":\"https:\\\/\\\/testing.xplaye.com\\\/ikusi2\\\/mx\\\/#\\\/schema\\\/logo\\\/image\\\/\"},\"sameAs\":[\"https:\\\/\\\/www.facebook.com\\\/ikusilatam\",\"https:\\\/\\\/x.com\\\/ikusilatam\",\"https:\\\/\\\/www.linkedin.com\\\/company\\\/ikusilatam\\\/\",\"https:\\\/\\\/www.youtube.com\\\/channel\\\/UC7QvmB90i9qYgmF3P7iUGhQ\",\"https:\\\/\\\/www.instagram.com\\\/ikusilatam\\\/\"]},{\"@type\":\"Person\",\"@id\":\"https:\\\/\\\/testing.xplaye.com\\\/ikusi2\\\/mx\\\/#\\\/schema\\\/person\\\/bcd06b0e7689b90689815d0b78a2bc2d\",\"name\":\"Ikusi\",\"image\":{\"@type\":\"ImageObject\",\"inLanguage\":\"es\",\"@id\":\"https:\\\/\\\/secure.gravatar.com\\\/avatar\\\/962736704ad33e8f2d1fd7afc591ab0f78027bd65a33c2312c6d1ef90a4b2e77?s=96&d=mm&r=g\",\"url\":\"https:\\\/\\\/secure.gravatar.com\\\/avatar\\\/962736704ad33e8f2d1fd7afc591ab0f78027bd65a33c2312c6d1ef90a4b2e77?s=96&d=mm&r=g\",\"contentUrl\":\"https:\\\/\\\/secure.gravatar.com\\\/avatar\\\/962736704ad33e8f2d1fd7afc591ab0f78027bd65a33c2312c6d1ef90a4b2e77?s=96&d=mm&r=g\",\"caption\":\"Ikusi\"},\"url\":\"https:\\\/\\\/testing.xplaye.com\\\/ikusi2\\\/mx\\\/author\\\/ikusi\\\/\"}]}<\/script>\n<!-- \/ Yoast SEO plugin. -->","yoast_head_json":{"title":"Adopci\u00f3n de modelos de Comunicaci\u00f3n Unificada empresarial - Ikusi","description":"La comunicaci\u00f3n empresarial en los espacios de trabajo actuales exige la integraci\u00f3n y flexibilidad de herramientas de colaboraci\u00f3n.","robots":{"index":"index","follow":"follow","max-snippet":"max-snippet:-1","max-image-preview":"max-image-preview:large","max-video-preview":"max-video-preview:-1"},"canonical":"https:\/\/testing.xplaye.com\/ikusi2\/mx\/blog\/adopcion-de-modelos-de-comunicacion-unificada-empresarial\/","og_locale":"es_MX","og_type":"article","og_title":"Adopci\u00f3n de modelos de Comunicaci\u00f3n Unificada empresarial - Ikusi","og_description":"La comunicaci\u00f3n empresarial en los espacios de trabajo actuales exige la integraci\u00f3n y flexibilidad de herramientas de colaboraci\u00f3n.","og_url":"https:\/\/testing.xplaye.com\/ikusi2\/mx\/blog\/adopcion-de-modelos-de-comunicacion-unificada-empresarial\/","og_site_name":"Ikusi MX","article_publisher":"https:\/\/www.facebook.com\/ikusilatam","article_published_time":"2019-04-25T10:47:36+00:00","author":"Ikusi","twitter_card":"summary_large_image","twitter_creator":"@ikusilatam","twitter_site":"@ikusilatam","twitter_misc":{"Escrito por":"Ikusi","Tiempo de lectura":"2 minutos"},"schema":{"@context":"https:\/\/schema.org","@graph":[{"@type":"Article","@id":"https:\/\/testing.xplaye.com\/ikusi2\/mx\/blog\/adopcion-de-modelos-de-comunicacion-unificada-empresarial\/#article","isPartOf":{"@id":"https:\/\/testing.xplaye.com\/ikusi2\/mx\/blog\/adopcion-de-modelos-de-comunicacion-unificada-empresarial\/"},"author":{"name":"Ikusi","@id":"https:\/\/testing.xplaye.com\/ikusi2\/mx\/#\/schema\/person\/bcd06b0e7689b90689815d0b78a2bc2d"},"headline":"Adopci\u00f3n de modelos de Comunicaci\u00f3n Unificada empresarial","datePublished":"2019-04-25T10:47:36+00:00","mainEntityOfPage":{"@id":"https:\/\/testing.xplaye.com\/ikusi2\/mx\/blog\/adopcion-de-modelos-de-comunicacion-unificada-empresarial\/"},"wordCount":368,"commentCount":0,"publisher":{"@id":"https:\/\/testing.xplaye.com\/ikusi2\/mx\/#organization"},"image":{"@id":"https:\/\/testing.xplaye.com\/ikusi2\/mx\/blog\/adopcion-de-modelos-de-comunicacion-unificada-empresarial\/#primaryimage"},"thumbnailUrl":"https:\/\/testing.xplaye.com\/ikusi2\/mx\/wp-content\/uploads\/sites\/2\/2022\/06\/img.jpg","keywords":["UCaaS"],"articleSection":["Aplicaci\u00f3n de soluciones"],"inLanguage":"es","potentialAction":[{"@type":"CommentAction","name":"Comment","target":["https:\/\/testing.xplaye.com\/ikusi2\/mx\/blog\/adopcion-de-modelos-de-comunicacion-unificada-empresarial\/#respond"]}]},{"@type":"WebPage","@id":"https:\/\/testing.xplaye.com\/ikusi2\/mx\/blog\/adopcion-de-modelos-de-comunicacion-unificada-empresarial\/","url":"https:\/\/testing.xplaye.com\/ikusi2\/mx\/blog\/adopcion-de-modelos-de-comunicacion-unificada-empresarial\/","name":"Adopci\u00f3n de modelos de Comunicaci\u00f3n Unificada empresarial - Ikusi","isPartOf":{"@id":"https:\/\/testing.xplaye.com\/ikusi2\/mx\/#website"},"primaryImageOfPage":{"@id":"https:\/\/testing.xplaye.com\/ikusi2\/mx\/blog\/adopcion-de-modelos-de-comunicacion-unificada-empresarial\/#primaryimage"},"image":{"@id":"https:\/\/testing.xplaye.com\/ikusi2\/mx\/blog\/adopcion-de-modelos-de-comunicacion-unificada-empresarial\/#primaryimage"},"thumbnailUrl":"https:\/\/testing.xplaye.com\/ikusi2\/mx\/wp-content\/uploads\/sites\/2\/2022\/06\/img.jpg","datePublished":"2019-04-25T10:47:36+00:00","description":"La comunicaci\u00f3n empresarial en los espacios de trabajo actuales exige la integraci\u00f3n y flexibilidad de herramientas de colaboraci\u00f3n.","breadcrumb":{"@id":"https:\/\/testing.xplaye.com\/ikusi2\/mx\/blog\/adopcion-de-modelos-de-comunicacion-unificada-empresarial\/#breadcrumb"},"inLanguage":"es","potentialAction":[{"@type":"ReadAction","target":["https:\/\/testing.xplaye.com\/ikusi2\/mx\/blog\/adopcion-de-modelos-de-comunicacion-unificada-empresarial\/"]}]},{"@type":"ImageObject","inLanguage":"es","@id":"https:\/\/testing.xplaye.com\/ikusi2\/mx\/blog\/adopcion-de-modelos-de-comunicacion-unificada-empresarial\/#primaryimage","url":"https:\/\/testing.xplaye.com\/ikusi2\/mx\/wp-content\/uploads\/sites\/2\/2022\/06\/img.jpg","contentUrl":"https:\/\/testing.xplaye.com\/ikusi2\/mx\/wp-content\/uploads\/sites\/2\/2022\/06\/img.jpg"},{"@type":"BreadcrumbList","@id":"https:\/\/testing.xplaye.com\/ikusi2\/mx\/blog\/adopcion-de-modelos-de-comunicacion-unificada-empresarial\/#breadcrumb","itemListElement":[{"@type":"ListItem","position":1,"name":"Portada","item":"https:\/\/testing.xplaye.com\/ikusi2\/mx\/"},{"@type":"ListItem","position":2,"name":"Adopci\u00f3n de modelos de Comunicaci\u00f3n Unificada empresarial"}]},{"@type":"WebSite","@id":"https:\/\/testing.xplaye.com\/ikusi2\/mx\/#website","url":"https:\/\/testing.xplaye.com\/ikusi2\/mx\/","name":"Ikusi","description":"","publisher":{"@id":"https:\/\/testing.xplaye.com\/ikusi2\/mx\/#organization"},"alternateName":"Ikusi","potentialAction":[{"@type":"SearchAction","target":{"@type":"EntryPoint","urlTemplate":"https:\/\/testing.xplaye.com\/ikusi2\/mx\/?s={search_term_string}"},"query-input":{"@type":"PropertyValueSpecification","valueRequired":true,"valueName":"search_term_string"}}],"inLanguage":"es"},{"@type":"Organization","@id":"https:\/\/testing.xplaye.com\/ikusi2\/mx\/#organization","name":"Ikusi","alternateName":"Ikusi","url":"https:\/\/testing.xplaye.com\/ikusi2\/mx\/","logo":{"@type":"ImageObject","inLanguage":"es","@id":"https:\/\/testing.xplaye.com\/ikusi2\/mx\/#\/schema\/logo\/image\/","url":"https:\/\/testing.xplaye.com\/ikusi2\/mx\/wp-content\/uploads\/sites\/2\/2023\/04\/ikusi.svg","contentUrl":"https:\/\/testing.xplaye.com\/ikusi2\/mx\/wp-content\/uploads\/sites\/2\/2023\/04\/ikusi.svg","width":1,"height":1,"caption":"Ikusi"},"image":{"@id":"https:\/\/testing.xplaye.com\/ikusi2\/mx\/#\/schema\/logo\/image\/"},"sameAs":["https:\/\/www.facebook.com\/ikusilatam","https:\/\/x.com\/ikusilatam","https:\/\/www.linkedin.com\/company\/ikusilatam\/","https:\/\/www.youtube.com\/channel\/UC7QvmB90i9qYgmF3P7iUGhQ","https:\/\/www.instagram.com\/ikusilatam\/"]},{"@type":"Person","@id":"https:\/\/testing.xplaye.com\/ikusi2\/mx\/#\/schema\/person\/bcd06b0e7689b90689815d0b78a2bc2d","name":"Ikusi","image":{"@type":"ImageObject","inLanguage":"es","@id":"https:\/\/secure.gravatar.com\/avatar\/962736704ad33e8f2d1fd7afc591ab0f78027bd65a33c2312c6d1ef90a4b2e77?s=96&d=mm&r=g","url":"https:\/\/secure.gravatar.com\/avatar\/962736704ad33e8f2d1fd7afc591ab0f78027bd65a33c2312c6d1ef90a4b2e77?s=96&d=mm&r=g","contentUrl":"https:\/\/secure.gravatar.com\/avatar\/962736704ad33e8f2d1fd7afc591ab0f78027bd65a33c2312c6d1ef90a4b2e77?s=96&d=mm&r=g","caption":"Ikusi"},"url":"https:\/\/testing.xplaye.com\/ikusi2\/mx\/author\/ikusi\/"}]}},"_links":{"self":[{"href":"https:\/\/testing.xplaye.com\/ikusi2\/mx\/wp-json\/wp\/v2\/posts\/4145","targetHints":{"allow":["GET"]}}],"collection":[{"href":"https:\/\/testing.xplaye.com\/ikusi2\/mx\/wp-json\/wp\/v2\/posts"}],"about":[{"href":"https:\/\/testing.xplaye.com\/ikusi2\/mx\/wp-json\/wp\/v2\/types\/post"}],"author":[{"embeddable":true,"href":"https:\/\/testing.xplaye.com\/ikusi2\/mx\/wp-json\/wp\/v2\/users\/2"}],"replies":[{"embeddable":true,"href":"https:\/\/testing.xplaye.com\/ikusi2\/mx\/wp-json\/wp\/v2\/comments?post=4145"}],"version-history":[{"count":0,"href":"https:\/\/testing.xplaye.com\/ikusi2\/mx\/wp-json\/wp\/v2\/posts\/4145\/revisions"}],"wp:featuredmedia":[{"embeddable":true,"href":"https:\/\/testing.xplaye.com\/ikusi2\/mx\/wp-json\/"}],"wp:attachment":[{"href":"https:\/\/testing.xplaye.com\/ikusi2\/mx\/wp-json\/wp\/v2\/media?parent=4145"}],"wp:term":[{"taxonomy":"category","embeddable":true,"href":"https:\/\/testing.xplaye.com\/ikusi2\/mx\/wp-json\/wp\/v2\/categories?post=4145"},{"taxonomy":"post_tag","embeddable":true,"href":"https:\/\/testing.xplaye.com\/ikusi2\/mx\/wp-json\/wp\/v2\/tags?post=4145"},{"taxonomy":"temas","embeddable":true,"href":"https:\/\/testing.xplaye.com\/ikusi2\/mx\/wp-json\/wp\/v2\/temas?post=4145"}],"curies":[{"name":"wp","href":"https:\/\/api.w.org\/{rel}","templated":true}]}}