{"id":11530,"date":"2024-03-12T11:52:25","date_gmt":"2024-03-12T17:52:25","guid":{"rendered":"https:\/\/testing.xplaye.com\/ikusi2\/mx\/?p=11530"},"modified":"2024-04-09T10:22:50","modified_gmt":"2024-04-09T16:22:50","slug":"entrevista-a-mauricio-martinez-gerente-preventa-en-ikusi-colombia","status":"publish","type":"post","link":"https:\/\/testing.xplaye.com\/ikusi2\/mx\/blog\/entrevista-a-mauricio-martinez-gerente-preventa-en-ikusi-colombia\/","title":{"rendered":"Entrevista a Mauricio Mart\u00ednez, Gerente Preventa en Ikusi Colombia"},"content":{"rendered":"\n<p>Ha formado parte de Ikusi en dos ocasiones. La primera vez como Ingeniero Preventa. A esta etapa sigui\u00f3 su paso por otra empresa del sector tecnol\u00f3gico y en enero de 2023, tras una llamada de C\u00e9sar Villamil, que ya era Director General de Ikusi Colombia, regresa a Ikusi como Gerente Preventa. Un retorno a los or\u00edgenes del que se siente muy satisfecho. Afirma que ha sido muy enriquecedor y que le ha permitido trasferir todo el conocimiento y experiencia adquirida en su carrera en el plano operativo, de preventa y de liderazgo a su nuevo cargo.<\/p>\n\n\n\n<p>Como todo buen medellinense, est\u00e1 encantado de tener su base de operaciones en Medell\u00edn, aunque, como Gerente Preventa de toda Colombia, viaja constantemente a Bogot\u00e1.<\/p>\n\n\n\n<h3 class=\"wp-block-heading\">Ikusi es un actor pr\u00e1cticamente reci\u00e9n llegado a Medell\u00edn. \u00bfCon qu\u00e9 propuesta est\u00e1 abordando este mercado?<\/h3>\n\n\n\n<p>Es cierto que, si hablamos de tiempo, hemos desembarcado hace poco en Medell\u00edn. Pero la ventaja de Ikusi es que no part\u00eda de cero. Muy al contrario. Sumado a la apuesta de una nueva incorporaci\u00f3n comercial del profesionalimo y experiencia de Erica Trivi\u00f1o, hemos desde la preventa trasladado a Medell\u00edn toda la experiencia y el conocimiento especializado que se ha acumulado en la capital del pa\u00eds. Y no es poco. Hace a\u00f1os que trabajamos con empresas referentes del pa\u00eds, especialmente del sector financiero y esa experiencia, que el mercado reconoce, nos ha abierto las puertas de las empresas en Medell\u00edn.<\/p>\n\n\n\n<p>As\u00ed que hoy Ikusi est\u00e1 presente en los dos principales centros econ\u00f3micos de Colombia y, desde el punto de vista cualitativo, dir\u00eda que s\u00f3lidamente implantado.<\/p>\n\n\n\n<h3 class=\"wp-block-heading\">\u00bfPodemos hablar de resultados concretos?<\/h3>\n\n\n\n<p>Lo cierto es que en un a\u00f1o hemos logrado consolidarnos en Medell\u00edn. Ahora contamos con contrataciones en importantes cuentas de la ciudad que pertenecen al sector financiero, educativo, industria y transporte. Ha sido dif\u00edcil, pero lo hemos conseguido. Como dec\u00eda, no part\u00edamos de cero. Los clientes de Medell\u00edn buscaban referencias de Ikusi en Bogot\u00e1 y verificaban que Ikusi era un aliado de confianza.<\/p>\n\n\n\n<p>Nuestra estrategia ahora es capturar cuentas en retail, salud y el sector energ\u00e9tico, y por supuesto continuar creciendo en las cuentas en las que ya estamos presentes para seguir consolid\u00e1ndonos.<\/p>\n\n\n\n<h3 class=\"wp-block-heading\">\u00bfQu\u00e9 ha valorado el cliente de Medell\u00edn a la hora de confiar en Ikusi?<\/h3>\n\n\n\n<p>Lo que ocurre en Medell\u00edn es extrapolable a Colombia en su conjunto. La diferencia radica en lo que nosotros llamamos el valor diferencial del servicio Ikusi. Me explico. Somos especialistas en servicios de infraestructura tecnol\u00f3gica de telecomunicaciones y ciberseguridad. Colaboramos con diferentes fabricantes, en Colombia principalmente con Cisco. Nuestra labor es traducir ese conocimiento tecnol\u00f3gico a proyectos de servicios, en los que ponemos el \u00e9nfasis en la \u2018capa\u2019 consultiva que aporta Ikusi.<\/p>\n\n\n\n<p>Nos sumergimos en el cliente para conocerlo en profundidad, para saber qu\u00e9 necesita su negocio, porqu\u00e9 lo necesita, para aportar una propuesta de soluciones y servicios que impulse el crecimiento de su negocio. Es un planteamiento que va m\u00e1s all\u00e1 de la tecnolog\u00eda que se seleccione para dise\u00f1ar determinada soluci\u00f3n.<\/p>\n\n\n\n<p>Con este abordaje hemos desembarcado en Medell\u00edn y los resultados han sido francamente buenos.<\/p>\n\n\n\n<h3 class=\"wp-block-heading\">\u00bfC\u00f3mo se desarrolla est\u00e1 relaci\u00f3n que va m\u00e1s all\u00e1 de la de cliente proveedor?<\/h3>\n\n\n\n<p>Nosotros entendemos que toda la organizaci\u00f3n se tiene que volcar en la satisfacci\u00f3n del cliente. A nivel del objetivo de contrataci\u00f3n, las puntas de lanza son las \u00e1reas de preventa y comercial. Luego llegan las \u00e1reas de delivery, oficina de proyectos y finalmente la oficina de servicios. Pero nuestro objetivo es que el ciclo no se cierre ah\u00ed, sino que todo ese conocimiento del cliente y experiencia de trabajo desde la operaci\u00f3n, retroalimente al \u00e1rea de preventa, logrando profundizar en nuevas necesidades y retos tecnol\u00f3gicos que el cliente puede estar experimentando en su negocio. Es lo que solemos llamar el c\u00edrculo virtuoso del servicio Ikusi que nos lleva a lograr renovar la confianza del cliente y por lo tanto la recurrencia del servicio. Nuestro objetivo es permanecer en el cliente.<\/p>\n\n\n\n<p>Y en ese prop\u00f3sito quiero hacer hincapi\u00e9 en las otras \u00e1reas de Ikusi sin las que ser\u00eda imposible conseguir nuestros prop\u00f3sitos. Capital humano, que trabaja constantemente para retener y atraer el talento. Financiera, siempre pendiente de encontrar las f\u00f3rmulas adecuadas para que los proyectos con nuestros clientes se hagan realidad. Y mercadeo y su capacidad para posicionar Ikusi y su oferta diferencial.<\/p>\n\n\n\n<p>La uni\u00f3n y el trabajo en equipo son los ingredientes secretos que est\u00e1n detr\u00e1s de la confianza que somos capaces de generar en los clientes. Todas y cada una de las personas que trabajamos en Ikusi, ya sea en la ciudad de Medell\u00edn o en nuestra capital Bogot\u00e1, tenemos la misma vocaci\u00f3n: satisfacer las necesidades del cliente y proporcionarle las soluciones y servicios de valor para apoyarlo en el crecimiento de su negocio.<\/p>\n","protected":false},"excerpt":{"rendered":"<p>Mauricio Mart\u00ednez de Ikusi Colombia, regresa como Gerente Preventa. Un retorno a los or\u00edgenes del que se siente muy satisfecho.<\/p>\n","protected":false},"author":1,"featured_media":13972,"comment_status":"closed","ping_status":"closed","sticky":false,"template":"","format":"standard","meta":{"_acf_changed":false,"footnotes":""},"categories":[81],"tags":[228,256,261,262,264],"temas":[148,158,159],"class_list":["post-11530","post","type-post","status-publish","format-standard","has-post-thumbnail","hentry","category-corporativo-mx","tag-ikusi","tag-entrevista","tag-colombia","tag-ingenieria","tag-oportunidades","temas-colaboracion-empresarial","temas-managed-services","temas-servicios-por-suscripcion"],"acf":[],"yoast_head":"<!-- This site is optimized with the Yoast SEO plugin v27.4 - https:\/\/yoast.com\/product\/yoast-seo-wordpress\/ -->\n<title>Entrevista a Mauricio Mart\u00ednez, Gerente Preventa en Ikusi Colombia - Ikusi<\/title>\n<meta name=\"description\" content=\"Mauricio Mart\u00ednez de Ikusi Colombia, regresa como Gerente Preventa. Un retorno a los or\u00edgenes del que se siente muy satisfecho.\" \/>\n<meta name=\"robots\" content=\"index, follow, max-snippet:-1, max-image-preview:large, max-video-preview:-1\" \/>\n<link rel=\"canonical\" href=\"https:\/\/testing.xplaye.com\/ikusi2\/mx\/blog\/entrevista-a-mauricio-martinez-gerente-preventa-en-ikusi-colombia\/\" \/>\n<meta property=\"og:locale\" content=\"es_MX\" \/>\n<meta property=\"og:type\" content=\"article\" \/>\n<meta property=\"og:title\" content=\"Entrevista a Mauricio Mart\u00ednez, Gerente Preventa en Ikusi Colombia - Ikusi\" \/>\n<meta property=\"og:description\" content=\"Mauricio Mart\u00ednez de Ikusi Colombia, regresa como Gerente Preventa. Un retorno a los or\u00edgenes del que se siente muy satisfecho.\" \/>\n<meta property=\"og:url\" content=\"https:\/\/testing.xplaye.com\/ikusi2\/mx\/blog\/entrevista-a-mauricio-martinez-gerente-preventa-en-ikusi-colombia\/\" \/>\n<meta property=\"og:site_name\" content=\"Ikusi MX\" \/>\n<meta property=\"article:publisher\" content=\"https:\/\/www.facebook.com\/ikusilatam\" \/>\n<meta property=\"article:published_time\" content=\"2024-03-12T17:52:25+00:00\" \/>\n<meta property=\"article:modified_time\" content=\"2024-04-09T16:22:50+00:00\" \/>\n<meta name=\"author\" content=\"xplaye\" \/>\n<meta name=\"twitter:card\" content=\"summary_large_image\" \/>\n<meta name=\"twitter:creator\" content=\"@ikusilatam\" \/>\n<meta name=\"twitter:site\" content=\"@ikusilatam\" \/>\n<meta name=\"twitter:label1\" content=\"Escrito por\" \/>\n\t<meta name=\"twitter:data1\" content=\"xplaye\" \/>\n\t<meta name=\"twitter:label2\" content=\"Tiempo de lectura\" \/>\n\t<meta name=\"twitter:data2\" content=\"4 minutos\" \/>\n<script type=\"application\/ld+json\" class=\"yoast-schema-graph\">{\"@context\":\"https:\\\/\\\/schema.org\",\"@graph\":[{\"@type\":\"Article\",\"@id\":\"https:\\\/\\\/testing.xplaye.com\\\/ikusi2\\\/mx\\\/blog\\\/entrevista-a-mauricio-martinez-gerente-preventa-en-ikusi-colombia\\\/#article\",\"isPartOf\":{\"@id\":\"https:\\\/\\\/testing.xplaye.com\\\/ikusi2\\\/mx\\\/blog\\\/entrevista-a-mauricio-martinez-gerente-preventa-en-ikusi-colombia\\\/\"},\"author\":{\"name\":\"xplaye\",\"@id\":\"https:\\\/\\\/testing.xplaye.com\\\/ikusi2\\\/mx\\\/#\\\/schema\\\/person\\\/f4a3d3d1f4a28dfbfbe2c9f81fb5dc13\"},\"headline\":\"Entrevista a Mauricio Mart\u00ednez, Gerente Preventa en Ikusi Colombia\",\"datePublished\":\"2024-03-12T17:52:25+00:00\",\"dateModified\":\"2024-04-09T16:22:50+00:00\",\"mainEntityOfPage\":{\"@id\":\"https:\\\/\\\/testing.xplaye.com\\\/ikusi2\\\/mx\\\/blog\\\/entrevista-a-mauricio-martinez-gerente-preventa-en-ikusi-colombia\\\/\"},\"wordCount\":852,\"publisher\":{\"@id\":\"https:\\\/\\\/testing.xplaye.com\\\/ikusi2\\\/mx\\\/#organization\"},\"image\":{\"@id\":\"https:\\\/\\\/testing.xplaye.com\\\/ikusi2\\\/mx\\\/blog\\\/entrevista-a-mauricio-martinez-gerente-preventa-en-ikusi-colombia\\\/#primaryimage\"},\"thumbnailUrl\":\"https:\\\/\\\/testing.xplaye.com\\\/ikusi2\\\/mx\\\/wp-content\\\/uploads\\\/sites\\\/2\\\/2024\\\/03\\\/MauricioMartinez_IkusiColombia.jpg\",\"keywords\":[\"Ikusi\",\"entrevista\",\"Colombia\",\"ingenier\u00eda\",\"oportunidades\"],\"articleSection\":[\"Corporativo\"],\"inLanguage\":\"es\"},{\"@type\":\"WebPage\",\"@id\":\"https:\\\/\\\/testing.xplaye.com\\\/ikusi2\\\/mx\\\/blog\\\/entrevista-a-mauricio-martinez-gerente-preventa-en-ikusi-colombia\\\/\",\"url\":\"https:\\\/\\\/testing.xplaye.com\\\/ikusi2\\\/mx\\\/blog\\\/entrevista-a-mauricio-martinez-gerente-preventa-en-ikusi-colombia\\\/\",\"name\":\"Entrevista a Mauricio Mart\u00ednez, Gerente Preventa en Ikusi Colombia - Ikusi\",\"isPartOf\":{\"@id\":\"https:\\\/\\\/testing.xplaye.com\\\/ikusi2\\\/mx\\\/#website\"},\"primaryImageOfPage\":{\"@id\":\"https:\\\/\\\/testing.xplaye.com\\\/ikusi2\\\/mx\\\/blog\\\/entrevista-a-mauricio-martinez-gerente-preventa-en-ikusi-colombia\\\/#primaryimage\"},\"image\":{\"@id\":\"https:\\\/\\\/testing.xplaye.com\\\/ikusi2\\\/mx\\\/blog\\\/entrevista-a-mauricio-martinez-gerente-preventa-en-ikusi-colombia\\\/#primaryimage\"},\"thumbnailUrl\":\"https:\\\/\\\/testing.xplaye.com\\\/ikusi2\\\/mx\\\/wp-content\\\/uploads\\\/sites\\\/2\\\/2024\\\/03\\\/MauricioMartinez_IkusiColombia.jpg\",\"datePublished\":\"2024-03-12T17:52:25+00:00\",\"dateModified\":\"2024-04-09T16:22:50+00:00\",\"description\":\"Mauricio Mart\u00ednez de Ikusi Colombia, regresa como Gerente Preventa. Un retorno a los or\u00edgenes del que se siente muy satisfecho.\",\"breadcrumb\":{\"@id\":\"https:\\\/\\\/testing.xplaye.com\\\/ikusi2\\\/mx\\\/blog\\\/entrevista-a-mauricio-martinez-gerente-preventa-en-ikusi-colombia\\\/#breadcrumb\"},\"inLanguage\":\"es\",\"potentialAction\":[{\"@type\":\"ReadAction\",\"target\":[\"https:\\\/\\\/testing.xplaye.com\\\/ikusi2\\\/mx\\\/blog\\\/entrevista-a-mauricio-martinez-gerente-preventa-en-ikusi-colombia\\\/\"]}]},{\"@type\":\"ImageObject\",\"inLanguage\":\"es\",\"@id\":\"https:\\\/\\\/testing.xplaye.com\\\/ikusi2\\\/mx\\\/blog\\\/entrevista-a-mauricio-martinez-gerente-preventa-en-ikusi-colombia\\\/#primaryimage\",\"url\":\"https:\\\/\\\/testing.xplaye.com\\\/ikusi2\\\/mx\\\/wp-content\\\/uploads\\\/sites\\\/2\\\/2024\\\/03\\\/MauricioMartinez_IkusiColombia.jpg\",\"contentUrl\":\"https:\\\/\\\/testing.xplaye.com\\\/ikusi2\\\/mx\\\/wp-content\\\/uploads\\\/sites\\\/2\\\/2024\\\/03\\\/MauricioMartinez_IkusiColombia.jpg\"},{\"@type\":\"BreadcrumbList\",\"@id\":\"https:\\\/\\\/testing.xplaye.com\\\/ikusi2\\\/mx\\\/blog\\\/entrevista-a-mauricio-martinez-gerente-preventa-en-ikusi-colombia\\\/#breadcrumb\",\"itemListElement\":[{\"@type\":\"ListItem\",\"position\":1,\"name\":\"Portada\",\"item\":\"https:\\\/\\\/testing.xplaye.com\\\/ikusi2\\\/mx\\\/\"},{\"@type\":\"ListItem\",\"position\":2,\"name\":\"Entrevista a Mauricio Mart\u00ednez, Gerente Preventa en Ikusi Colombia\"}]},{\"@type\":\"WebSite\",\"@id\":\"https:\\\/\\\/testing.xplaye.com\\\/ikusi2\\\/mx\\\/#website\",\"url\":\"https:\\\/\\\/testing.xplaye.com\\\/ikusi2\\\/mx\\\/\",\"name\":\"Ikusi\",\"description\":\"\",\"publisher\":{\"@id\":\"https:\\\/\\\/testing.xplaye.com\\\/ikusi2\\\/mx\\\/#organization\"},\"alternateName\":\"Ikusi\",\"potentialAction\":[{\"@type\":\"SearchAction\",\"target\":{\"@type\":\"EntryPoint\",\"urlTemplate\":\"https:\\\/\\\/testing.xplaye.com\\\/ikusi2\\\/mx\\\/?s={search_term_string}\"},\"query-input\":{\"@type\":\"PropertyValueSpecification\",\"valueRequired\":true,\"valueName\":\"search_term_string\"}}],\"inLanguage\":\"es\"},{\"@type\":\"Organization\",\"@id\":\"https:\\\/\\\/testing.xplaye.com\\\/ikusi2\\\/mx\\\/#organization\",\"name\":\"Ikusi\",\"alternateName\":\"Ikusi\",\"url\":\"https:\\\/\\\/testing.xplaye.com\\\/ikusi2\\\/mx\\\/\",\"logo\":{\"@type\":\"ImageObject\",\"inLanguage\":\"es\",\"@id\":\"https:\\\/\\\/testing.xplaye.com\\\/ikusi2\\\/mx\\\/#\\\/schema\\\/logo\\\/image\\\/\",\"url\":\"https:\\\/\\\/testing.xplaye.com\\\/ikusi2\\\/mx\\\/wp-content\\\/uploads\\\/sites\\\/2\\\/2023\\\/04\\\/ikusi.svg\",\"contentUrl\":\"https:\\\/\\\/testing.xplaye.com\\\/ikusi2\\\/mx\\\/wp-content\\\/uploads\\\/sites\\\/2\\\/2023\\\/04\\\/ikusi.svg\",\"width\":1,\"height\":1,\"caption\":\"Ikusi\"},\"image\":{\"@id\":\"https:\\\/\\\/testing.xplaye.com\\\/ikusi2\\\/mx\\\/#\\\/schema\\\/logo\\\/image\\\/\"},\"sameAs\":[\"https:\\\/\\\/www.facebook.com\\\/ikusilatam\",\"https:\\\/\\\/x.com\\\/ikusilatam\",\"https:\\\/\\\/www.linkedin.com\\\/company\\\/ikusilatam\\\/\",\"https:\\\/\\\/www.youtube.com\\\/channel\\\/UC7QvmB90i9qYgmF3P7iUGhQ\",\"https:\\\/\\\/www.instagram.com\\\/ikusilatam\\\/\"]},{\"@type\":\"Person\",\"@id\":\"https:\\\/\\\/testing.xplaye.com\\\/ikusi2\\\/mx\\\/#\\\/schema\\\/person\\\/f4a3d3d1f4a28dfbfbe2c9f81fb5dc13\",\"name\":\"xplaye\",\"image\":{\"@type\":\"ImageObject\",\"inLanguage\":\"es\",\"@id\":\"https:\\\/\\\/secure.gravatar.com\\\/avatar\\\/29c78ba38d60022df8e9fa10f92ff0243fa9452265375de2d2d8208764592a1b?s=96&d=mm&r=g\",\"url\":\"https:\\\/\\\/secure.gravatar.com\\\/avatar\\\/29c78ba38d60022df8e9fa10f92ff0243fa9452265375de2d2d8208764592a1b?s=96&d=mm&r=g\",\"contentUrl\":\"https:\\\/\\\/secure.gravatar.com\\\/avatar\\\/29c78ba38d60022df8e9fa10f92ff0243fa9452265375de2d2d8208764592a1b?s=96&d=mm&r=g\",\"caption\":\"xplaye\"},\"sameAs\":[\"https:\\\/\\\/testing.xplaye.com\\\/ikusi2\"],\"url\":\"https:\\\/\\\/testing.xplaye.com\\\/ikusi2\\\/mx\\\/author\\\/xplaye\\\/\"}]}<\/script>\n<!-- \/ Yoast SEO plugin. -->","yoast_head_json":{"title":"Entrevista a Mauricio Mart\u00ednez, Gerente Preventa en Ikusi Colombia - Ikusi","description":"Mauricio Mart\u00ednez de Ikusi Colombia, regresa como Gerente Preventa. Un retorno a los or\u00edgenes del que se siente muy satisfecho.","robots":{"index":"index","follow":"follow","max-snippet":"max-snippet:-1","max-image-preview":"max-image-preview:large","max-video-preview":"max-video-preview:-1"},"canonical":"https:\/\/testing.xplaye.com\/ikusi2\/mx\/blog\/entrevista-a-mauricio-martinez-gerente-preventa-en-ikusi-colombia\/","og_locale":"es_MX","og_type":"article","og_title":"Entrevista a Mauricio Mart\u00ednez, Gerente Preventa en Ikusi Colombia - Ikusi","og_description":"Mauricio Mart\u00ednez de Ikusi Colombia, regresa como Gerente Preventa. Un retorno a los or\u00edgenes del que se siente muy satisfecho.","og_url":"https:\/\/testing.xplaye.com\/ikusi2\/mx\/blog\/entrevista-a-mauricio-martinez-gerente-preventa-en-ikusi-colombia\/","og_site_name":"Ikusi MX","article_publisher":"https:\/\/www.facebook.com\/ikusilatam","article_published_time":"2024-03-12T17:52:25+00:00","article_modified_time":"2024-04-09T16:22:50+00:00","author":"xplaye","twitter_card":"summary_large_image","twitter_creator":"@ikusilatam","twitter_site":"@ikusilatam","twitter_misc":{"Escrito por":"xplaye","Tiempo de lectura":"4 minutos"},"schema":{"@context":"https:\/\/schema.org","@graph":[{"@type":"Article","@id":"https:\/\/testing.xplaye.com\/ikusi2\/mx\/blog\/entrevista-a-mauricio-martinez-gerente-preventa-en-ikusi-colombia\/#article","isPartOf":{"@id":"https:\/\/testing.xplaye.com\/ikusi2\/mx\/blog\/entrevista-a-mauricio-martinez-gerente-preventa-en-ikusi-colombia\/"},"author":{"name":"xplaye","@id":"https:\/\/testing.xplaye.com\/ikusi2\/mx\/#\/schema\/person\/f4a3d3d1f4a28dfbfbe2c9f81fb5dc13"},"headline":"Entrevista a Mauricio Mart\u00ednez, Gerente Preventa en Ikusi Colombia","datePublished":"2024-03-12T17:52:25+00:00","dateModified":"2024-04-09T16:22:50+00:00","mainEntityOfPage":{"@id":"https:\/\/testing.xplaye.com\/ikusi2\/mx\/blog\/entrevista-a-mauricio-martinez-gerente-preventa-en-ikusi-colombia\/"},"wordCount":852,"publisher":{"@id":"https:\/\/testing.xplaye.com\/ikusi2\/mx\/#organization"},"image":{"@id":"https:\/\/testing.xplaye.com\/ikusi2\/mx\/blog\/entrevista-a-mauricio-martinez-gerente-preventa-en-ikusi-colombia\/#primaryimage"},"thumbnailUrl":"https:\/\/testing.xplaye.com\/ikusi2\/mx\/wp-content\/uploads\/sites\/2\/2024\/03\/MauricioMartinez_IkusiColombia.jpg","keywords":["Ikusi","entrevista","Colombia","ingenier\u00eda","oportunidades"],"articleSection":["Corporativo"],"inLanguage":"es"},{"@type":"WebPage","@id":"https:\/\/testing.xplaye.com\/ikusi2\/mx\/blog\/entrevista-a-mauricio-martinez-gerente-preventa-en-ikusi-colombia\/","url":"https:\/\/testing.xplaye.com\/ikusi2\/mx\/blog\/entrevista-a-mauricio-martinez-gerente-preventa-en-ikusi-colombia\/","name":"Entrevista a Mauricio Mart\u00ednez, Gerente Preventa en Ikusi Colombia - Ikusi","isPartOf":{"@id":"https:\/\/testing.xplaye.com\/ikusi2\/mx\/#website"},"primaryImageOfPage":{"@id":"https:\/\/testing.xplaye.com\/ikusi2\/mx\/blog\/entrevista-a-mauricio-martinez-gerente-preventa-en-ikusi-colombia\/#primaryimage"},"image":{"@id":"https:\/\/testing.xplaye.com\/ikusi2\/mx\/blog\/entrevista-a-mauricio-martinez-gerente-preventa-en-ikusi-colombia\/#primaryimage"},"thumbnailUrl":"https:\/\/testing.xplaye.com\/ikusi2\/mx\/wp-content\/uploads\/sites\/2\/2024\/03\/MauricioMartinez_IkusiColombia.jpg","datePublished":"2024-03-12T17:52:25+00:00","dateModified":"2024-04-09T16:22:50+00:00","description":"Mauricio Mart\u00ednez de Ikusi Colombia, regresa como Gerente Preventa. Un retorno a los or\u00edgenes del que se siente muy satisfecho.","breadcrumb":{"@id":"https:\/\/testing.xplaye.com\/ikusi2\/mx\/blog\/entrevista-a-mauricio-martinez-gerente-preventa-en-ikusi-colombia\/#breadcrumb"},"inLanguage":"es","potentialAction":[{"@type":"ReadAction","target":["https:\/\/testing.xplaye.com\/ikusi2\/mx\/blog\/entrevista-a-mauricio-martinez-gerente-preventa-en-ikusi-colombia\/"]}]},{"@type":"ImageObject","inLanguage":"es","@id":"https:\/\/testing.xplaye.com\/ikusi2\/mx\/blog\/entrevista-a-mauricio-martinez-gerente-preventa-en-ikusi-colombia\/#primaryimage","url":"https:\/\/testing.xplaye.com\/ikusi2\/mx\/wp-content\/uploads\/sites\/2\/2024\/03\/MauricioMartinez_IkusiColombia.jpg","contentUrl":"https:\/\/testing.xplaye.com\/ikusi2\/mx\/wp-content\/uploads\/sites\/2\/2024\/03\/MauricioMartinez_IkusiColombia.jpg"},{"@type":"BreadcrumbList","@id":"https:\/\/testing.xplaye.com\/ikusi2\/mx\/blog\/entrevista-a-mauricio-martinez-gerente-preventa-en-ikusi-colombia\/#breadcrumb","itemListElement":[{"@type":"ListItem","position":1,"name":"Portada","item":"https:\/\/testing.xplaye.com\/ikusi2\/mx\/"},{"@type":"ListItem","position":2,"name":"Entrevista a Mauricio Mart\u00ednez, Gerente Preventa en Ikusi Colombia"}]},{"@type":"WebSite","@id":"https:\/\/testing.xplaye.com\/ikusi2\/mx\/#website","url":"https:\/\/testing.xplaye.com\/ikusi2\/mx\/","name":"Ikusi","description":"","publisher":{"@id":"https:\/\/testing.xplaye.com\/ikusi2\/mx\/#organization"},"alternateName":"Ikusi","potentialAction":[{"@type":"SearchAction","target":{"@type":"EntryPoint","urlTemplate":"https:\/\/testing.xplaye.com\/ikusi2\/mx\/?s={search_term_string}"},"query-input":{"@type":"PropertyValueSpecification","valueRequired":true,"valueName":"search_term_string"}}],"inLanguage":"es"},{"@type":"Organization","@id":"https:\/\/testing.xplaye.com\/ikusi2\/mx\/#organization","name":"Ikusi","alternateName":"Ikusi","url":"https:\/\/testing.xplaye.com\/ikusi2\/mx\/","logo":{"@type":"ImageObject","inLanguage":"es","@id":"https:\/\/testing.xplaye.com\/ikusi2\/mx\/#\/schema\/logo\/image\/","url":"https:\/\/testing.xplaye.com\/ikusi2\/mx\/wp-content\/uploads\/sites\/2\/2023\/04\/ikusi.svg","contentUrl":"https:\/\/testing.xplaye.com\/ikusi2\/mx\/wp-content\/uploads\/sites\/2\/2023\/04\/ikusi.svg","width":1,"height":1,"caption":"Ikusi"},"image":{"@id":"https:\/\/testing.xplaye.com\/ikusi2\/mx\/#\/schema\/logo\/image\/"},"sameAs":["https:\/\/www.facebook.com\/ikusilatam","https:\/\/x.com\/ikusilatam","https:\/\/www.linkedin.com\/company\/ikusilatam\/","https:\/\/www.youtube.com\/channel\/UC7QvmB90i9qYgmF3P7iUGhQ","https:\/\/www.instagram.com\/ikusilatam\/"]},{"@type":"Person","@id":"https:\/\/testing.xplaye.com\/ikusi2\/mx\/#\/schema\/person\/f4a3d3d1f4a28dfbfbe2c9f81fb5dc13","name":"xplaye","image":{"@type":"ImageObject","inLanguage":"es","@id":"https:\/\/secure.gravatar.com\/avatar\/29c78ba38d60022df8e9fa10f92ff0243fa9452265375de2d2d8208764592a1b?s=96&d=mm&r=g","url":"https:\/\/secure.gravatar.com\/avatar\/29c78ba38d60022df8e9fa10f92ff0243fa9452265375de2d2d8208764592a1b?s=96&d=mm&r=g","contentUrl":"https:\/\/secure.gravatar.com\/avatar\/29c78ba38d60022df8e9fa10f92ff0243fa9452265375de2d2d8208764592a1b?s=96&d=mm&r=g","caption":"xplaye"},"sameAs":["https:\/\/testing.xplaye.com\/ikusi2"],"url":"https:\/\/testing.xplaye.com\/ikusi2\/mx\/author\/xplaye\/"}]}},"_links":{"self":[{"href":"https:\/\/testing.xplaye.com\/ikusi2\/mx\/wp-json\/wp\/v2\/posts\/11530","targetHints":{"allow":["GET"]}}],"collection":[{"href":"https:\/\/testing.xplaye.com\/ikusi2\/mx\/wp-json\/wp\/v2\/posts"}],"about":[{"href":"https:\/\/testing.xplaye.com\/ikusi2\/mx\/wp-json\/wp\/v2\/types\/post"}],"author":[{"embeddable":true,"href":"https:\/\/testing.xplaye.com\/ikusi2\/mx\/wp-json\/wp\/v2\/users\/1"}],"replies":[{"embeddable":true,"href":"https:\/\/testing.xplaye.com\/ikusi2\/mx\/wp-json\/wp\/v2\/comments?post=11530"}],"version-history":[{"count":2,"href":"https:\/\/testing.xplaye.com\/ikusi2\/mx\/wp-json\/wp\/v2\/posts\/11530\/revisions"}],"predecessor-version":[{"id":11588,"href":"https:\/\/testing.xplaye.com\/ikusi2\/mx\/wp-json\/wp\/v2\/posts\/11530\/revisions\/11588"}],"wp:featuredmedia":[{"embeddable":true,"href":"https:\/\/testing.xplaye.com\/ikusi2\/mx\/wp-json\/"}],"wp:attachment":[{"href":"https:\/\/testing.xplaye.com\/ikusi2\/mx\/wp-json\/wp\/v2\/media?parent=11530"}],"wp:term":[{"taxonomy":"category","embeddable":true,"href":"https:\/\/testing.xplaye.com\/ikusi2\/mx\/wp-json\/wp\/v2\/categories?post=11530"},{"taxonomy":"post_tag","embeddable":true,"href":"https:\/\/testing.xplaye.com\/ikusi2\/mx\/wp-json\/wp\/v2\/tags?post=11530"},{"taxonomy":"temas","embeddable":true,"href":"https:\/\/testing.xplaye.com\/ikusi2\/mx\/wp-json\/wp\/v2\/temas?post=11530"}],"curies":[{"name":"wp","href":"https:\/\/api.w.org\/{rel}","templated":true}]}}