{"id":10855,"date":"2023-09-13T13:24:10","date_gmt":"2023-09-13T19:24:10","guid":{"rendered":"https:\/\/testing.xplaye.com\/ikusi2\/mx\/?p=10855"},"modified":"2024-01-10T13:57:00","modified_gmt":"2024-01-10T19:57:00","slug":"nube-sostenible-el-futuro-verde-de-la-tecnologia","status":"publish","type":"post","link":"https:\/\/testing.xplaye.com\/ikusi2\/mx\/blog\/nube-sostenible-el-futuro-verde-de-la-tecnologia\/","title":{"rendered":"Nube sostenible: el futuro verde de la tecnolog\u00eda"},"content":{"rendered":"\n<p><strong>La sostenibilidad<\/strong> es una tarea apremiante para los l\u00edderes de las organizaciones.<\/p>\n\n\n\n<p>El <strong>cambio clim\u00e1tico <\/strong>y su impacto en la sociedad exigen la b\u00fasqueda y adopci\u00f3n de pr\u00e1cticas empresariales sostenibles que garanticen una reducci\u00f3n del consumo energ\u00e9tico, una menor emisi\u00f3n de gases contaminantes y un mayor uso de energ\u00edas renovables.<\/p>\n\n\n\n<p>Si bien el desaf\u00edo empresarial es enorme, el uso de tecnolog\u00edas sostenibles est\u00e1 generando resultados alentadores en t\u00e9rminos medioambientales y de negocio. <\/p>\n\n\n\n<p>Un estudio de <strong>Accenture<\/strong> llamado<em> The green behind the cloud<\/em>, mostr\u00f3 que \u201cel uso de tecnolog\u00edas sostenibles como la nube <strong>reducen las emisiones de CO2<\/strong> hasta en<strong> 59 millones de toneladas anuales<\/strong>&#8220;. El equivalente a eliminar casi <strong>22 millones de coches en circulaci\u00f3n<\/strong>. <\/p>\n\n\n\n<p>La <strong>tecnolog\u00eda sostenible <\/strong>hace referencia a aquellas soluciones digitales que optimizan la actividad empresarial sin comprometer el equilibrio ecol\u00f3gico ni los ecosistemas naturales.&nbsp;Es decir, herramientas que facilitan <strong>modelos de negocios<\/strong> m\u00e1s rentables, eficientes y comprometidos con altos est\u00e1ndares de calidad.<\/p>\n\n\n\n<p><\/p>\n\n\n\n<p class=\"has-text-align-right\"><em>\u201cLa tecnolog\u00eda sostenible es cada vez m\u00e1s importante en t\u00e9rminos operativos, por ejemplo, para optimizaci\u00f3n de costos, rendimiento de la energ\u00eda y utilizaci\u00f3n del activo, pero tambi\u00e9n impulsa resultados en cuestiones ASG, como la mejora del bienestar y la trazabilidad necesaria para asegurar unas pr\u00e1cticas comerciales responsables\u201d.<\/em><br><strong>Autumn Stanish, experto de Gartner<\/strong><\/p>\n\n\n\n<p><\/p>\n\n\n\n<p>En la actualidad, los sistemas de nube, las herramientas de inteligencia artificial, las soluciones de business intelligence, los software avanzados de gesti\u00f3n de red y los recursos para la medici\u00f3n de las huellas de carbono son las tecnolog\u00edas que m\u00e1s contribuyen a frenar el impacto ambiental generado por la actividad econ\u00f3mica.<\/p>\n\n\n\n<p class=\"has-text-align-right\"><em>\u201cLos&nbsp; servicios de nube ofrecen un gran potencial de sostenibilidad con su capacidad para centralizar las operaciones de TI y operar a escala utilizando un modelo de servicio compartido, lo que resulta en una mayor eficiencia inform\u00e1tica\u201d.<\/em><\/p>\n\n\n\n<p class=\"has-text-align-right\"><strong>Annette Zimmermann, vicepresidenta de investigaci\u00f3n de Gartner<\/strong><\/p>\n\n\n\n<figure class=\"wp-block-image size-large\"><img decoding=\"async\" src=\"https:\/\/testing.xplaye.com\/ikusi2\/mx\/wp-content\/uploads\/sites\/2\/2023\/09\/ikusi-blogpost-interior-02-1-1-1024x256.jpg\" alt=\"\" class=\"wp-image-13014\" \/><\/figure>\n\n\n\n<h2 class=\"wp-block-heading\"><strong>Beneficios de usar nube como tecnolog\u00eda sostenible<\/strong><\/h2>\n\n\n\n<p>Para los l\u00edderes empresariales, el uso de la nube es clave para conseguir un modelo de negocios que permita reducir los costos operativos. As\u00ed como aumentar la productividad, contribuir a la preservaci\u00f3n del ambiente, impulsar la innovaci\u00f3n y mejorar la confianza que depositan las personas en una organizaci\u00f3n.<br><br>Seg\u00fan datos de<a href=\"https:\/\/blogs.oracle.com\/oracle-latinoamerica\/post\/nube-cloud-tecnologia-sostenible#:~:text=Se%20ha%20demostrado%20que%20al,con%20un%20cambio%20clim%C3%A1tico%20beneficioso.\" target=\"_blank\" rel=\"noreferrer noopener\"> Oracle<\/a>, la migraci\u00f3n y el uso de la nube puede<strong> disminuir en un 84 % las emisiones de carbono <\/strong>al medio ambiente. De esta manera reducir el impacto ambiental. El aporte de la nube en el \u00e1rea de sostenibilidad incluye:<\/p>\n\n\n\n<ul class=\"wp-block-list\">\n<li><strong>La incorporaci\u00f3n de tecnolog\u00edas para medir la huella de carbono. <\/strong>El uso de sensores ambientales habilitados para IoT y otros recursos en la nube permiten medir las emisiones de gases de efecto invernadero. <\/li>\n<\/ul>\n\n\n\n<ul class=\"wp-block-list\">\n<li><strong>El uso de inteligencia artificial y anal\u00edtica de datos. <\/strong>Con la automatizaci\u00f3n de tareas&nbsp;y la digitalizaci\u00f3n de las m\u00e1quinas se puede optimizar el uso de equipos y recursos para lograr una mayor eficiencia operativa.<\/li>\n<\/ul>\n\n\n\n<ul class=\"wp-block-list\">\n<li><strong>El almacenamiento escalable<\/strong> y configurable en la nube permite consumir exactamente lo que se necesita, sin malgastar recursos.&nbsp;<\/li>\n<\/ul>\n\n\n\n<ul class=\"wp-block-list\">\n<li><strong>La adopci\u00f3n de innovaci\u00f3n de manera r\u00e1pida y simple.<\/strong> La nube facilita y simplifica la adopci\u00f3n de distintos tipos de tecnolog\u00edas sustentables que aportan valor al negocio y van a la par de los avances tecnol\u00f3gicos.&nbsp;<\/li>\n<\/ul>\n\n\n\n<ul class=\"wp-block-list\">\n<li><strong>La visibilidad y reducci\u00f3n de gastos.&nbsp; <\/strong>A diferencia de una infraestructura local, la inversi\u00f3n de la nube se distribuye a largo plazo y responde a la demanda de servicios requeridos. Esto permite controlar el presupuesto y respetar la inversi\u00f3n destinada a \u00e1reas de innovaci\u00f3n y desarrollo sostenible.&nbsp;<\/li>\n<\/ul>\n\n\n\n<ul class=\"wp-block-list\">\n<li><strong>La flexibilidad para el trabajo remoto. <\/strong>Con la informaci\u00f3n en la nube, los colaboradores pueden trabajar desde cualquier parte del mundo de forma segura y eficiente. As\u00ed se reducen las emisiones de carbono generadas por el uso de autom\u00f3viles u otros tipos de transporte.<\/li>\n<\/ul>\n\n\n\n<figure class=\"wp-block-image size-large\"><img decoding=\"async\" src=\"https:\/\/testing.xplaye.com\/ikusi2\/mx\/wp-content\/uploads\/sites\/2\/2023\/09\/ikusi-blogpost-interior-03-1-1024x256.jpg\" alt=\"\" class=\"wp-image-13015\" \/><\/figure>\n\n\n\n<h3 class=\"wp-block-heading\"><strong>Ikusi y su compromiso con la sostenibilidad<\/strong><\/h3>\n\n\n\n<p>La tecnolog\u00eda es la mayor aliada de las organizaciones para crear y aplicar soluciones que cumplan con los <strong>objetivos de sostenibilidad.<\/strong><\/p>\n\n\n\n<p>En los pr\u00f3ximos a\u00f1os se prev\u00e9 que las iniciativas de sostenibilidad empresarial ser\u00e1n determinantes para evaluar la competencia, el rendimiento y la rentabilidad de una organizaci\u00f3n en el mercado.<\/p>\n\n\n\n<p>Con el objetivo de fomentar la transformaci\u00f3n sostenible, <strong>Ikusi<\/strong> trabaja de la mano con fabricantes de tecnolog\u00edas que cuentan con estrategias concretas para la reducci\u00f3n de la huella de carbono.<\/p>\n\n\n\n<p>Esto hace posible que cada soluci\u00f3n tecnol\u00f3gica de Ikusi incorpore <strong>la econom\u00eda circular <\/strong>en todo el proceso de fabricaci\u00f3n y garantice <strong>niveles m\u00e1s bajos de consumo energ\u00e9tico.<\/strong><\/p>\n\n\n\n<p>A trav\u00e9s de sus <strong>servicios de Trusted Advisor,<\/strong> Ikusi brinda apoyo y orientaci\u00f3n a sus clientes y socios para la consecuci\u00f3n de sus objetivos de sostenibilidad. En este sentido, despliega asesor\u00edas y recomendaciones para optimizar el uso de recursos tecnol\u00f3gicos y medir de forma transparente los progresos en esta \u00e1rea.&nbsp;<\/p>\n\n\n\n<p>Para mayor informaci\u00f3n, puedes contactarnos aqu\u00ed:&nbsp;<a href=\"https:\/\/testing.xplaye.com\/ikusi2\/mx\/donde-estamos\/\" target=\"_blank\" rel=\"noreferrer noopener\">https:\/\/testing.xplaye.com\/ikusi2\/mx\/donde-estamos\/<\/a><\/p>\n","protected":false},"excerpt":{"rendered":"<p>La nube ser\u00e1 una de las\u00a0herramientas m\u00e1s adoptadas dentro del ecosistema empresarial para la sostenibilidad. <\/p>\n","protected":false},"author":13,"featured_media":13016,"comment_status":"closed","ping_status":"closed","sticky":false,"template":"","format":"standard","meta":{"_acf_changed":false,"footnotes":""},"categories":[76],"tags":[87,88,170,171],"temas":[146,154],"class_list":["post-10855","post","type-post","status-publish","format-standard","has-post-thumbnail","hentry","category-aplicacion-soluciones-mx","tag-nube","tag-computo-en-la-nube","tag-sostenibilidad","tag-tecnologia-sostenible","temas-cloud-computing","temas-nube-y-data-center"],"acf":[],"yoast_head":"<!-- This site is optimized with the Yoast SEO plugin v27.4 - https:\/\/yoast.com\/product\/yoast-seo-wordpress\/ -->\n<title>Nube sostenible: el futuro verde de la tecnolog\u00eda - Ikusi<\/title>\n<meta name=\"description\" content=\"Las plataformas en la nube ser\u00e1 una de las\u00a0tecnolog\u00edas emergentes de sostenibilidad m\u00e1s adoptadas dentro del ecosistema empresarial.\" \/>\n<meta name=\"robots\" content=\"index, follow, max-snippet:-1, max-image-preview:large, max-video-preview:-1\" \/>\n<link rel=\"canonical\" href=\"https:\/\/testing.xplaye.com\/ikusi2\/mx\/blog\/nube-sostenible-el-futuro-verde-de-la-tecnologia\/\" \/>\n<meta property=\"og:locale\" content=\"es_MX\" \/>\n<meta property=\"og:type\" content=\"article\" \/>\n<meta property=\"og:title\" content=\"Nube sostenible: el futuro verde de la tecnolog\u00eda - Ikusi\" \/>\n<meta property=\"og:description\" content=\"Las plataformas en la nube ser\u00e1 una de las\u00a0tecnolog\u00edas emergentes de sostenibilidad m\u00e1s adoptadas dentro del ecosistema empresarial.\" \/>\n<meta property=\"og:url\" content=\"https:\/\/testing.xplaye.com\/ikusi2\/mx\/blog\/nube-sostenible-el-futuro-verde-de-la-tecnologia\/\" \/>\n<meta property=\"og:site_name\" content=\"Ikusi MX\" \/>\n<meta property=\"article:publisher\" content=\"https:\/\/www.facebook.com\/ikusilatam\" \/>\n<meta property=\"article:published_time\" content=\"2023-09-13T19:24:10+00:00\" \/>\n<meta property=\"article:modified_time\" content=\"2024-01-10T19:57:00+00:00\" \/>\n<meta name=\"author\" content=\"Arturo Guerrero\" \/>\n<meta name=\"twitter:card\" content=\"summary_large_image\" \/>\n<meta name=\"twitter:creator\" content=\"@ikusilatam\" \/>\n<meta name=\"twitter:site\" content=\"@ikusilatam\" \/>\n<meta name=\"twitter:label1\" content=\"Escrito por\" \/>\n\t<meta name=\"twitter:data1\" content=\"Arturo Guerrero\" \/>\n\t<meta name=\"twitter:label2\" content=\"Tiempo de lectura\" \/>\n\t<meta name=\"twitter:data2\" content=\"5 minutos\" \/>\n<script type=\"application\/ld+json\" class=\"yoast-schema-graph\">{\"@context\":\"https:\\\/\\\/schema.org\",\"@graph\":[{\"@type\":\"Article\",\"@id\":\"https:\\\/\\\/testing.xplaye.com\\\/ikusi2\\\/mx\\\/blog\\\/nube-sostenible-el-futuro-verde-de-la-tecnologia\\\/#article\",\"isPartOf\":{\"@id\":\"https:\\\/\\\/testing.xplaye.com\\\/ikusi2\\\/mx\\\/blog\\\/nube-sostenible-el-futuro-verde-de-la-tecnologia\\\/\"},\"author\":{\"name\":\"Arturo Guerrero\",\"@id\":\"https:\\\/\\\/testing.xplaye.com\\\/ikusi2\\\/mx\\\/#\\\/schema\\\/person\\\/3ddd1a138bb7cb906da0e5a4d8eb2421\"},\"headline\":\"Nube sostenible: el futuro verde de la tecnolog\u00eda\",\"datePublished\":\"2023-09-13T19:24:10+00:00\",\"dateModified\":\"2024-01-10T19:57:00+00:00\",\"mainEntityOfPage\":{\"@id\":\"https:\\\/\\\/testing.xplaye.com\\\/ikusi2\\\/mx\\\/blog\\\/nube-sostenible-el-futuro-verde-de-la-tecnologia\\\/\"},\"wordCount\":883,\"publisher\":{\"@id\":\"https:\\\/\\\/testing.xplaye.com\\\/ikusi2\\\/mx\\\/#organization\"},\"image\":{\"@id\":\"https:\\\/\\\/testing.xplaye.com\\\/ikusi2\\\/mx\\\/blog\\\/nube-sostenible-el-futuro-verde-de-la-tecnologia\\\/#primaryimage\"},\"thumbnailUrl\":\"https:\\\/\\\/testing.xplaye.com\\\/ikusi2\\\/mx\\\/wp-content\\\/uploads\\\/sites\\\/2\\\/2023\\\/09\\\/ikusi-blogpost-portada-01-2.jpg\",\"keywords\":[\"Nube\",\"C\u00f3mputo en la nube\",\"Sostenibilidad\",\"tecnolog\u00eda sostenible\"],\"articleSection\":[\"Aplicaci\u00f3n de soluciones\"],\"inLanguage\":\"es\"},{\"@type\":\"WebPage\",\"@id\":\"https:\\\/\\\/testing.xplaye.com\\\/ikusi2\\\/mx\\\/blog\\\/nube-sostenible-el-futuro-verde-de-la-tecnologia\\\/\",\"url\":\"https:\\\/\\\/testing.xplaye.com\\\/ikusi2\\\/mx\\\/blog\\\/nube-sostenible-el-futuro-verde-de-la-tecnologia\\\/\",\"name\":\"Nube sostenible: el futuro verde de la tecnolog\u00eda - Ikusi\",\"isPartOf\":{\"@id\":\"https:\\\/\\\/testing.xplaye.com\\\/ikusi2\\\/mx\\\/#website\"},\"primaryImageOfPage\":{\"@id\":\"https:\\\/\\\/testing.xplaye.com\\\/ikusi2\\\/mx\\\/blog\\\/nube-sostenible-el-futuro-verde-de-la-tecnologia\\\/#primaryimage\"},\"image\":{\"@id\":\"https:\\\/\\\/testing.xplaye.com\\\/ikusi2\\\/mx\\\/blog\\\/nube-sostenible-el-futuro-verde-de-la-tecnologia\\\/#primaryimage\"},\"thumbnailUrl\":\"https:\\\/\\\/testing.xplaye.com\\\/ikusi2\\\/mx\\\/wp-content\\\/uploads\\\/sites\\\/2\\\/2023\\\/09\\\/ikusi-blogpost-portada-01-2.jpg\",\"datePublished\":\"2023-09-13T19:24:10+00:00\",\"dateModified\":\"2024-01-10T19:57:00+00:00\",\"description\":\"Las plataformas en la nube ser\u00e1 una de las\u00a0tecnolog\u00edas emergentes de sostenibilidad m\u00e1s adoptadas dentro del ecosistema empresarial.\",\"breadcrumb\":{\"@id\":\"https:\\\/\\\/testing.xplaye.com\\\/ikusi2\\\/mx\\\/blog\\\/nube-sostenible-el-futuro-verde-de-la-tecnologia\\\/#breadcrumb\"},\"inLanguage\":\"es\",\"potentialAction\":[{\"@type\":\"ReadAction\",\"target\":[\"https:\\\/\\\/testing.xplaye.com\\\/ikusi2\\\/mx\\\/blog\\\/nube-sostenible-el-futuro-verde-de-la-tecnologia\\\/\"]}]},{\"@type\":\"ImageObject\",\"inLanguage\":\"es\",\"@id\":\"https:\\\/\\\/testing.xplaye.com\\\/ikusi2\\\/mx\\\/blog\\\/nube-sostenible-el-futuro-verde-de-la-tecnologia\\\/#primaryimage\",\"url\":\"https:\\\/\\\/testing.xplaye.com\\\/ikusi2\\\/mx\\\/wp-content\\\/uploads\\\/sites\\\/2\\\/2023\\\/09\\\/ikusi-blogpost-portada-01-2.jpg\",\"contentUrl\":\"https:\\\/\\\/testing.xplaye.com\\\/ikusi2\\\/mx\\\/wp-content\\\/uploads\\\/sites\\\/2\\\/2023\\\/09\\\/ikusi-blogpost-portada-01-2.jpg\"},{\"@type\":\"BreadcrumbList\",\"@id\":\"https:\\\/\\\/testing.xplaye.com\\\/ikusi2\\\/mx\\\/blog\\\/nube-sostenible-el-futuro-verde-de-la-tecnologia\\\/#breadcrumb\",\"itemListElement\":[{\"@type\":\"ListItem\",\"position\":1,\"name\":\"Portada\",\"item\":\"https:\\\/\\\/testing.xplaye.com\\\/ikusi2\\\/mx\\\/\"},{\"@type\":\"ListItem\",\"position\":2,\"name\":\"Nube sostenible: el futuro verde de la tecnolog\u00eda\"}]},{\"@type\":\"WebSite\",\"@id\":\"https:\\\/\\\/testing.xplaye.com\\\/ikusi2\\\/mx\\\/#website\",\"url\":\"https:\\\/\\\/testing.xplaye.com\\\/ikusi2\\\/mx\\\/\",\"name\":\"Ikusi\",\"description\":\"\",\"publisher\":{\"@id\":\"https:\\\/\\\/testing.xplaye.com\\\/ikusi2\\\/mx\\\/#organization\"},\"alternateName\":\"Ikusi\",\"potentialAction\":[{\"@type\":\"SearchAction\",\"target\":{\"@type\":\"EntryPoint\",\"urlTemplate\":\"https:\\\/\\\/testing.xplaye.com\\\/ikusi2\\\/mx\\\/?s={search_term_string}\"},\"query-input\":{\"@type\":\"PropertyValueSpecification\",\"valueRequired\":true,\"valueName\":\"search_term_string\"}}],\"inLanguage\":\"es\"},{\"@type\":\"Organization\",\"@id\":\"https:\\\/\\\/testing.xplaye.com\\\/ikusi2\\\/mx\\\/#organization\",\"name\":\"Ikusi\",\"alternateName\":\"Ikusi\",\"url\":\"https:\\\/\\\/testing.xplaye.com\\\/ikusi2\\\/mx\\\/\",\"logo\":{\"@type\":\"ImageObject\",\"inLanguage\":\"es\",\"@id\":\"https:\\\/\\\/testing.xplaye.com\\\/ikusi2\\\/mx\\\/#\\\/schema\\\/logo\\\/image\\\/\",\"url\":\"https:\\\/\\\/testing.xplaye.com\\\/ikusi2\\\/mx\\\/wp-content\\\/uploads\\\/sites\\\/2\\\/2023\\\/04\\\/ikusi.svg\",\"contentUrl\":\"https:\\\/\\\/testing.xplaye.com\\\/ikusi2\\\/mx\\\/wp-content\\\/uploads\\\/sites\\\/2\\\/2023\\\/04\\\/ikusi.svg\",\"width\":1,\"height\":1,\"caption\":\"Ikusi\"},\"image\":{\"@id\":\"https:\\\/\\\/testing.xplaye.com\\\/ikusi2\\\/mx\\\/#\\\/schema\\\/logo\\\/image\\\/\"},\"sameAs\":[\"https:\\\/\\\/www.facebook.com\\\/ikusilatam\",\"https:\\\/\\\/x.com\\\/ikusilatam\",\"https:\\\/\\\/www.linkedin.com\\\/company\\\/ikusilatam\\\/\",\"https:\\\/\\\/www.youtube.com\\\/channel\\\/UC7QvmB90i9qYgmF3P7iUGhQ\",\"https:\\\/\\\/www.instagram.com\\\/ikusilatam\\\/\"]},{\"@type\":\"Person\",\"@id\":\"https:\\\/\\\/testing.xplaye.com\\\/ikusi2\\\/mx\\\/#\\\/schema\\\/person\\\/3ddd1a138bb7cb906da0e5a4d8eb2421\",\"name\":\"Arturo Guerrero\",\"image\":{\"@type\":\"ImageObject\",\"inLanguage\":\"es\",\"@id\":\"https:\\\/\\\/secure.gravatar.com\\\/avatar\\\/1e51dd1e6989e74205844f32995a1edfc722cee14b3c1aa128f4e4fdecd6571b?s=96&d=mm&r=g\",\"url\":\"https:\\\/\\\/secure.gravatar.com\\\/avatar\\\/1e51dd1e6989e74205844f32995a1edfc722cee14b3c1aa128f4e4fdecd6571b?s=96&d=mm&r=g\",\"contentUrl\":\"https:\\\/\\\/secure.gravatar.com\\\/avatar\\\/1e51dd1e6989e74205844f32995a1edfc722cee14b3c1aa128f4e4fdecd6571b?s=96&d=mm&r=g\",\"caption\":\"Arturo Guerrero\"},\"description\":\"Ingeniero de Preventa de Data Center\",\"sameAs\":[\"https:\\\/\\\/www.linkedin.com\\\/in\\\/arturo-j-guerrero-268aaaa2\\\/\"],\"url\":\"https:\\\/\\\/testing.xplaye.com\\\/ikusi2\\\/mx\\\/author\\\/arturo-guerrero\\\/\"}]}<\/script>\n<!-- \/ Yoast SEO plugin. -->","yoast_head_json":{"title":"Nube sostenible: el futuro verde de la tecnolog\u00eda - Ikusi","description":"Las plataformas en la nube ser\u00e1 una de las\u00a0tecnolog\u00edas emergentes de sostenibilidad m\u00e1s adoptadas dentro del ecosistema empresarial.","robots":{"index":"index","follow":"follow","max-snippet":"max-snippet:-1","max-image-preview":"max-image-preview:large","max-video-preview":"max-video-preview:-1"},"canonical":"https:\/\/testing.xplaye.com\/ikusi2\/mx\/blog\/nube-sostenible-el-futuro-verde-de-la-tecnologia\/","og_locale":"es_MX","og_type":"article","og_title":"Nube sostenible: el futuro verde de la tecnolog\u00eda - Ikusi","og_description":"Las plataformas en la nube ser\u00e1 una de las\u00a0tecnolog\u00edas emergentes de sostenibilidad m\u00e1s adoptadas dentro del ecosistema empresarial.","og_url":"https:\/\/testing.xplaye.com\/ikusi2\/mx\/blog\/nube-sostenible-el-futuro-verde-de-la-tecnologia\/","og_site_name":"Ikusi MX","article_publisher":"https:\/\/www.facebook.com\/ikusilatam","article_published_time":"2023-09-13T19:24:10+00:00","article_modified_time":"2024-01-10T19:57:00+00:00","author":"Arturo Guerrero","twitter_card":"summary_large_image","twitter_creator":"@ikusilatam","twitter_site":"@ikusilatam","twitter_misc":{"Escrito por":"Arturo Guerrero","Tiempo de lectura":"5 minutos"},"schema":{"@context":"https:\/\/schema.org","@graph":[{"@type":"Article","@id":"https:\/\/testing.xplaye.com\/ikusi2\/mx\/blog\/nube-sostenible-el-futuro-verde-de-la-tecnologia\/#article","isPartOf":{"@id":"https:\/\/testing.xplaye.com\/ikusi2\/mx\/blog\/nube-sostenible-el-futuro-verde-de-la-tecnologia\/"},"author":{"name":"Arturo Guerrero","@id":"https:\/\/testing.xplaye.com\/ikusi2\/mx\/#\/schema\/person\/3ddd1a138bb7cb906da0e5a4d8eb2421"},"headline":"Nube sostenible: el futuro verde de la tecnolog\u00eda","datePublished":"2023-09-13T19:24:10+00:00","dateModified":"2024-01-10T19:57:00+00:00","mainEntityOfPage":{"@id":"https:\/\/testing.xplaye.com\/ikusi2\/mx\/blog\/nube-sostenible-el-futuro-verde-de-la-tecnologia\/"},"wordCount":883,"publisher":{"@id":"https:\/\/testing.xplaye.com\/ikusi2\/mx\/#organization"},"image":{"@id":"https:\/\/testing.xplaye.com\/ikusi2\/mx\/blog\/nube-sostenible-el-futuro-verde-de-la-tecnologia\/#primaryimage"},"thumbnailUrl":"https:\/\/testing.xplaye.com\/ikusi2\/mx\/wp-content\/uploads\/sites\/2\/2023\/09\/ikusi-blogpost-portada-01-2.jpg","keywords":["Nube","C\u00f3mputo en la nube","Sostenibilidad","tecnolog\u00eda sostenible"],"articleSection":["Aplicaci\u00f3n de soluciones"],"inLanguage":"es"},{"@type":"WebPage","@id":"https:\/\/testing.xplaye.com\/ikusi2\/mx\/blog\/nube-sostenible-el-futuro-verde-de-la-tecnologia\/","url":"https:\/\/testing.xplaye.com\/ikusi2\/mx\/blog\/nube-sostenible-el-futuro-verde-de-la-tecnologia\/","name":"Nube sostenible: el futuro verde de la tecnolog\u00eda - Ikusi","isPartOf":{"@id":"https:\/\/testing.xplaye.com\/ikusi2\/mx\/#website"},"primaryImageOfPage":{"@id":"https:\/\/testing.xplaye.com\/ikusi2\/mx\/blog\/nube-sostenible-el-futuro-verde-de-la-tecnologia\/#primaryimage"},"image":{"@id":"https:\/\/testing.xplaye.com\/ikusi2\/mx\/blog\/nube-sostenible-el-futuro-verde-de-la-tecnologia\/#primaryimage"},"thumbnailUrl":"https:\/\/testing.xplaye.com\/ikusi2\/mx\/wp-content\/uploads\/sites\/2\/2023\/09\/ikusi-blogpost-portada-01-2.jpg","datePublished":"2023-09-13T19:24:10+00:00","dateModified":"2024-01-10T19:57:00+00:00","description":"Las plataformas en la nube ser\u00e1 una de las\u00a0tecnolog\u00edas emergentes de sostenibilidad m\u00e1s adoptadas dentro del ecosistema empresarial.","breadcrumb":{"@id":"https:\/\/testing.xplaye.com\/ikusi2\/mx\/blog\/nube-sostenible-el-futuro-verde-de-la-tecnologia\/#breadcrumb"},"inLanguage":"es","potentialAction":[{"@type":"ReadAction","target":["https:\/\/testing.xplaye.com\/ikusi2\/mx\/blog\/nube-sostenible-el-futuro-verde-de-la-tecnologia\/"]}]},{"@type":"ImageObject","inLanguage":"es","@id":"https:\/\/testing.xplaye.com\/ikusi2\/mx\/blog\/nube-sostenible-el-futuro-verde-de-la-tecnologia\/#primaryimage","url":"https:\/\/testing.xplaye.com\/ikusi2\/mx\/wp-content\/uploads\/sites\/2\/2023\/09\/ikusi-blogpost-portada-01-2.jpg","contentUrl":"https:\/\/testing.xplaye.com\/ikusi2\/mx\/wp-content\/uploads\/sites\/2\/2023\/09\/ikusi-blogpost-portada-01-2.jpg"},{"@type":"BreadcrumbList","@id":"https:\/\/testing.xplaye.com\/ikusi2\/mx\/blog\/nube-sostenible-el-futuro-verde-de-la-tecnologia\/#breadcrumb","itemListElement":[{"@type":"ListItem","position":1,"name":"Portada","item":"https:\/\/testing.xplaye.com\/ikusi2\/mx\/"},{"@type":"ListItem","position":2,"name":"Nube sostenible: el futuro verde de la tecnolog\u00eda"}]},{"@type":"WebSite","@id":"https:\/\/testing.xplaye.com\/ikusi2\/mx\/#website","url":"https:\/\/testing.xplaye.com\/ikusi2\/mx\/","name":"Ikusi","description":"","publisher":{"@id":"https:\/\/testing.xplaye.com\/ikusi2\/mx\/#organization"},"alternateName":"Ikusi","potentialAction":[{"@type":"SearchAction","target":{"@type":"EntryPoint","urlTemplate":"https:\/\/testing.xplaye.com\/ikusi2\/mx\/?s={search_term_string}"},"query-input":{"@type":"PropertyValueSpecification","valueRequired":true,"valueName":"search_term_string"}}],"inLanguage":"es"},{"@type":"Organization","@id":"https:\/\/testing.xplaye.com\/ikusi2\/mx\/#organization","name":"Ikusi","alternateName":"Ikusi","url":"https:\/\/testing.xplaye.com\/ikusi2\/mx\/","logo":{"@type":"ImageObject","inLanguage":"es","@id":"https:\/\/testing.xplaye.com\/ikusi2\/mx\/#\/schema\/logo\/image\/","url":"https:\/\/testing.xplaye.com\/ikusi2\/mx\/wp-content\/uploads\/sites\/2\/2023\/04\/ikusi.svg","contentUrl":"https:\/\/testing.xplaye.com\/ikusi2\/mx\/wp-content\/uploads\/sites\/2\/2023\/04\/ikusi.svg","width":1,"height":1,"caption":"Ikusi"},"image":{"@id":"https:\/\/testing.xplaye.com\/ikusi2\/mx\/#\/schema\/logo\/image\/"},"sameAs":["https:\/\/www.facebook.com\/ikusilatam","https:\/\/x.com\/ikusilatam","https:\/\/www.linkedin.com\/company\/ikusilatam\/","https:\/\/www.youtube.com\/channel\/UC7QvmB90i9qYgmF3P7iUGhQ","https:\/\/www.instagram.com\/ikusilatam\/"]},{"@type":"Person","@id":"https:\/\/testing.xplaye.com\/ikusi2\/mx\/#\/schema\/person\/3ddd1a138bb7cb906da0e5a4d8eb2421","name":"Arturo Guerrero","image":{"@type":"ImageObject","inLanguage":"es","@id":"https:\/\/secure.gravatar.com\/avatar\/1e51dd1e6989e74205844f32995a1edfc722cee14b3c1aa128f4e4fdecd6571b?s=96&d=mm&r=g","url":"https:\/\/secure.gravatar.com\/avatar\/1e51dd1e6989e74205844f32995a1edfc722cee14b3c1aa128f4e4fdecd6571b?s=96&d=mm&r=g","contentUrl":"https:\/\/secure.gravatar.com\/avatar\/1e51dd1e6989e74205844f32995a1edfc722cee14b3c1aa128f4e4fdecd6571b?s=96&d=mm&r=g","caption":"Arturo Guerrero"},"description":"Ingeniero de Preventa de Data Center","sameAs":["https:\/\/www.linkedin.com\/in\/arturo-j-guerrero-268aaaa2\/"],"url":"https:\/\/testing.xplaye.com\/ikusi2\/mx\/author\/arturo-guerrero\/"}]}},"_links":{"self":[{"href":"https:\/\/testing.xplaye.com\/ikusi2\/mx\/wp-json\/wp\/v2\/posts\/10855","targetHints":{"allow":["GET"]}}],"collection":[{"href":"https:\/\/testing.xplaye.com\/ikusi2\/mx\/wp-json\/wp\/v2\/posts"}],"about":[{"href":"https:\/\/testing.xplaye.com\/ikusi2\/mx\/wp-json\/wp\/v2\/types\/post"}],"author":[{"embeddable":true,"href":"https:\/\/testing.xplaye.com\/ikusi2\/mx\/wp-json\/wp\/v2\/users\/13"}],"replies":[{"embeddable":true,"href":"https:\/\/testing.xplaye.com\/ikusi2\/mx\/wp-json\/wp\/v2\/comments?post=10855"}],"version-history":[{"count":15,"href":"https:\/\/testing.xplaye.com\/ikusi2\/mx\/wp-json\/wp\/v2\/posts\/10855\/revisions"}],"predecessor-version":[{"id":11306,"href":"https:\/\/testing.xplaye.com\/ikusi2\/mx\/wp-json\/wp\/v2\/posts\/10855\/revisions\/11306"}],"wp:featuredmedia":[{"embeddable":true,"href":"https:\/\/testing.xplaye.com\/ikusi2\/mx\/wp-json\/"}],"wp:attachment":[{"href":"https:\/\/testing.xplaye.com\/ikusi2\/mx\/wp-json\/wp\/v2\/media?parent=10855"}],"wp:term":[{"taxonomy":"category","embeddable":true,"href":"https:\/\/testing.xplaye.com\/ikusi2\/mx\/wp-json\/wp\/v2\/categories?post=10855"},{"taxonomy":"post_tag","embeddable":true,"href":"https:\/\/testing.xplaye.com\/ikusi2\/mx\/wp-json\/wp\/v2\/tags?post=10855"},{"taxonomy":"temas","embeddable":true,"href":"https:\/\/testing.xplaye.com\/ikusi2\/mx\/wp-json\/wp\/v2\/temas?post=10855"}],"curies":[{"name":"wp","href":"https:\/\/api.w.org\/{rel}","templated":true}]}}