{"id":13876,"date":"2024-02-12T16:50:57","date_gmt":"2024-02-12T15:50:57","guid":{"rendered":"https:\/\/testing.xplaye.com\/ikusi2\/es\/?p=13876"},"modified":"2024-08-14T17:56:04","modified_gmt":"2024-08-14T15:56:04","slug":"entrevista-a-valeria-rodriguez-lider-de-arquitectura-de-data-center-y-operaciones-de-ikusi-en-medellin","status":"publish","type":"post","link":"https:\/\/testing.xplaye.com\/ikusi2\/es\/blog\/entrevista-a-valeria-rodriguez-lider-de-arquitectura-de-data-center-y-operaciones-de-ikusi-en-medellin\/","title":{"rendered":"Entrevista a Valeria Rodr\u00edguez, l\u00edder de arquitectura de data center y operaciones de Ikusi en Medell\u00edn"},"content":{"rendered":"\n<blockquote class=\"wp-block-quote is-layout-flow wp-block-quote-is-layout-flow\">\n<p>\u201cLo que estamos haciendo desde Ikusi es ayudar a los clientes a hacer el viaje desde las redes tradicionales a las redes definidas por software\u201d<\/p>\n<\/blockquote>\n\n\n\n<p>Valeria Rodr\u00edguez, l\u00edder de arquitectura de data center y operaciones de Ikusi en Medell\u00edn, es joven. Pero, como se suele decir, sobradamente preparada. Su viaje, como lo llama ella, comenz\u00f3 all\u00e1 por 2011 cuando realiz\u00f3 sus primeras pr\u00e1cticas, luego llegar\u00eda su primer contrato en la empresa de equipos de telecomunicaciones Italtel en 2011. Trabajo que combin\u00f3 con sus estudios de ingenier\u00eda de telecomunicaciones.<\/p>\n\n\n\n<p>Hoy conversamos con ella sobre la estrategia de Ikusi para desarrollar el mercado en la regi\u00f3n de Medell\u00edn, principalmente en su \u00e1rea de especialidad: los data center.<\/p>\n\n\n\n<h2 class=\"wp-block-heading\">Como dec\u00eda eres una persona con una larga carrera profesional para tu edad, que se ha desarrollado especialmente en el \u00e1rea de los centros de datos.<\/h2>\n\n\n\n<p>Efectivamente, as\u00ed es. Tras mi paso por Italtel, comenc\u00e9 a trabajar en IBM. All\u00ed inici\u00e9 la especializaci\u00f3n en data centers. Hasta aquel momento estaban los principales data center en Bogot\u00e1 y uno en Medell\u00edn. Sin embargo, hab\u00eda clientes y compa\u00f1\u00edas en Medell\u00edn que ten\u00edan su hosting y servicios en dichos data center, y la estrategia para brindar un mejor servicio a estos clientes fue que pudiera tomar los clientes de la regi\u00f3n de Medell\u00edn independiente de la localizaci\u00f3n de sus servicios entre estos data center mencionados.<\/p>\n\n\n\n<p>Ikusi ha entendido esta premisa a la perfecci\u00f3n y por eso estamos trabajando desde Medell\u00edn para las organizaciones de la zona.<\/p>\n\n\n\n<h2 class=\"wp-block-heading\">Y en noviembre de 2022 lleg\u00f3 una llamada de Ikusi<\/h2>\n\n\n\n<p>As\u00ed fue. Yo por aquel entonces trabajaba en GBM, un socio de IBM a nivel Centroam\u00e9rica en \u00e9l continu\u00e9 trabajando en el entorno de los data center, inicialmente como ingeniera especialista a cargo de la operaci\u00f3n de los data center de la regi\u00f3n, y posteriormente como arquitecta regional brindando dise\u00f1o de soluciones de data center a los clientes de la compa\u00f1\u00eda.<\/p>\n\n\n\n<p>Se puso en contacto conmigo \u00d3scar G\u00f3mez, gerente de Operaciones de Ikusi en Colombia, con quien hab\u00eda trabajado en ITS Infocom. Quer\u00eda crear un equipo con profesionales de calidad en Medell\u00edn. Era tentador, pero yo estaba a gusto en mi trabajo. Necesitaba una se\u00f1al para dar el paso y, en vez de una, llegaron dos. Ikusi ten\u00eda formado un peque\u00f1o equipo con dos personas, a las que casualmente tambi\u00e9n conoc\u00eda. Mauricio Mart\u00ednez ahora gerente de Preventa en Ikusi que fue mi maestro en Italtel y Erica Trivi\u00f1o, comercial con quien tambi\u00e9n coincid\u00ed en Italtel. Las dos se\u00f1ales hab\u00edan llegado, as\u00ed que decid\u00ed dar el paso. Como me dijo Mauricio en aquel momento cuando le ped\u00ed consejo, es que me iba trabajar con el Real Madrid de los data center en Colombia.<\/p>\n\n\n\n<p>Este mes de enero celebro mi primer a\u00f1o en Ikusi y estoy muy contenta. Y tengo que darles las gracias a \u00d3scar y Mauricio, el nivel t\u00e9cnico de Ikusi destaca y permite un desarrollo profesional enorme.<\/p>\n\n\n\n<h2 class=\"wp-block-heading\">\u00bfLe das mucha importancia al equipo Valeria?<\/h2>\n\n\n\n<p>Es que la tiene. En Medell\u00edn y en Ikusi no trabaja un grupo de profesionales, trabaja un equipo de profesionales con may\u00fasculas. Somos viejos conocidos, nos complementamos, tenemos un alto grado de responsabilidad, se crean sinergias entre nosotros, y eso los clientes lo perciben.<br>Adem\u00e1s, el equipo en Medell\u00edn se ha ampliado con otros dos fichajes. Se han incorporado H\u00e9ctor Pedraza y Edisson Gaviria. H\u00e9ctor trabaja en el \u00e1rea de Enterprise, y coincid\u00ed con \u00e9l en la empresa ITS. Tuvimos una buena relaci\u00f3n. Edisson tambi\u00e9n trabaj\u00f3 en Italtel y su rol es el de l\u00edder de la arquitectura de Seguridad.<\/p>\n\n\n\n<h2 class=\"wp-block-heading\">\u00bfLa oferta a los clientes de Medell\u00edn es la misma que pueden encontrar en Bogot\u00e1?<\/h2>\n\n\n\n<p>Ikusi en Colombia est\u00e1 estructurado en tres arquitecturas que son Enterprise, Seguridad y Data Center, y en Medell\u00edn tenemos la oferta completa. Esto es muy importante de cara a los clientes porque visibilizamos con hechos que Ikusi tiene calidad y excelentes ingenieros no solo en Bogot\u00e1, sino que tiene una gran apuesta por Medell\u00edn donde demuestra que es seria y sincera.<\/p>\n\n\n\n<h2 class=\"wp-block-heading\">\u00bfC\u00f3mo abord\u00e1is la fidelizaci\u00f3n del cliente?<\/h2>\n\n\n\n<p>Desplegando una forma de trabajar con sello y ADN Ikusi.<\/p>\n\n\n\n<p>Lo esencial es que el cliente perciba la calidad desde el propio dise\u00f1o del proyecto. Conocer a fondo su negocio para no solo cubrir sus necesidades sino para aportarle valor agregado.<\/p>\n\n\n\n<p>Otro momento importante se produce durante el proceso de implementaci\u00f3n. Es entonces cuando hay que explotar al m\u00e1ximo la soluci\u00f3n. Y a esta fase tambi\u00e9n le imprimimos el ADN Ikusi y, cuando podemos dar al cliente algo m\u00e1s que lo contratado inicialmente, lo hacemos.<\/p>\n\n\n\n<p>Y, finalmente, llegamos a la fase de soporte. Las soluciones fallan, se presentan nuevas necesidades a las que hay que dar respuesta, y eso es una cadena, un ciclo.<\/p>\n\n\n\n<p>Si superamos esas tres fases con nota alta, podemos destacar por un gran servicio, y es mucho m\u00e1s factible lograr una fidelizaci\u00f3n y preferencia por parte de los clientes.<\/p>\n\n\n\n<p>Es un enfoque completamente diferente al de una gran empresa. Es la lucha de David contra Goliat, por lo tanto, la estrategia tiene que ser diferente. No somos tan grandes, pero precisamente por nuestro tama\u00f1o podemos cuidar de las personas, crear sinergias, estar muy cerca del cliente y cuidarles tanto a ellos como a las personas de nuestros equipos.<\/p>\n\n\n\n<h2 class=\"wp-block-heading\">Si tuvieras que elegir dos aspectos que diferencian la oferta de Ikusi de la de otras empresas, \u00bfcu\u00e1les destacar\u00edas?<\/h2>\n\n\n\n<p>La calidad de las personas que forman el equipo, su alta capacidad, excelencia, entrega, disposici\u00f3n, y como valor agregado es que la compa\u00f1\u00eda dispone de un \u00e1rea de programabilidad. La programabilidad entendida como complemento a las diferentes arquitecturas, como medio para explotar al m\u00e1ximo las potencialidades del producto y, finalmente, facilitar al cliente su operaci\u00f3n diaria.<\/p>\n\n\n\n<h2 class=\"wp-block-heading\">\u00bfQu\u00e9 sectores son m\u00e1s susceptibles de valorar y beneficiarse de esos aspectos diferenciales de Ikusi?<\/h2>\n\n\n\n<p>Cualquier tipo de cliente puede elegirnos para apoyarlos y brindarles un servicio de calidad en el que podamos ayudarlos a cumplir el objetivo y core de sus compa\u00f1\u00edas. El sector banca es uno de ellos, retail, comercial, educaci\u00f3n, entre otros. Pero no me gusta referirme a sectores concretos. Considero que lo que estamos haciendo desde Ikusi es ayudar a los clientes a hacer el viaje desde las redes tradicionales a las redes definidas por software y\/o a mejorar su infraestructura en caso de otras necesidades que se requieran, independientemente del sector econ\u00f3mico en el que operen.<\/p>\n\n\n\n<h2 class=\"wp-block-heading\">\u00bfDesde qu\u00e9 perspectiva abord\u00e1is el despliegue de otra arquitectura demandada por el mercado como la nube p\u00fablica?<\/h2>\n\n\n\n<p>Yo creo que hubo un boom bastante grande en este \u00e1mbito en sus inicios. Pero con el paso del tiempo se ha visto que no es la \u00fanica propuesta.<br>Nuestra idea en Ikusi es combinar nubes p\u00fablicas y privadas para alcanzar un sistema h\u00edbrido. Creemos que se pueden alojar servicios cr\u00edticos en premisas y complementarlos con otros en la nube para la operaci\u00f3n y las aplicaciones.<\/p>\n","protected":false},"excerpt":{"rendered":"<p>Lo que estamos haciendo desde Ikusi es ayudar a los clientes a hacer el viaje desde las redes tradicionales a las redes definidas por software<\/p>\n","protected":false},"author":1,"featured_media":13877,"comment_status":"closed","ping_status":"closed","sticky":false,"template":"","format":"standard","meta":{"_acf_changed":false,"footnotes":""},"categories":[36],"tags":[40,273],"temas":[193,274],"class_list":["post-13876","post","type-post","status-publish","format-standard","has-post-thumbnail","hentry","category-corporativo","tag-nube","tag-data-center","temas-nube","temas-data-center"],"acf":[],"yoast_head":"<!-- This site is optimized with the Yoast SEO plugin v27.4 - https:\/\/yoast.com\/product\/yoast-seo-wordpress\/ -->\n<title>Entrevista a Valeria Rodr\u00edguez, l\u00edder de arquitectura de data center y operaciones de Ikusi en Medell\u00edn - Ikusi ES<\/title>\n<meta name=\"robots\" content=\"index, follow, max-snippet:-1, max-image-preview:large, max-video-preview:-1\" \/>\n<link rel=\"canonical\" href=\"https:\/\/testing.xplaye.com\/ikusi2\/es\/blog\/entrevista-a-valeria-rodriguez-lider-de-arquitectura-de-data-center-y-operaciones-de-ikusi-en-medellin\/\" \/>\n<meta property=\"og:locale\" content=\"es_ES\" \/>\n<meta property=\"og:type\" content=\"article\" \/>\n<meta property=\"og:title\" content=\"Entrevista a Valeria Rodr\u00edguez, l\u00edder de arquitectura de data center y operaciones de Ikusi en Medell\u00edn - Ikusi ES\" \/>\n<meta property=\"og:description\" content=\"Lo que estamos haciendo desde Ikusi es ayudar a los clientes a hacer el viaje desde las redes tradicionales a las redes definidas por software\" \/>\n<meta property=\"og:url\" content=\"https:\/\/testing.xplaye.com\/ikusi2\/es\/blog\/entrevista-a-valeria-rodriguez-lider-de-arquitectura-de-data-center-y-operaciones-de-ikusi-en-medellin\/\" \/>\n<meta property=\"og:site_name\" content=\"Ikusi ES\" \/>\n<meta property=\"article:published_time\" content=\"2024-02-12T15:50:57+00:00\" \/>\n<meta property=\"article:modified_time\" content=\"2024-08-14T15:56:04+00:00\" \/>\n<meta property=\"og:image\" content=\"https:\/\/testing.xplaye.com\/ikusi2\/es\/wp-content\/uploads\/sites\/2\/2024\/02\/Foto-Valeria-Rodriguez-web.jpg\" \/>\n\t<meta property=\"og:image:width\" content=\"1535\" \/>\n\t<meta property=\"og:image:height\" content=\"1020\" \/>\n\t<meta property=\"og:image:type\" content=\"image\/jpeg\" \/>\n<meta name=\"author\" content=\"xplaye\" \/>\n<meta name=\"twitter:card\" content=\"summary_large_image\" \/>\n<meta name=\"twitter:label1\" content=\"Escrito por\" \/>\n\t<meta name=\"twitter:data1\" content=\"xplaye\" \/>\n\t<meta name=\"twitter:label2\" content=\"Tiempo de lectura\" \/>\n\t<meta name=\"twitter:data2\" content=\"6 minutos\" \/>\n<script type=\"application\/ld+json\" class=\"yoast-schema-graph\">{\"@context\":\"https:\\\/\\\/schema.org\",\"@graph\":[{\"@type\":\"Article\",\"@id\":\"https:\\\/\\\/testing.xplaye.com\\\/ikusi2\\\/es\\\/blog\\\/entrevista-a-valeria-rodriguez-lider-de-arquitectura-de-data-center-y-operaciones-de-ikusi-en-medellin\\\/#article\",\"isPartOf\":{\"@id\":\"https:\\\/\\\/testing.xplaye.com\\\/ikusi2\\\/es\\\/blog\\\/entrevista-a-valeria-rodriguez-lider-de-arquitectura-de-data-center-y-operaciones-de-ikusi-en-medellin\\\/\"},\"author\":{\"name\":\"xplaye\",\"@id\":\"https:\\\/\\\/testing.xplaye.com\\\/ikusi2\\\/es\\\/#\\\/schema\\\/person\\\/f4a3d3d1f4a28dfbfbe2c9f81fb5dc13\"},\"headline\":\"Entrevista a Valeria Rodr\u00edguez, l\u00edder de arquitectura de data center y operaciones de Ikusi en Medell\u00edn\",\"datePublished\":\"2024-02-12T15:50:57+00:00\",\"dateModified\":\"2024-08-14T15:56:04+00:00\",\"mainEntityOfPage\":{\"@id\":\"https:\\\/\\\/testing.xplaye.com\\\/ikusi2\\\/es\\\/blog\\\/entrevista-a-valeria-rodriguez-lider-de-arquitectura-de-data-center-y-operaciones-de-ikusi-en-medellin\\\/\"},\"wordCount\":1244,\"image\":{\"@id\":\"https:\\\/\\\/testing.xplaye.com\\\/ikusi2\\\/es\\\/blog\\\/entrevista-a-valeria-rodriguez-lider-de-arquitectura-de-data-center-y-operaciones-de-ikusi-en-medellin\\\/#primaryimage\"},\"thumbnailUrl\":\"https:\\\/\\\/testing.xplaye.com\\\/ikusi2\\\/es\\\/wp-content\\\/uploads\\\/sites\\\/2\\\/2024\\\/02\\\/Foto-Valeria-Rodriguez-web.jpg\",\"keywords\":[\"Nube\",\"Data center\"],\"articleSection\":[\"Corporativo\"],\"inLanguage\":\"es\"},{\"@type\":\"WebPage\",\"@id\":\"https:\\\/\\\/testing.xplaye.com\\\/ikusi2\\\/es\\\/blog\\\/entrevista-a-valeria-rodriguez-lider-de-arquitectura-de-data-center-y-operaciones-de-ikusi-en-medellin\\\/\",\"url\":\"https:\\\/\\\/testing.xplaye.com\\\/ikusi2\\\/es\\\/blog\\\/entrevista-a-valeria-rodriguez-lider-de-arquitectura-de-data-center-y-operaciones-de-ikusi-en-medellin\\\/\",\"name\":\"Entrevista a Valeria Rodr\u00edguez, l\u00edder de arquitectura de data center y operaciones de Ikusi en Medell\u00edn - Ikusi ES\",\"isPartOf\":{\"@id\":\"https:\\\/\\\/testing.xplaye.com\\\/ikusi2\\\/es\\\/#website\"},\"primaryImageOfPage\":{\"@id\":\"https:\\\/\\\/testing.xplaye.com\\\/ikusi2\\\/es\\\/blog\\\/entrevista-a-valeria-rodriguez-lider-de-arquitectura-de-data-center-y-operaciones-de-ikusi-en-medellin\\\/#primaryimage\"},\"image\":{\"@id\":\"https:\\\/\\\/testing.xplaye.com\\\/ikusi2\\\/es\\\/blog\\\/entrevista-a-valeria-rodriguez-lider-de-arquitectura-de-data-center-y-operaciones-de-ikusi-en-medellin\\\/#primaryimage\"},\"thumbnailUrl\":\"https:\\\/\\\/testing.xplaye.com\\\/ikusi2\\\/es\\\/wp-content\\\/uploads\\\/sites\\\/2\\\/2024\\\/02\\\/Foto-Valeria-Rodriguez-web.jpg\",\"datePublished\":\"2024-02-12T15:50:57+00:00\",\"dateModified\":\"2024-08-14T15:56:04+00:00\",\"author\":{\"@id\":\"https:\\\/\\\/testing.xplaye.com\\\/ikusi2\\\/es\\\/#\\\/schema\\\/person\\\/f4a3d3d1f4a28dfbfbe2c9f81fb5dc13\"},\"breadcrumb\":{\"@id\":\"https:\\\/\\\/testing.xplaye.com\\\/ikusi2\\\/es\\\/blog\\\/entrevista-a-valeria-rodriguez-lider-de-arquitectura-de-data-center-y-operaciones-de-ikusi-en-medellin\\\/#breadcrumb\"},\"inLanguage\":\"es\",\"potentialAction\":[{\"@type\":\"ReadAction\",\"target\":[\"https:\\\/\\\/testing.xplaye.com\\\/ikusi2\\\/es\\\/blog\\\/entrevista-a-valeria-rodriguez-lider-de-arquitectura-de-data-center-y-operaciones-de-ikusi-en-medellin\\\/\"]}]},{\"@type\":\"ImageObject\",\"inLanguage\":\"es\",\"@id\":\"https:\\\/\\\/testing.xplaye.com\\\/ikusi2\\\/es\\\/blog\\\/entrevista-a-valeria-rodriguez-lider-de-arquitectura-de-data-center-y-operaciones-de-ikusi-en-medellin\\\/#primaryimage\",\"url\":\"https:\\\/\\\/testing.xplaye.com\\\/ikusi2\\\/es\\\/wp-content\\\/uploads\\\/sites\\\/2\\\/2024\\\/02\\\/Foto-Valeria-Rodriguez-web.jpg\",\"contentUrl\":\"https:\\\/\\\/testing.xplaye.com\\\/ikusi2\\\/es\\\/wp-content\\\/uploads\\\/sites\\\/2\\\/2024\\\/02\\\/Foto-Valeria-Rodriguez-web.jpg\",\"width\":1535,\"height\":1020},{\"@type\":\"BreadcrumbList\",\"@id\":\"https:\\\/\\\/testing.xplaye.com\\\/ikusi2\\\/es\\\/blog\\\/entrevista-a-valeria-rodriguez-lider-de-arquitectura-de-data-center-y-operaciones-de-ikusi-en-medellin\\\/#breadcrumb\",\"itemListElement\":[{\"@type\":\"ListItem\",\"position\":1,\"name\":\"Portada\",\"item\":\"https:\\\/\\\/testing.xplaye.com\\\/ikusi2\\\/es\\\/\"},{\"@type\":\"ListItem\",\"position\":2,\"name\":\"Entrevista a Valeria Rodr\u00edguez, l\u00edder de arquitectura de data center y operaciones de Ikusi en Medell\u00edn\"}]},{\"@type\":\"WebSite\",\"@id\":\"https:\\\/\\\/testing.xplaye.com\\\/ikusi2\\\/es\\\/#website\",\"url\":\"https:\\\/\\\/testing.xplaye.com\\\/ikusi2\\\/es\\\/\",\"name\":\"Ikusi\",\"description\":\"\",\"alternateName\":\"Ikusi\",\"potentialAction\":[{\"@type\":\"SearchAction\",\"target\":{\"@type\":\"EntryPoint\",\"urlTemplate\":\"https:\\\/\\\/testing.xplaye.com\\\/ikusi2\\\/es\\\/?s={search_term_string}\"},\"query-input\":{\"@type\":\"PropertyValueSpecification\",\"valueRequired\":true,\"valueName\":\"search_term_string\"}}],\"inLanguage\":\"es\"},{\"@type\":\"Person\",\"@id\":\"https:\\\/\\\/testing.xplaye.com\\\/ikusi2\\\/es\\\/#\\\/schema\\\/person\\\/f4a3d3d1f4a28dfbfbe2c9f81fb5dc13\",\"name\":\"xplaye\",\"image\":{\"@type\":\"ImageObject\",\"inLanguage\":\"es\",\"@id\":\"https:\\\/\\\/secure.gravatar.com\\\/avatar\\\/29c78ba38d60022df8e9fa10f92ff0243fa9452265375de2d2d8208764592a1b?s=96&d=mm&r=g\",\"url\":\"https:\\\/\\\/secure.gravatar.com\\\/avatar\\\/29c78ba38d60022df8e9fa10f92ff0243fa9452265375de2d2d8208764592a1b?s=96&d=mm&r=g\",\"contentUrl\":\"https:\\\/\\\/secure.gravatar.com\\\/avatar\\\/29c78ba38d60022df8e9fa10f92ff0243fa9452265375de2d2d8208764592a1b?s=96&d=mm&r=g\",\"caption\":\"xplaye\"},\"sameAs\":[\"https:\\\/\\\/testing.xplaye.com\\\/ikusi2\"],\"url\":\"https:\\\/\\\/testing.xplaye.com\\\/ikusi2\\\/es\\\/author\\\/xplaye\\\/\"}]}<\/script>\n<!-- \/ Yoast SEO plugin. -->","yoast_head_json":{"title":"Entrevista a Valeria Rodr\u00edguez, l\u00edder de arquitectura de data center y operaciones de Ikusi en Medell\u00edn - Ikusi ES","robots":{"index":"index","follow":"follow","max-snippet":"max-snippet:-1","max-image-preview":"max-image-preview:large","max-video-preview":"max-video-preview:-1"},"canonical":"https:\/\/testing.xplaye.com\/ikusi2\/es\/blog\/entrevista-a-valeria-rodriguez-lider-de-arquitectura-de-data-center-y-operaciones-de-ikusi-en-medellin\/","og_locale":"es_ES","og_type":"article","og_title":"Entrevista a Valeria Rodr\u00edguez, l\u00edder de arquitectura de data center y operaciones de Ikusi en Medell\u00edn - Ikusi ES","og_description":"Lo que estamos haciendo desde Ikusi es ayudar a los clientes a hacer el viaje desde las redes tradicionales a las redes definidas por software","og_url":"https:\/\/testing.xplaye.com\/ikusi2\/es\/blog\/entrevista-a-valeria-rodriguez-lider-de-arquitectura-de-data-center-y-operaciones-de-ikusi-en-medellin\/","og_site_name":"Ikusi ES","article_published_time":"2024-02-12T15:50:57+00:00","article_modified_time":"2024-08-14T15:56:04+00:00","og_image":[{"width":1535,"height":1020,"url":"https:\/\/testing.xplaye.com\/ikusi2\/es\/wp-content\/uploads\/sites\/2\/2024\/02\/Foto-Valeria-Rodriguez-web.jpg","type":"image\/jpeg"}],"author":"xplaye","twitter_card":"summary_large_image","twitter_misc":{"Escrito por":"xplaye","Tiempo de lectura":"6 minutos"},"schema":{"@context":"https:\/\/schema.org","@graph":[{"@type":"Article","@id":"https:\/\/testing.xplaye.com\/ikusi2\/es\/blog\/entrevista-a-valeria-rodriguez-lider-de-arquitectura-de-data-center-y-operaciones-de-ikusi-en-medellin\/#article","isPartOf":{"@id":"https:\/\/testing.xplaye.com\/ikusi2\/es\/blog\/entrevista-a-valeria-rodriguez-lider-de-arquitectura-de-data-center-y-operaciones-de-ikusi-en-medellin\/"},"author":{"name":"xplaye","@id":"https:\/\/testing.xplaye.com\/ikusi2\/es\/#\/schema\/person\/f4a3d3d1f4a28dfbfbe2c9f81fb5dc13"},"headline":"Entrevista a Valeria Rodr\u00edguez, l\u00edder de arquitectura de data center y operaciones de Ikusi en Medell\u00edn","datePublished":"2024-02-12T15:50:57+00:00","dateModified":"2024-08-14T15:56:04+00:00","mainEntityOfPage":{"@id":"https:\/\/testing.xplaye.com\/ikusi2\/es\/blog\/entrevista-a-valeria-rodriguez-lider-de-arquitectura-de-data-center-y-operaciones-de-ikusi-en-medellin\/"},"wordCount":1244,"image":{"@id":"https:\/\/testing.xplaye.com\/ikusi2\/es\/blog\/entrevista-a-valeria-rodriguez-lider-de-arquitectura-de-data-center-y-operaciones-de-ikusi-en-medellin\/#primaryimage"},"thumbnailUrl":"https:\/\/testing.xplaye.com\/ikusi2\/es\/wp-content\/uploads\/sites\/2\/2024\/02\/Foto-Valeria-Rodriguez-web.jpg","keywords":["Nube","Data center"],"articleSection":["Corporativo"],"inLanguage":"es"},{"@type":"WebPage","@id":"https:\/\/testing.xplaye.com\/ikusi2\/es\/blog\/entrevista-a-valeria-rodriguez-lider-de-arquitectura-de-data-center-y-operaciones-de-ikusi-en-medellin\/","url":"https:\/\/testing.xplaye.com\/ikusi2\/es\/blog\/entrevista-a-valeria-rodriguez-lider-de-arquitectura-de-data-center-y-operaciones-de-ikusi-en-medellin\/","name":"Entrevista a Valeria Rodr\u00edguez, l\u00edder de arquitectura de data center y operaciones de Ikusi en Medell\u00edn - Ikusi ES","isPartOf":{"@id":"https:\/\/testing.xplaye.com\/ikusi2\/es\/#website"},"primaryImageOfPage":{"@id":"https:\/\/testing.xplaye.com\/ikusi2\/es\/blog\/entrevista-a-valeria-rodriguez-lider-de-arquitectura-de-data-center-y-operaciones-de-ikusi-en-medellin\/#primaryimage"},"image":{"@id":"https:\/\/testing.xplaye.com\/ikusi2\/es\/blog\/entrevista-a-valeria-rodriguez-lider-de-arquitectura-de-data-center-y-operaciones-de-ikusi-en-medellin\/#primaryimage"},"thumbnailUrl":"https:\/\/testing.xplaye.com\/ikusi2\/es\/wp-content\/uploads\/sites\/2\/2024\/02\/Foto-Valeria-Rodriguez-web.jpg","datePublished":"2024-02-12T15:50:57+00:00","dateModified":"2024-08-14T15:56:04+00:00","author":{"@id":"https:\/\/testing.xplaye.com\/ikusi2\/es\/#\/schema\/person\/f4a3d3d1f4a28dfbfbe2c9f81fb5dc13"},"breadcrumb":{"@id":"https:\/\/testing.xplaye.com\/ikusi2\/es\/blog\/entrevista-a-valeria-rodriguez-lider-de-arquitectura-de-data-center-y-operaciones-de-ikusi-en-medellin\/#breadcrumb"},"inLanguage":"es","potentialAction":[{"@type":"ReadAction","target":["https:\/\/testing.xplaye.com\/ikusi2\/es\/blog\/entrevista-a-valeria-rodriguez-lider-de-arquitectura-de-data-center-y-operaciones-de-ikusi-en-medellin\/"]}]},{"@type":"ImageObject","inLanguage":"es","@id":"https:\/\/testing.xplaye.com\/ikusi2\/es\/blog\/entrevista-a-valeria-rodriguez-lider-de-arquitectura-de-data-center-y-operaciones-de-ikusi-en-medellin\/#primaryimage","url":"https:\/\/testing.xplaye.com\/ikusi2\/es\/wp-content\/uploads\/sites\/2\/2024\/02\/Foto-Valeria-Rodriguez-web.jpg","contentUrl":"https:\/\/testing.xplaye.com\/ikusi2\/es\/wp-content\/uploads\/sites\/2\/2024\/02\/Foto-Valeria-Rodriguez-web.jpg","width":1535,"height":1020},{"@type":"BreadcrumbList","@id":"https:\/\/testing.xplaye.com\/ikusi2\/es\/blog\/entrevista-a-valeria-rodriguez-lider-de-arquitectura-de-data-center-y-operaciones-de-ikusi-en-medellin\/#breadcrumb","itemListElement":[{"@type":"ListItem","position":1,"name":"Portada","item":"https:\/\/testing.xplaye.com\/ikusi2\/es\/"},{"@type":"ListItem","position":2,"name":"Entrevista a Valeria Rodr\u00edguez, l\u00edder de arquitectura de data center y operaciones de Ikusi en Medell\u00edn"}]},{"@type":"WebSite","@id":"https:\/\/testing.xplaye.com\/ikusi2\/es\/#website","url":"https:\/\/testing.xplaye.com\/ikusi2\/es\/","name":"Ikusi","description":"","alternateName":"Ikusi","potentialAction":[{"@type":"SearchAction","target":{"@type":"EntryPoint","urlTemplate":"https:\/\/testing.xplaye.com\/ikusi2\/es\/?s={search_term_string}"},"query-input":{"@type":"PropertyValueSpecification","valueRequired":true,"valueName":"search_term_string"}}],"inLanguage":"es"},{"@type":"Person","@id":"https:\/\/testing.xplaye.com\/ikusi2\/es\/#\/schema\/person\/f4a3d3d1f4a28dfbfbe2c9f81fb5dc13","name":"xplaye","image":{"@type":"ImageObject","inLanguage":"es","@id":"https:\/\/secure.gravatar.com\/avatar\/29c78ba38d60022df8e9fa10f92ff0243fa9452265375de2d2d8208764592a1b?s=96&d=mm&r=g","url":"https:\/\/secure.gravatar.com\/avatar\/29c78ba38d60022df8e9fa10f92ff0243fa9452265375de2d2d8208764592a1b?s=96&d=mm&r=g","contentUrl":"https:\/\/secure.gravatar.com\/avatar\/29c78ba38d60022df8e9fa10f92ff0243fa9452265375de2d2d8208764592a1b?s=96&d=mm&r=g","caption":"xplaye"},"sameAs":["https:\/\/testing.xplaye.com\/ikusi2"],"url":"https:\/\/testing.xplaye.com\/ikusi2\/es\/author\/xplaye\/"}]}},"_links":{"self":[{"href":"https:\/\/testing.xplaye.com\/ikusi2\/es\/wp-json\/wp\/v2\/posts\/13876","targetHints":{"allow":["GET"]}}],"collection":[{"href":"https:\/\/testing.xplaye.com\/ikusi2\/es\/wp-json\/wp\/v2\/posts"}],"about":[{"href":"https:\/\/testing.xplaye.com\/ikusi2\/es\/wp-json\/wp\/v2\/types\/post"}],"author":[{"embeddable":true,"href":"https:\/\/testing.xplaye.com\/ikusi2\/es\/wp-json\/wp\/v2\/users\/1"}],"replies":[{"embeddable":true,"href":"https:\/\/testing.xplaye.com\/ikusi2\/es\/wp-json\/wp\/v2\/comments?post=13876"}],"version-history":[{"count":2,"href":"https:\/\/testing.xplaye.com\/ikusi2\/es\/wp-json\/wp\/v2\/posts\/13876\/revisions"}],"predecessor-version":[{"id":13884,"href":"https:\/\/testing.xplaye.com\/ikusi2\/es\/wp-json\/wp\/v2\/posts\/13876\/revisions\/13884"}],"wp:featuredmedia":[{"embeddable":true,"href":"https:\/\/testing.xplaye.com\/ikusi2\/es\/wp-json\/wp\/v2\/media\/13877"}],"wp:attachment":[{"href":"https:\/\/testing.xplaye.com\/ikusi2\/es\/wp-json\/wp\/v2\/media?parent=13876"}],"wp:term":[{"taxonomy":"category","embeddable":true,"href":"https:\/\/testing.xplaye.com\/ikusi2\/es\/wp-json\/wp\/v2\/categories?post=13876"},{"taxonomy":"post_tag","embeddable":true,"href":"https:\/\/testing.xplaye.com\/ikusi2\/es\/wp-json\/wp\/v2\/tags?post=13876"},{"taxonomy":"temas","embeddable":true,"href":"https:\/\/testing.xplaye.com\/ikusi2\/es\/wp-json\/wp\/v2\/temas?post=13876"}],"curies":[{"name":"wp","href":"https:\/\/api.w.org\/{rel}","templated":true}]}}