{"id":13063,"date":"2023-09-13T16:51:15","date_gmt":"2023-09-13T14:51:15","guid":{"rendered":"https:\/\/testing.xplaye.com\/ikusi2\/es\/?p=13063"},"modified":"2024-08-14T17:59:28","modified_gmt":"2024-08-14T15:59:28","slug":"nube-sostenible-el-futuro-verde-de-la-tecnologia","status":"publish","type":"post","link":"https:\/\/testing.xplaye.com\/ikusi2\/es\/blog\/nube-sostenible-el-futuro-verde-de-la-tecnologia\/","title":{"rendered":"Nube sostenible: el futuro verde de la tecnolog\u00eda"},"content":{"rendered":"\n<p><strong>La sostenibilidad<\/strong>&nbsp;es una tarea apremiante para los l\u00edderes de las organizaciones.<\/p>\n\n\n\n<p>El&nbsp;<strong>cambio clim\u00e1tico&nbsp;<\/strong>y su impacto en la sociedad exigen la b\u00fasqueda y adopci\u00f3n de pr\u00e1cticas empresariales sostenibles que garanticen una reducci\u00f3n del consumo energ\u00e9tico, una menor emisi\u00f3n de gases contaminantes y un mayor uso de energ\u00edas renovables.<\/p>\n\n\n\n<p>Si bien el desaf\u00edo empresarial es enorme, el uso de tecnolog\u00edas sostenibles est\u00e1 generando resultados alentadores en t\u00e9rminos medioambientales, pero tambi\u00e9n de eficiencia operativa empresarial.&nbsp;<\/p>\n\n\n\n<p>Un estudio de&nbsp;<strong>Accenture<\/strong>, llamado<em>&nbsp;The green behind the cloud<\/em>, mostr\u00f3 que \u201cel uso de tecnolog\u00edas sostenibles como la nube&nbsp;<strong>reducen las emisiones de CO2<\/strong>&nbsp;hasta en<strong>&nbsp;59 millones de toneladas anuales<\/strong>, el equivalente a eliminar casi&nbsp;<strong>22 millones de coches en circulaci\u00f3n\u201d.<\/strong><\/p>\n\n\n\n<p>La&nbsp;<strong>tecnolog\u00eda sostenible&nbsp;<\/strong>hace referencia a aquellas soluciones digitales que optimizan la actividad empresarial sin comprometer el equilibrio ecol\u00f3gico ni los ecosistemas naturales.&nbsp;Es decir, herramientas que facilitan&nbsp;<strong>modelos de negocios<\/strong>&nbsp;m\u00e1s rentables, eficientes y comprometidos con altos est\u00e1ndares de calidad.<\/p>\n\n\n\n<p><em>\u201cLa tecnolog\u00eda sostenible es cada vez m\u00e1s importante en t\u00e9rminos operativos, por ejemplo, para optimizaci\u00f3n de costos, rendimiento de la energ\u00eda y utilizaci\u00f3n del activo, pero tambi\u00e9n impulsa resultados en cuestiones ASG, como la mejora del bienestar y la trazabilidad necesaria para asegurar unas pr\u00e1cticas comerciales responsables\u201d.<\/em><br><strong>Autumn Stanish, experto de Gartner<\/strong><\/p>\n\n\n\n<p>En la actualidad, los sistemas de nube, las herramientas de inteligencia artificial, las soluciones de business intelligence, los software avanzados de gesti\u00f3n de red y los recursos para la medici\u00f3n de las huellas de carbono son las tecnolog\u00edas que m\u00e1s contribuyen a frenar el impacto ambiental generado por la actividad econ\u00f3mica.<\/p>\n\n\n\n<p>De hecho,&nbsp;<a href=\"https:\/\/www.gartner.com\/en\/newsroom\/press-releases\/2022-04-21-gartner-says-three-emerging-environmental-sustainability-technologies-will-see-early-mainstream-adoption-by-2025\" rel=\"noreferrer noopener\" target=\"_blank\">seg\u00fan estimaciones de Gartner,<\/a>&nbsp;la nube ser\u00e1 una de las tecnolog\u00edas emergentes de sostenibilidad m\u00e1s adoptadas dentro del ecosistema de negocios en el a\u00f1o 2025.&nbsp;<\/p>\n\n\n\n<p class=\"has-text-align-right\"><em>\u201cLos&nbsp; servicios de nube ofrecen un gran potencial de sostenibilidad con su capacidad para centralizar las operaciones de TI y operar a escala utilizando un modelo de servicio compartido, lo que resulta en una mayor eficiencia inform\u00e1tica\u201d.<\/em><\/p>\n\n\n\n<p class=\"has-text-align-right\"><strong>Annette Zimmermann, vicepresidenta de investigaci\u00f3n de Gartner<\/strong><\/p>\n\n\n\n<figure class=\"wp-block-image size-large\"><img loading=\"lazy\" decoding=\"async\" width=\"1024\" height=\"256\" src=\"https:\/\/testing.xplaye.com\/ikusi2\/es\/wp-content\/uploads\/sites\/2\/2023\/09\/ikusi-blogpost-interior-02-1-3-1024x256.jpg\" alt=\"\" class=\"wp-image-13064\" srcset=\"https:\/\/testing.xplaye.com\/ikusi2\/es\/wp-content\/uploads\/sites\/2\/2023\/09\/ikusi-blogpost-interior-02-1-3-1024x256.jpg 1024w, https:\/\/testing.xplaye.com\/ikusi2\/es\/wp-content\/uploads\/sites\/2\/2023\/09\/ikusi-blogpost-interior-02-1-3-300x75.jpg 300w, https:\/\/testing.xplaye.com\/ikusi2\/es\/wp-content\/uploads\/sites\/2\/2023\/09\/ikusi-blogpost-interior-02-1-3-768x192.jpg 768w, https:\/\/testing.xplaye.com\/ikusi2\/es\/wp-content\/uploads\/sites\/2\/2023\/09\/ikusi-blogpost-interior-02-1-3-1536x384.jpg 1536w, https:\/\/testing.xplaye.com\/ikusi2\/es\/wp-content\/uploads\/sites\/2\/2023\/09\/ikusi-blogpost-interior-02-1-3.jpg 1668w\" sizes=\"auto, (max-width: 1024px) 100vw, 1024px\" \/><\/figure>\n\n\n\n<h2 class=\"wp-block-heading\"><strong>Beneficios de usar nube como tecnolog\u00eda sostenible<\/strong><br><\/h2>\n\n\n\n<p>Para los l\u00edderes empresariales, el uso de la nube es clave para conseguir un modelo de negocios que permita reducir los costos operativos, aumentar la productividad, contribuir a la preservaci\u00f3n del ambiente, impulsar la innovaci\u00f3n y mejorar la confianza que depositan las personas en una organizaci\u00f3n.<\/p>\n\n\n\n<p class=\"has-text-align-right\">\u201c<em>En 2025, el 85 % de las organizaciones aumentar\u00e1 en un 35 %&nbsp; la eficiencia sostenible mediante el uso de software e infraestructuras basadas en la nube\u201d.<\/em><\/p>\n\n\n\n<p class=\"has-text-align-right\"><strong><em>International Data Corporation (IDC)<\/em><\/strong><\/p>\n\n\n\n<p>Seg\u00fan datos de<a href=\"https:\/\/blogs.oracle.com\/oracle-latinoamerica\/post\/nube-cloud-tecnologia-sostenible#:~:text=Se%20ha%20demostrado%20que%20al,con%20un%20cambio%20clim%C3%A1tico%20beneficioso.\" target=\"_blank\" rel=\"noreferrer noopener\">&nbsp;Oracle<\/a>, la migraci\u00f3n y el uso de la nube puede<strong>&nbsp;disminuir en un 84 % las emisiones de carbono&nbsp;<\/strong>al medio ambiente y de esta manera reducir el impacto ambiental. El aporte de la nube en el \u00e1rea de sostenibilidad incluye:<\/p>\n\n\n\n<ul class=\"wp-block-list\">\n<li><strong>La incorporaci\u00f3n de tecnolog\u00edas para medir la huella de carbono.&nbsp;<\/strong>El uso de software, sensores ambientales habilitados para IoT y otros recursos en la nube permiten medir y reportar las emisiones de gases de efecto invernadero y la trazabilidad de la huella de carbono generados en la actividad empresarial.&nbsp;<\/li>\n\n\n\n<li><strong>El uso de inteligencia artificial y anal\u00edtica de datos.&nbsp;<\/strong>Con la automatizaci\u00f3n de tareas&nbsp;y la digitalizaci\u00f3n de las m\u00e1quinas se puede optimizar el uso de equipos y recursos para lograr una mayor eficiencia operativa.<\/li>\n\n\n\n<li><strong>El almacenamiento escalable.&nbsp;<\/strong>El&nbsp;almacenamiento de datos de forma escalable y configurable en la nube permite consumir exactamente lo que se necesita, sin malgastar recursos.&nbsp;<\/li>\n\n\n\n<li><strong>La adopci\u00f3n de innovaci\u00f3n de manera r\u00e1pida y simple.<\/strong>&nbsp;La nube facilita y simplifica la adopci\u00f3n de distintos tipos de tecnolog\u00edas sustentables que aportan valor al negocio y van a la par de los avances tecnol\u00f3gicos.&nbsp;<\/li>\n\n\n\n<li><strong>La visibilidad y reducci\u00f3n de gastos.&nbsp;&nbsp;<\/strong>A diferencia de una infraestructura local, la inversi\u00f3n de la nube se distribuye a largo plazo y responde a la demanda de servicios requeridos. Esto permite controlar el presupuesto y respetar la inversi\u00f3n destinada a \u00e1reas de innovaci\u00f3n y desarrollo sostenible.&nbsp;<\/li>\n\n\n\n<li><strong>La flexibilidad para el trabajo remoto.\u00a0<\/strong>Con la informaci\u00f3n en la nube, los colaboradores pueden trabajar desde cualquier parte del mundo de forma segura y eficiente, reduciendo las emisiones de carbono generadas por el uso de autom\u00f3viles u otros tipos de transporte.<\/li>\n<\/ul>\n\n\n\n<figure class=\"wp-block-image size-large\"><img loading=\"lazy\" decoding=\"async\" width=\"1024\" height=\"256\" src=\"https:\/\/testing.xplaye.com\/ikusi2\/es\/wp-content\/uploads\/sites\/2\/2023\/09\/ikusi-blogpost-interior-03-1-2-1024x256.jpg\" alt=\"\" class=\"wp-image-13065\" srcset=\"https:\/\/testing.xplaye.com\/ikusi2\/es\/wp-content\/uploads\/sites\/2\/2023\/09\/ikusi-blogpost-interior-03-1-2-1024x256.jpg 1024w, https:\/\/testing.xplaye.com\/ikusi2\/es\/wp-content\/uploads\/sites\/2\/2023\/09\/ikusi-blogpost-interior-03-1-2-300x75.jpg 300w, https:\/\/testing.xplaye.com\/ikusi2\/es\/wp-content\/uploads\/sites\/2\/2023\/09\/ikusi-blogpost-interior-03-1-2-768x192.jpg 768w, https:\/\/testing.xplaye.com\/ikusi2\/es\/wp-content\/uploads\/sites\/2\/2023\/09\/ikusi-blogpost-interior-03-1-2-1536x384.jpg 1536w, https:\/\/testing.xplaye.com\/ikusi2\/es\/wp-content\/uploads\/sites\/2\/2023\/09\/ikusi-blogpost-interior-03-1-2.jpg 1668w\" sizes=\"auto, (max-width: 1024px) 100vw, 1024px\" \/><\/figure>\n\n\n\n<h3 class=\"wp-block-heading\"><strong>Ikusi y su compromiso con la sostenibilidad<\/strong><br><\/h3>\n\n\n\n<p>La tecnolog\u00eda es la mayor aliada de las organizaciones para crear y aplicar soluciones que cumplan con los&nbsp;<strong>objetivos de sostenibilidad.<\/strong><\/p>\n\n\n\n<p>En los pr\u00f3ximos a\u00f1os se prev\u00e9 que las iniciativas de sostenibilidad empresarial ser\u00e1n determinantes para evaluar la competencia, el rendimiento y la rentabilidad de una organizaci\u00f3n en el mercado.<\/p>\n\n\n\n<p>Con el objetivo de fomentar la transformaci\u00f3n sostenible,&nbsp;<strong>Ikusi<\/strong>&nbsp;trabaja de la mano con fabricantes de tecnolog\u00edas que cuentan con estrategias concretas para la reducci\u00f3n de la huella de carbono.<\/p>\n\n\n\n<p>Esto hace posible que cada soluci\u00f3n tecnol\u00f3gica de Ikusi incorpore&nbsp;<strong>la econom\u00eda circular&nbsp;<\/strong>en todo el proceso de fabricaci\u00f3n y garantice&nbsp;<strong>niveles m\u00e1s bajos de consumo energ\u00e9tico.<\/strong><\/p>\n\n\n\n<p>A trav\u00e9s de sus&nbsp;<strong>servicios de Trusted Advisor,<\/strong>&nbsp;Ikusi brinda apoyo y orientaci\u00f3n a sus clientes y socios para la consecuci\u00f3n de sus objetivos de sostenibilidad. En este sentido, despliega asesor\u00edas y recomendaciones para optimizar el uso de recursos tecnol\u00f3gicos y medir de forma transparente los progresos en esta \u00e1rea.&nbsp;<\/p>\n\n\n\n<p>Para mayor informaci\u00f3n, puedes contactarnos aqu\u00ed:&nbsp;<a href=\"https:\/\/testing.xplaye.com\/ikusi2\/mx\/donde-estamos\/\" target=\"_blank\" rel=\"noreferrer noopener\">https:\/\/testing.xplaye.com\/ikusi2\/mx\/donde-estamos\/<\/a><\/p>\n","protected":false},"excerpt":{"rendered":"<p>La nube ser\u00e1 una de las\u00a0tecnolog\u00edas emergentes de sostenibilidad m\u00e1s adoptadas dentro del ecosistema empresarial para los pr\u00f3ximos a\u00f1os. \u00a0 <\/p>\n","protected":false},"author":39,"featured_media":13016,"comment_status":"closed","ping_status":"closed","sticky":false,"template":"","format":"standard","meta":{"_acf_changed":false,"footnotes":""},"categories":[38],"tags":[96,183,184,185],"temas":[170,193,274],"class_list":["post-13063","post","type-post","status-publish","format-standard","has-post-thumbnail","hentry","category-aplicacion-de-soluciones","tag-computo-en-la-nube","tag-nube-sostenible","tag-sostenibilidad","tag-cambio-climatico","temas-tecnologia","temas-nube","temas-data-center"],"acf":[],"yoast_head":"<!-- This site is optimized with the Yoast SEO plugin v27.4 - https:\/\/yoast.com\/product\/yoast-seo-wordpress\/ -->\n<title>Nube sostenible: el futuro verde de la tecnolog\u00eda - Ikusi ES<\/title>\n<meta name=\"description\" content=\"La nube ser\u00e1 una de las\u00a0tecnolog\u00edas emergentes de sostenibilidad m\u00e1s adoptadas dentro del ecosistema empresarial para los pr\u00f3ximos a\u00f1os. \u00a0\" \/>\n<meta name=\"robots\" content=\"index, follow, max-snippet:-1, max-image-preview:large, max-video-preview:-1\" \/>\n<link rel=\"canonical\" href=\"https:\/\/testing.xplaye.com\/ikusi2\/es\/blog\/nube-sostenible-el-futuro-verde-de-la-tecnologia\/\" \/>\n<meta property=\"og:locale\" content=\"es_ES\" \/>\n<meta property=\"og:type\" content=\"article\" \/>\n<meta property=\"og:title\" content=\"Nube sostenible: el futuro verde de la tecnolog\u00eda - Ikusi ES\" \/>\n<meta property=\"og:description\" content=\"La nube ser\u00e1 una de las\u00a0tecnolog\u00edas emergentes de sostenibilidad m\u00e1s adoptadas dentro del ecosistema empresarial para los pr\u00f3ximos a\u00f1os. \u00a0\" \/>\n<meta property=\"og:url\" content=\"https:\/\/testing.xplaye.com\/ikusi2\/es\/blog\/nube-sostenible-el-futuro-verde-de-la-tecnologia\/\" \/>\n<meta property=\"og:site_name\" content=\"Ikusi ES\" \/>\n<meta property=\"article:published_time\" content=\"2023-09-13T14:51:15+00:00\" \/>\n<meta property=\"article:modified_time\" content=\"2024-08-14T15:59:28+00:00\" \/>\n<meta property=\"og:image\" content=\"https:\/\/testing.xplaye.com\/ikusi2\/es\/wp-content\/uploads\/sites\/2\/2023\/09\/ikusi-blogpost-portada-01-2.jpg\" \/>\n\t<meta property=\"og:image:width\" content=\"1920\" \/>\n\t<meta property=\"og:image:height\" content=\"1280\" \/>\n\t<meta property=\"og:image:type\" content=\"image\/jpeg\" \/>\n<meta name=\"author\" content=\"Ernesto Guti\u00e9rrez\" \/>\n<meta name=\"twitter:card\" content=\"summary_large_image\" \/>\n<meta name=\"twitter:label1\" content=\"Escrito por\" \/>\n\t<meta name=\"twitter:data1\" content=\"Ernesto Guti\u00e9rrez\" \/>\n\t<meta name=\"twitter:label2\" content=\"Tiempo de lectura\" \/>\n\t<meta name=\"twitter:data2\" content=\"5 minutos\" \/>\n<script type=\"application\/ld+json\" class=\"yoast-schema-graph\">{\"@context\":\"https:\\\/\\\/schema.org\",\"@graph\":[{\"@type\":\"Article\",\"@id\":\"https:\\\/\\\/testing.xplaye.com\\\/ikusi2\\\/es\\\/blog\\\/nube-sostenible-el-futuro-verde-de-la-tecnologia\\\/#article\",\"isPartOf\":{\"@id\":\"https:\\\/\\\/testing.xplaye.com\\\/ikusi2\\\/es\\\/blog\\\/nube-sostenible-el-futuro-verde-de-la-tecnologia\\\/\"},\"author\":{\"name\":\"Ernesto Guti\u00e9rrez\",\"@id\":\"https:\\\/\\\/testing.xplaye.com\\\/ikusi2\\\/es\\\/#\\\/schema\\\/person\\\/87cbffd504ec71fcc6bb91803462d0c6\"},\"headline\":\"Nube sostenible: el futuro verde de la tecnolog\u00eda\",\"datePublished\":\"2023-09-13T14:51:15+00:00\",\"dateModified\":\"2024-08-14T15:59:28+00:00\",\"mainEntityOfPage\":{\"@id\":\"https:\\\/\\\/testing.xplaye.com\\\/ikusi2\\\/es\\\/blog\\\/nube-sostenible-el-futuro-verde-de-la-tecnologia\\\/\"},\"wordCount\":999,\"image\":{\"@id\":\"https:\\\/\\\/testing.xplaye.com\\\/ikusi2\\\/es\\\/blog\\\/nube-sostenible-el-futuro-verde-de-la-tecnologia\\\/#primaryimage\"},\"thumbnailUrl\":\"https:\\\/\\\/testing.xplaye.com\\\/ikusi2\\\/es\\\/wp-content\\\/uploads\\\/sites\\\/2\\\/2023\\\/09\\\/ikusi-blogpost-portada-01-2.jpg\",\"keywords\":[\"C\u00f3mputo en la nube\",\"nube sostenible\",\"sostenibilidad\",\"cambio clim\u00e1tico\"],\"articleSection\":[\"Aplicaci\u00f3n de soluciones\"],\"inLanguage\":\"es\"},{\"@type\":\"WebPage\",\"@id\":\"https:\\\/\\\/testing.xplaye.com\\\/ikusi2\\\/es\\\/blog\\\/nube-sostenible-el-futuro-verde-de-la-tecnologia\\\/\",\"url\":\"https:\\\/\\\/testing.xplaye.com\\\/ikusi2\\\/es\\\/blog\\\/nube-sostenible-el-futuro-verde-de-la-tecnologia\\\/\",\"name\":\"Nube sostenible: el futuro verde de la tecnolog\u00eda - Ikusi ES\",\"isPartOf\":{\"@id\":\"https:\\\/\\\/testing.xplaye.com\\\/ikusi2\\\/es\\\/#website\"},\"primaryImageOfPage\":{\"@id\":\"https:\\\/\\\/testing.xplaye.com\\\/ikusi2\\\/es\\\/blog\\\/nube-sostenible-el-futuro-verde-de-la-tecnologia\\\/#primaryimage\"},\"image\":{\"@id\":\"https:\\\/\\\/testing.xplaye.com\\\/ikusi2\\\/es\\\/blog\\\/nube-sostenible-el-futuro-verde-de-la-tecnologia\\\/#primaryimage\"},\"thumbnailUrl\":\"https:\\\/\\\/testing.xplaye.com\\\/ikusi2\\\/es\\\/wp-content\\\/uploads\\\/sites\\\/2\\\/2023\\\/09\\\/ikusi-blogpost-portada-01-2.jpg\",\"datePublished\":\"2023-09-13T14:51:15+00:00\",\"dateModified\":\"2024-08-14T15:59:28+00:00\",\"author\":{\"@id\":\"https:\\\/\\\/testing.xplaye.com\\\/ikusi2\\\/es\\\/#\\\/schema\\\/person\\\/87cbffd504ec71fcc6bb91803462d0c6\"},\"description\":\"La nube ser\u00e1 una de las\u00a0tecnolog\u00edas emergentes de sostenibilidad m\u00e1s adoptadas dentro del ecosistema empresarial para los pr\u00f3ximos a\u00f1os. \u00a0\",\"breadcrumb\":{\"@id\":\"https:\\\/\\\/testing.xplaye.com\\\/ikusi2\\\/es\\\/blog\\\/nube-sostenible-el-futuro-verde-de-la-tecnologia\\\/#breadcrumb\"},\"inLanguage\":\"es\",\"potentialAction\":[{\"@type\":\"ReadAction\",\"target\":[\"https:\\\/\\\/testing.xplaye.com\\\/ikusi2\\\/es\\\/blog\\\/nube-sostenible-el-futuro-verde-de-la-tecnologia\\\/\"]}]},{\"@type\":\"ImageObject\",\"inLanguage\":\"es\",\"@id\":\"https:\\\/\\\/testing.xplaye.com\\\/ikusi2\\\/es\\\/blog\\\/nube-sostenible-el-futuro-verde-de-la-tecnologia\\\/#primaryimage\",\"url\":\"https:\\\/\\\/testing.xplaye.com\\\/ikusi2\\\/es\\\/wp-content\\\/uploads\\\/sites\\\/2\\\/2023\\\/09\\\/ikusi-blogpost-portada-01-2.jpg\",\"contentUrl\":\"https:\\\/\\\/testing.xplaye.com\\\/ikusi2\\\/es\\\/wp-content\\\/uploads\\\/sites\\\/2\\\/2023\\\/09\\\/ikusi-blogpost-portada-01-2.jpg\",\"width\":1920,\"height\":1280,\"caption\":\"La nube ser\u00e1 una de las\u00a0tecnolog\u00edas emergentes de sostenibilidad m\u00e1s adoptadas dentro del ecosistema empresarial para los pr\u00f3ximos a\u00f1os. \u00a0\"},{\"@type\":\"BreadcrumbList\",\"@id\":\"https:\\\/\\\/testing.xplaye.com\\\/ikusi2\\\/es\\\/blog\\\/nube-sostenible-el-futuro-verde-de-la-tecnologia\\\/#breadcrumb\",\"itemListElement\":[{\"@type\":\"ListItem\",\"position\":1,\"name\":\"Portada\",\"item\":\"https:\\\/\\\/testing.xplaye.com\\\/ikusi2\\\/es\\\/\"},{\"@type\":\"ListItem\",\"position\":2,\"name\":\"Nube sostenible: el futuro verde de la tecnolog\u00eda\"}]},{\"@type\":\"WebSite\",\"@id\":\"https:\\\/\\\/testing.xplaye.com\\\/ikusi2\\\/es\\\/#website\",\"url\":\"https:\\\/\\\/testing.xplaye.com\\\/ikusi2\\\/es\\\/\",\"name\":\"Ikusi\",\"description\":\"\",\"alternateName\":\"Ikusi\",\"potentialAction\":[{\"@type\":\"SearchAction\",\"target\":{\"@type\":\"EntryPoint\",\"urlTemplate\":\"https:\\\/\\\/testing.xplaye.com\\\/ikusi2\\\/es\\\/?s={search_term_string}\"},\"query-input\":{\"@type\":\"PropertyValueSpecification\",\"valueRequired\":true,\"valueName\":\"search_term_string\"}}],\"inLanguage\":\"es\"},{\"@type\":\"Person\",\"@id\":\"https:\\\/\\\/testing.xplaye.com\\\/ikusi2\\\/es\\\/#\\\/schema\\\/person\\\/87cbffd504ec71fcc6bb91803462d0c6\",\"name\":\"Ernesto Guti\u00e9rrez\",\"image\":{\"@type\":\"ImageObject\",\"inLanguage\":\"es\",\"@id\":\"https:\\\/\\\/secure.gravatar.com\\\/avatar\\\/5a2c178a0677a70974f01b326fc6a636006b242967b6f56c1d310e4e512342cf?s=96&d=mm&r=g\",\"url\":\"https:\\\/\\\/secure.gravatar.com\\\/avatar\\\/5a2c178a0677a70974f01b326fc6a636006b242967b6f56c1d310e4e512342cf?s=96&d=mm&r=g\",\"contentUrl\":\"https:\\\/\\\/secure.gravatar.com\\\/avatar\\\/5a2c178a0677a70974f01b326fc6a636006b242967b6f56c1d310e4e512342cf?s=96&d=mm&r=g\",\"caption\":\"Ernesto Guti\u00e9rrez\"},\"description\":\"Gerente de Desarrollo de Producto de Colaboraci\u00f3n y Redes.\",\"sameAs\":[\"linkedin.com\\\/in\\\/netogtz21\"],\"url\":\"https:\\\/\\\/testing.xplaye.com\\\/ikusi2\\\/es\\\/author\\\/ernestogutierrez\\\/\"}]}<\/script>\n<!-- \/ Yoast SEO plugin. -->","yoast_head_json":{"title":"Nube sostenible: el futuro verde de la tecnolog\u00eda - Ikusi ES","description":"La nube ser\u00e1 una de las\u00a0tecnolog\u00edas emergentes de sostenibilidad m\u00e1s adoptadas dentro del ecosistema empresarial para los pr\u00f3ximos a\u00f1os. \u00a0","robots":{"index":"index","follow":"follow","max-snippet":"max-snippet:-1","max-image-preview":"max-image-preview:large","max-video-preview":"max-video-preview:-1"},"canonical":"https:\/\/testing.xplaye.com\/ikusi2\/es\/blog\/nube-sostenible-el-futuro-verde-de-la-tecnologia\/","og_locale":"es_ES","og_type":"article","og_title":"Nube sostenible: el futuro verde de la tecnolog\u00eda - Ikusi ES","og_description":"La nube ser\u00e1 una de las\u00a0tecnolog\u00edas emergentes de sostenibilidad m\u00e1s adoptadas dentro del ecosistema empresarial para los pr\u00f3ximos a\u00f1os. \u00a0","og_url":"https:\/\/testing.xplaye.com\/ikusi2\/es\/blog\/nube-sostenible-el-futuro-verde-de-la-tecnologia\/","og_site_name":"Ikusi ES","article_published_time":"2023-09-13T14:51:15+00:00","article_modified_time":"2024-08-14T15:59:28+00:00","og_image":[{"width":1920,"height":1280,"url":"https:\/\/testing.xplaye.com\/ikusi2\/es\/wp-content\/uploads\/sites\/2\/2023\/09\/ikusi-blogpost-portada-01-2.jpg","type":"image\/jpeg"}],"author":"Ernesto Guti\u00e9rrez","twitter_card":"summary_large_image","twitter_misc":{"Escrito por":"Ernesto Guti\u00e9rrez","Tiempo de lectura":"5 minutos"},"schema":{"@context":"https:\/\/schema.org","@graph":[{"@type":"Article","@id":"https:\/\/testing.xplaye.com\/ikusi2\/es\/blog\/nube-sostenible-el-futuro-verde-de-la-tecnologia\/#article","isPartOf":{"@id":"https:\/\/testing.xplaye.com\/ikusi2\/es\/blog\/nube-sostenible-el-futuro-verde-de-la-tecnologia\/"},"author":{"name":"Ernesto Guti\u00e9rrez","@id":"https:\/\/testing.xplaye.com\/ikusi2\/es\/#\/schema\/person\/87cbffd504ec71fcc6bb91803462d0c6"},"headline":"Nube sostenible: el futuro verde de la tecnolog\u00eda","datePublished":"2023-09-13T14:51:15+00:00","dateModified":"2024-08-14T15:59:28+00:00","mainEntityOfPage":{"@id":"https:\/\/testing.xplaye.com\/ikusi2\/es\/blog\/nube-sostenible-el-futuro-verde-de-la-tecnologia\/"},"wordCount":999,"image":{"@id":"https:\/\/testing.xplaye.com\/ikusi2\/es\/blog\/nube-sostenible-el-futuro-verde-de-la-tecnologia\/#primaryimage"},"thumbnailUrl":"https:\/\/testing.xplaye.com\/ikusi2\/es\/wp-content\/uploads\/sites\/2\/2023\/09\/ikusi-blogpost-portada-01-2.jpg","keywords":["C\u00f3mputo en la nube","nube sostenible","sostenibilidad","cambio clim\u00e1tico"],"articleSection":["Aplicaci\u00f3n de soluciones"],"inLanguage":"es"},{"@type":"WebPage","@id":"https:\/\/testing.xplaye.com\/ikusi2\/es\/blog\/nube-sostenible-el-futuro-verde-de-la-tecnologia\/","url":"https:\/\/testing.xplaye.com\/ikusi2\/es\/blog\/nube-sostenible-el-futuro-verde-de-la-tecnologia\/","name":"Nube sostenible: el futuro verde de la tecnolog\u00eda - Ikusi ES","isPartOf":{"@id":"https:\/\/testing.xplaye.com\/ikusi2\/es\/#website"},"primaryImageOfPage":{"@id":"https:\/\/testing.xplaye.com\/ikusi2\/es\/blog\/nube-sostenible-el-futuro-verde-de-la-tecnologia\/#primaryimage"},"image":{"@id":"https:\/\/testing.xplaye.com\/ikusi2\/es\/blog\/nube-sostenible-el-futuro-verde-de-la-tecnologia\/#primaryimage"},"thumbnailUrl":"https:\/\/testing.xplaye.com\/ikusi2\/es\/wp-content\/uploads\/sites\/2\/2023\/09\/ikusi-blogpost-portada-01-2.jpg","datePublished":"2023-09-13T14:51:15+00:00","dateModified":"2024-08-14T15:59:28+00:00","author":{"@id":"https:\/\/testing.xplaye.com\/ikusi2\/es\/#\/schema\/person\/87cbffd504ec71fcc6bb91803462d0c6"},"description":"La nube ser\u00e1 una de las\u00a0tecnolog\u00edas emergentes de sostenibilidad m\u00e1s adoptadas dentro del ecosistema empresarial para los pr\u00f3ximos a\u00f1os. \u00a0","breadcrumb":{"@id":"https:\/\/testing.xplaye.com\/ikusi2\/es\/blog\/nube-sostenible-el-futuro-verde-de-la-tecnologia\/#breadcrumb"},"inLanguage":"es","potentialAction":[{"@type":"ReadAction","target":["https:\/\/testing.xplaye.com\/ikusi2\/es\/blog\/nube-sostenible-el-futuro-verde-de-la-tecnologia\/"]}]},{"@type":"ImageObject","inLanguage":"es","@id":"https:\/\/testing.xplaye.com\/ikusi2\/es\/blog\/nube-sostenible-el-futuro-verde-de-la-tecnologia\/#primaryimage","url":"https:\/\/testing.xplaye.com\/ikusi2\/es\/wp-content\/uploads\/sites\/2\/2023\/09\/ikusi-blogpost-portada-01-2.jpg","contentUrl":"https:\/\/testing.xplaye.com\/ikusi2\/es\/wp-content\/uploads\/sites\/2\/2023\/09\/ikusi-blogpost-portada-01-2.jpg","width":1920,"height":1280,"caption":"La nube ser\u00e1 una de las\u00a0tecnolog\u00edas emergentes de sostenibilidad m\u00e1s adoptadas dentro del ecosistema empresarial para los pr\u00f3ximos a\u00f1os. \u00a0"},{"@type":"BreadcrumbList","@id":"https:\/\/testing.xplaye.com\/ikusi2\/es\/blog\/nube-sostenible-el-futuro-verde-de-la-tecnologia\/#breadcrumb","itemListElement":[{"@type":"ListItem","position":1,"name":"Portada","item":"https:\/\/testing.xplaye.com\/ikusi2\/es\/"},{"@type":"ListItem","position":2,"name":"Nube sostenible: el futuro verde de la tecnolog\u00eda"}]},{"@type":"WebSite","@id":"https:\/\/testing.xplaye.com\/ikusi2\/es\/#website","url":"https:\/\/testing.xplaye.com\/ikusi2\/es\/","name":"Ikusi","description":"","alternateName":"Ikusi","potentialAction":[{"@type":"SearchAction","target":{"@type":"EntryPoint","urlTemplate":"https:\/\/testing.xplaye.com\/ikusi2\/es\/?s={search_term_string}"},"query-input":{"@type":"PropertyValueSpecification","valueRequired":true,"valueName":"search_term_string"}}],"inLanguage":"es"},{"@type":"Person","@id":"https:\/\/testing.xplaye.com\/ikusi2\/es\/#\/schema\/person\/87cbffd504ec71fcc6bb91803462d0c6","name":"Ernesto Guti\u00e9rrez","image":{"@type":"ImageObject","inLanguage":"es","@id":"https:\/\/secure.gravatar.com\/avatar\/5a2c178a0677a70974f01b326fc6a636006b242967b6f56c1d310e4e512342cf?s=96&d=mm&r=g","url":"https:\/\/secure.gravatar.com\/avatar\/5a2c178a0677a70974f01b326fc6a636006b242967b6f56c1d310e4e512342cf?s=96&d=mm&r=g","contentUrl":"https:\/\/secure.gravatar.com\/avatar\/5a2c178a0677a70974f01b326fc6a636006b242967b6f56c1d310e4e512342cf?s=96&d=mm&r=g","caption":"Ernesto Guti\u00e9rrez"},"description":"Gerente de Desarrollo de Producto de Colaboraci\u00f3n y Redes.","sameAs":["linkedin.com\/in\/netogtz21"],"url":"https:\/\/testing.xplaye.com\/ikusi2\/es\/author\/ernestogutierrez\/"}]}},"_links":{"self":[{"href":"https:\/\/testing.xplaye.com\/ikusi2\/es\/wp-json\/wp\/v2\/posts\/13063","targetHints":{"allow":["GET"]}}],"collection":[{"href":"https:\/\/testing.xplaye.com\/ikusi2\/es\/wp-json\/wp\/v2\/posts"}],"about":[{"href":"https:\/\/testing.xplaye.com\/ikusi2\/es\/wp-json\/wp\/v2\/types\/post"}],"author":[{"embeddable":true,"href":"https:\/\/testing.xplaye.com\/ikusi2\/es\/wp-json\/wp\/v2\/users\/39"}],"replies":[{"embeddable":true,"href":"https:\/\/testing.xplaye.com\/ikusi2\/es\/wp-json\/wp\/v2\/comments?post=13063"}],"version-history":[{"count":2,"href":"https:\/\/testing.xplaye.com\/ikusi2\/es\/wp-json\/wp\/v2\/posts\/13063\/revisions"}],"predecessor-version":[{"id":13702,"href":"https:\/\/testing.xplaye.com\/ikusi2\/es\/wp-json\/wp\/v2\/posts\/13063\/revisions\/13702"}],"wp:featuredmedia":[{"embeddable":true,"href":"https:\/\/testing.xplaye.com\/ikusi2\/es\/wp-json\/wp\/v2\/media\/13016"}],"wp:attachment":[{"href":"https:\/\/testing.xplaye.com\/ikusi2\/es\/wp-json\/wp\/v2\/media?parent=13063"}],"wp:term":[{"taxonomy":"category","embeddable":true,"href":"https:\/\/testing.xplaye.com\/ikusi2\/es\/wp-json\/wp\/v2\/categories?post=13063"},{"taxonomy":"post_tag","embeddable":true,"href":"https:\/\/testing.xplaye.com\/ikusi2\/es\/wp-json\/wp\/v2\/tags?post=13063"},{"taxonomy":"temas","embeddable":true,"href":"https:\/\/testing.xplaye.com\/ikusi2\/es\/wp-json\/wp\/v2\/temas?post=13063"}],"curies":[{"name":"wp","href":"https:\/\/api.w.org\/{rel}","templated":true}]}}