{"id":11613,"date":"2022-01-13T00:00:00","date_gmt":"2022-01-13T00:00:00","guid":{"rendered":"https:\/\/testing.xplaye.com\/ikusi2\/es\/2022\/01\/13\/la-gestion-de-las-redes-y-de-la-infraestructura-se-sube-a-la-nube\/"},"modified":"2024-08-14T17:59:29","modified_gmt":"2024-08-14T15:59:29","slug":"la-gestion-de-las-redes-y-de-la-infraestructura-se-sube-a-la-nube","status":"publish","type":"post","link":"https:\/\/testing.xplaye.com\/ikusi2\/es\/blog\/la-gestion-de-las-redes-y-de-la-infraestructura-se-sube-a-la-nube\/","title":{"rendered":"La gesti\u00f3n de las redes y de la infraestructura se sube a la nube"},"content":{"rendered":"<p>Seg\u00fan datos que proporciona Cisco, para 2023, es decir, a la vuelta de la esquina, el n\u00famero de aplicaciones que estar\u00e1n funcionando en los centros de datos y en ubicaciones perimetrales se incrementar\u00e1 en, nada m\u00e1s y nada menos, que un 300 %.<\/p>\n<p>Las personas y las organizaciones buscamos una conectividad cada vez mayor, m\u00e1s r\u00e1pida y a trav\u00e9s de m\u00faltiples dispositivos, lo que est\u00e1 derivando en una creciente complejidad a la hora de gestionar la infraestructura de redes. El riesgo: que los procesos manuales y los equipos aislados se conviertan en cuellos de botella a la hora de gestionar estos flujos de trabajo.<\/p>\n<p>La respuesta de los especialistas frente a este desaf\u00edo pasa por simplificar la gesti\u00f3n de la infraestructura de red, operando desde la nube, y por la automatizaci\u00f3n, por el empleo de soluciones operativas capaces de generar la velocidad, calidad de conexi\u00f3n y seguridad que las organizaciones empresariales y los usuarios demandan hoy.<\/p>\n<p>Operar la infraestructura desde la nube ofrece ventajas evidentes para las organizaciones. Estamos hablando de la posibilidad de responder con velocidad y de ampliar capacidad para responder a las cargas de trabajo que hoy soportan las redes.<\/p>\n<p>Estamos hablando de que la organizaci\u00f3n tenga total visibilidad de lo que ocurre en su red y tambi\u00e9n de que controle las instalaciones y los entornos, ya sean perimetrales o en la nube.<br \/>\nY, por \u00faltimo, pero no menos importante, estamos hablando de automatizar la gesti\u00f3n de la red para optimizar y mantener la infraestructura global de red.<\/p>\n<p>La creciente complejidad de la red a la que ya hecho referencia en este art\u00edculo comienza a hacer inviable o, por lo menos, poco rentable el enfoque manual de la gesti\u00f3n de la red. Si embargo, todav\u00eda hoy un alt\u00edsimo porcentaje de los cambios de red se realizan de forma manual. Y, sin embargo, una mayor automatizaci\u00f3n de TI, administrada de manera centralizada y remota, es vital para que las empresas se mantengan actualizadas en el mundo digital.<\/p>\n<p>Todo indica que este es el planteamiento de gesti\u00f3n de la infraestructura en la red y su progresiva automatizaci\u00f3n se van a ir imponiendo progresivamente a medida que crece de forma acelerada el uso de aplicaciones.<\/p>\n<p>Es una propuesta que busca preparar a las organizaciones para el presente, pero, sobre todo, para el futuro. Para seguir incorporando tecnolog\u00edas y las aplicaciones que puedan ir emergiendo, con la flexibilidad que proporcionan los modelos SaaS (Software as a Service) propios de la gesti\u00f3n de la infraestructura de red en la nube.<\/p>\n","protected":false},"excerpt":{"rendered":"<p>Seg\u00fan datos que proporciona Cisco, para 2023, el n\u00famero de aplicaciones que estar\u00e1n funcionando en la nube se incrementar\u00e1 en un 300 %.<\/p>\n","protected":false},"author":2,"featured_media":11752,"comment_status":"open","ping_status":"open","sticky":false,"template":"","format":"standard","meta":{"_acf_changed":false,"footnotes":""},"categories":[38],"tags":[],"temas":[193,274],"class_list":["post-11613","post","type-post","status-publish","format-standard","has-post-thumbnail","hentry","category-aplicacion-de-soluciones","temas-nube","temas-data-center"],"acf":[],"yoast_head":"<!-- This site is optimized with the Yoast SEO plugin v27.4 - https:\/\/yoast.com\/product\/yoast-seo-wordpress\/ -->\n<title>La gesti\u00f3n de las redes y de la infraestructura se sube a la nube - Ikusi ES<\/title>\n<meta name=\"robots\" content=\"index, follow, max-snippet:-1, max-image-preview:large, max-video-preview:-1\" \/>\n<link rel=\"canonical\" href=\"https:\/\/testing.xplaye.com\/ikusi2\/es\/blog\/la-gestion-de-las-redes-y-de-la-infraestructura-se-sube-a-la-nube\/\" \/>\n<meta property=\"og:locale\" content=\"es_ES\" \/>\n<meta property=\"og:type\" content=\"article\" \/>\n<meta property=\"og:title\" content=\"La gesti\u00f3n de las redes y de la infraestructura se sube a la nube - Ikusi ES\" \/>\n<meta property=\"og:description\" content=\"Seg\u00fan datos que proporciona Cisco, para 2023, el n\u00famero de aplicaciones que estar\u00e1n funcionando en la nube se incrementar\u00e1 en un 300 %.\" \/>\n<meta property=\"og:url\" content=\"https:\/\/testing.xplaye.com\/ikusi2\/es\/blog\/la-gestion-de-las-redes-y-de-la-infraestructura-se-sube-a-la-nube\/\" \/>\n<meta property=\"og:site_name\" content=\"Ikusi ES\" \/>\n<meta property=\"article:published_time\" content=\"2022-01-13T00:00:00+00:00\" \/>\n<meta property=\"article:modified_time\" content=\"2024-08-14T15:59:29+00:00\" \/>\n<meta property=\"og:image\" content=\"https:\/\/testing.xplaye.com\/ikusi2\/es\/wp-content\/uploads\/sites\/2\/2023\/04\/blog_cloud_2_130122.jpg\" \/>\n\t<meta property=\"og:image:width\" content=\"1600\" \/>\n\t<meta property=\"og:image:height\" content=\"900\" \/>\n\t<meta property=\"og:image:type\" content=\"image\/jpeg\" \/>\n<meta name=\"author\" content=\"Ikusi\" \/>\n<meta name=\"twitter:card\" content=\"summary_large_image\" \/>\n<meta name=\"twitter:label1\" content=\"Escrito por\" \/>\n\t<meta name=\"twitter:data1\" content=\"Ikusi\" \/>\n\t<meta name=\"twitter:label2\" content=\"Tiempo de lectura\" \/>\n\t<meta name=\"twitter:data2\" content=\"2 minutos\" \/>\n<script type=\"application\/ld+json\" class=\"yoast-schema-graph\">{\"@context\":\"https:\\\/\\\/schema.org\",\"@graph\":[{\"@type\":\"Article\",\"@id\":\"https:\\\/\\\/testing.xplaye.com\\\/ikusi2\\\/es\\\/blog\\\/la-gestion-de-las-redes-y-de-la-infraestructura-se-sube-a-la-nube\\\/#article\",\"isPartOf\":{\"@id\":\"https:\\\/\\\/testing.xplaye.com\\\/ikusi2\\\/es\\\/blog\\\/la-gestion-de-las-redes-y-de-la-infraestructura-se-sube-a-la-nube\\\/\"},\"author\":{\"name\":\"Ikusi\",\"@id\":\"https:\\\/\\\/testing.xplaye.com\\\/ikusi2\\\/es\\\/#\\\/schema\\\/person\\\/bcd06b0e7689b90689815d0b78a2bc2d\"},\"headline\":\"La gesti\u00f3n de las redes y de la infraestructura se sube a la nube\",\"datePublished\":\"2022-01-13T00:00:00+00:00\",\"dateModified\":\"2024-08-14T15:59:29+00:00\",\"mainEntityOfPage\":{\"@id\":\"https:\\\/\\\/testing.xplaye.com\\\/ikusi2\\\/es\\\/blog\\\/la-gestion-de-las-redes-y-de-la-infraestructura-se-sube-a-la-nube\\\/\"},\"wordCount\":454,\"commentCount\":0,\"image\":{\"@id\":\"https:\\\/\\\/testing.xplaye.com\\\/ikusi2\\\/es\\\/blog\\\/la-gestion-de-las-redes-y-de-la-infraestructura-se-sube-a-la-nube\\\/#primaryimage\"},\"thumbnailUrl\":\"https:\\\/\\\/testing.xplaye.com\\\/ikusi2\\\/es\\\/wp-content\\\/uploads\\\/sites\\\/2\\\/2023\\\/04\\\/blog_cloud_2_130122.jpg\",\"articleSection\":[\"Aplicaci\u00f3n de soluciones\"],\"inLanguage\":\"es\",\"potentialAction\":[{\"@type\":\"CommentAction\",\"name\":\"Comment\",\"target\":[\"https:\\\/\\\/testing.xplaye.com\\\/ikusi2\\\/es\\\/blog\\\/la-gestion-de-las-redes-y-de-la-infraestructura-se-sube-a-la-nube\\\/#respond\"]}]},{\"@type\":\"WebPage\",\"@id\":\"https:\\\/\\\/testing.xplaye.com\\\/ikusi2\\\/es\\\/blog\\\/la-gestion-de-las-redes-y-de-la-infraestructura-se-sube-a-la-nube\\\/\",\"url\":\"https:\\\/\\\/testing.xplaye.com\\\/ikusi2\\\/es\\\/blog\\\/la-gestion-de-las-redes-y-de-la-infraestructura-se-sube-a-la-nube\\\/\",\"name\":\"La gesti\u00f3n de las redes y de la infraestructura se sube a la nube - Ikusi ES\",\"isPartOf\":{\"@id\":\"https:\\\/\\\/testing.xplaye.com\\\/ikusi2\\\/es\\\/#website\"},\"primaryImageOfPage\":{\"@id\":\"https:\\\/\\\/testing.xplaye.com\\\/ikusi2\\\/es\\\/blog\\\/la-gestion-de-las-redes-y-de-la-infraestructura-se-sube-a-la-nube\\\/#primaryimage\"},\"image\":{\"@id\":\"https:\\\/\\\/testing.xplaye.com\\\/ikusi2\\\/es\\\/blog\\\/la-gestion-de-las-redes-y-de-la-infraestructura-se-sube-a-la-nube\\\/#primaryimage\"},\"thumbnailUrl\":\"https:\\\/\\\/testing.xplaye.com\\\/ikusi2\\\/es\\\/wp-content\\\/uploads\\\/sites\\\/2\\\/2023\\\/04\\\/blog_cloud_2_130122.jpg\",\"datePublished\":\"2022-01-13T00:00:00+00:00\",\"dateModified\":\"2024-08-14T15:59:29+00:00\",\"author\":{\"@id\":\"https:\\\/\\\/testing.xplaye.com\\\/ikusi2\\\/es\\\/#\\\/schema\\\/person\\\/bcd06b0e7689b90689815d0b78a2bc2d\"},\"breadcrumb\":{\"@id\":\"https:\\\/\\\/testing.xplaye.com\\\/ikusi2\\\/es\\\/blog\\\/la-gestion-de-las-redes-y-de-la-infraestructura-se-sube-a-la-nube\\\/#breadcrumb\"},\"inLanguage\":\"es\",\"potentialAction\":[{\"@type\":\"ReadAction\",\"target\":[\"https:\\\/\\\/testing.xplaye.com\\\/ikusi2\\\/es\\\/blog\\\/la-gestion-de-las-redes-y-de-la-infraestructura-se-sube-a-la-nube\\\/\"]}]},{\"@type\":\"ImageObject\",\"inLanguage\":\"es\",\"@id\":\"https:\\\/\\\/testing.xplaye.com\\\/ikusi2\\\/es\\\/blog\\\/la-gestion-de-las-redes-y-de-la-infraestructura-se-sube-a-la-nube\\\/#primaryimage\",\"url\":\"https:\\\/\\\/testing.xplaye.com\\\/ikusi2\\\/es\\\/wp-content\\\/uploads\\\/sites\\\/2\\\/2023\\\/04\\\/blog_cloud_2_130122.jpg\",\"contentUrl\":\"https:\\\/\\\/testing.xplaye.com\\\/ikusi2\\\/es\\\/wp-content\\\/uploads\\\/sites\\\/2\\\/2023\\\/04\\\/blog_cloud_2_130122.jpg\",\"width\":1600,\"height\":900},{\"@type\":\"BreadcrumbList\",\"@id\":\"https:\\\/\\\/testing.xplaye.com\\\/ikusi2\\\/es\\\/blog\\\/la-gestion-de-las-redes-y-de-la-infraestructura-se-sube-a-la-nube\\\/#breadcrumb\",\"itemListElement\":[{\"@type\":\"ListItem\",\"position\":1,\"name\":\"Portada\",\"item\":\"https:\\\/\\\/testing.xplaye.com\\\/ikusi2\\\/es\\\/\"},{\"@type\":\"ListItem\",\"position\":2,\"name\":\"La gesti\u00f3n de las redes y de la infraestructura se sube a la nube\"}]},{\"@type\":\"WebSite\",\"@id\":\"https:\\\/\\\/testing.xplaye.com\\\/ikusi2\\\/es\\\/#website\",\"url\":\"https:\\\/\\\/testing.xplaye.com\\\/ikusi2\\\/es\\\/\",\"name\":\"Ikusi\",\"description\":\"\",\"alternateName\":\"Ikusi\",\"potentialAction\":[{\"@type\":\"SearchAction\",\"target\":{\"@type\":\"EntryPoint\",\"urlTemplate\":\"https:\\\/\\\/testing.xplaye.com\\\/ikusi2\\\/es\\\/?s={search_term_string}\"},\"query-input\":{\"@type\":\"PropertyValueSpecification\",\"valueRequired\":true,\"valueName\":\"search_term_string\"}}],\"inLanguage\":\"es\"},{\"@type\":\"Person\",\"@id\":\"https:\\\/\\\/testing.xplaye.com\\\/ikusi2\\\/es\\\/#\\\/schema\\\/person\\\/bcd06b0e7689b90689815d0b78a2bc2d\",\"name\":\"Ikusi\",\"image\":{\"@type\":\"ImageObject\",\"inLanguage\":\"es\",\"@id\":\"https:\\\/\\\/secure.gravatar.com\\\/avatar\\\/962736704ad33e8f2d1fd7afc591ab0f78027bd65a33c2312c6d1ef90a4b2e77?s=96&d=mm&r=g\",\"url\":\"https:\\\/\\\/secure.gravatar.com\\\/avatar\\\/962736704ad33e8f2d1fd7afc591ab0f78027bd65a33c2312c6d1ef90a4b2e77?s=96&d=mm&r=g\",\"contentUrl\":\"https:\\\/\\\/secure.gravatar.com\\\/avatar\\\/962736704ad33e8f2d1fd7afc591ab0f78027bd65a33c2312c6d1ef90a4b2e77?s=96&d=mm&r=g\",\"caption\":\"Ikusi\"},\"url\":\"https:\\\/\\\/testing.xplaye.com\\\/ikusi2\\\/es\\\/author\\\/ikusi\\\/\"}]}<\/script>\n<!-- \/ Yoast SEO plugin. -->","yoast_head_json":{"title":"La gesti\u00f3n de las redes y de la infraestructura se sube a la nube - Ikusi ES","robots":{"index":"index","follow":"follow","max-snippet":"max-snippet:-1","max-image-preview":"max-image-preview:large","max-video-preview":"max-video-preview:-1"},"canonical":"https:\/\/testing.xplaye.com\/ikusi2\/es\/blog\/la-gestion-de-las-redes-y-de-la-infraestructura-se-sube-a-la-nube\/","og_locale":"es_ES","og_type":"article","og_title":"La gesti\u00f3n de las redes y de la infraestructura se sube a la nube - Ikusi ES","og_description":"Seg\u00fan datos que proporciona Cisco, para 2023, el n\u00famero de aplicaciones que estar\u00e1n funcionando en la nube se incrementar\u00e1 en un 300 %.","og_url":"https:\/\/testing.xplaye.com\/ikusi2\/es\/blog\/la-gestion-de-las-redes-y-de-la-infraestructura-se-sube-a-la-nube\/","og_site_name":"Ikusi ES","article_published_time":"2022-01-13T00:00:00+00:00","article_modified_time":"2024-08-14T15:59:29+00:00","og_image":[{"width":1600,"height":900,"url":"https:\/\/testing.xplaye.com\/ikusi2\/es\/wp-content\/uploads\/sites\/2\/2023\/04\/blog_cloud_2_130122.jpg","type":"image\/jpeg"}],"author":"Ikusi","twitter_card":"summary_large_image","twitter_misc":{"Escrito por":"Ikusi","Tiempo de lectura":"2 minutos"},"schema":{"@context":"https:\/\/schema.org","@graph":[{"@type":"Article","@id":"https:\/\/testing.xplaye.com\/ikusi2\/es\/blog\/la-gestion-de-las-redes-y-de-la-infraestructura-se-sube-a-la-nube\/#article","isPartOf":{"@id":"https:\/\/testing.xplaye.com\/ikusi2\/es\/blog\/la-gestion-de-las-redes-y-de-la-infraestructura-se-sube-a-la-nube\/"},"author":{"name":"Ikusi","@id":"https:\/\/testing.xplaye.com\/ikusi2\/es\/#\/schema\/person\/bcd06b0e7689b90689815d0b78a2bc2d"},"headline":"La gesti\u00f3n de las redes y de la infraestructura se sube a la nube","datePublished":"2022-01-13T00:00:00+00:00","dateModified":"2024-08-14T15:59:29+00:00","mainEntityOfPage":{"@id":"https:\/\/testing.xplaye.com\/ikusi2\/es\/blog\/la-gestion-de-las-redes-y-de-la-infraestructura-se-sube-a-la-nube\/"},"wordCount":454,"commentCount":0,"image":{"@id":"https:\/\/testing.xplaye.com\/ikusi2\/es\/blog\/la-gestion-de-las-redes-y-de-la-infraestructura-se-sube-a-la-nube\/#primaryimage"},"thumbnailUrl":"https:\/\/testing.xplaye.com\/ikusi2\/es\/wp-content\/uploads\/sites\/2\/2023\/04\/blog_cloud_2_130122.jpg","articleSection":["Aplicaci\u00f3n de soluciones"],"inLanguage":"es","potentialAction":[{"@type":"CommentAction","name":"Comment","target":["https:\/\/testing.xplaye.com\/ikusi2\/es\/blog\/la-gestion-de-las-redes-y-de-la-infraestructura-se-sube-a-la-nube\/#respond"]}]},{"@type":"WebPage","@id":"https:\/\/testing.xplaye.com\/ikusi2\/es\/blog\/la-gestion-de-las-redes-y-de-la-infraestructura-se-sube-a-la-nube\/","url":"https:\/\/testing.xplaye.com\/ikusi2\/es\/blog\/la-gestion-de-las-redes-y-de-la-infraestructura-se-sube-a-la-nube\/","name":"La gesti\u00f3n de las redes y de la infraestructura se sube a la nube - Ikusi ES","isPartOf":{"@id":"https:\/\/testing.xplaye.com\/ikusi2\/es\/#website"},"primaryImageOfPage":{"@id":"https:\/\/testing.xplaye.com\/ikusi2\/es\/blog\/la-gestion-de-las-redes-y-de-la-infraestructura-se-sube-a-la-nube\/#primaryimage"},"image":{"@id":"https:\/\/testing.xplaye.com\/ikusi2\/es\/blog\/la-gestion-de-las-redes-y-de-la-infraestructura-se-sube-a-la-nube\/#primaryimage"},"thumbnailUrl":"https:\/\/testing.xplaye.com\/ikusi2\/es\/wp-content\/uploads\/sites\/2\/2023\/04\/blog_cloud_2_130122.jpg","datePublished":"2022-01-13T00:00:00+00:00","dateModified":"2024-08-14T15:59:29+00:00","author":{"@id":"https:\/\/testing.xplaye.com\/ikusi2\/es\/#\/schema\/person\/bcd06b0e7689b90689815d0b78a2bc2d"},"breadcrumb":{"@id":"https:\/\/testing.xplaye.com\/ikusi2\/es\/blog\/la-gestion-de-las-redes-y-de-la-infraestructura-se-sube-a-la-nube\/#breadcrumb"},"inLanguage":"es","potentialAction":[{"@type":"ReadAction","target":["https:\/\/testing.xplaye.com\/ikusi2\/es\/blog\/la-gestion-de-las-redes-y-de-la-infraestructura-se-sube-a-la-nube\/"]}]},{"@type":"ImageObject","inLanguage":"es","@id":"https:\/\/testing.xplaye.com\/ikusi2\/es\/blog\/la-gestion-de-las-redes-y-de-la-infraestructura-se-sube-a-la-nube\/#primaryimage","url":"https:\/\/testing.xplaye.com\/ikusi2\/es\/wp-content\/uploads\/sites\/2\/2023\/04\/blog_cloud_2_130122.jpg","contentUrl":"https:\/\/testing.xplaye.com\/ikusi2\/es\/wp-content\/uploads\/sites\/2\/2023\/04\/blog_cloud_2_130122.jpg","width":1600,"height":900},{"@type":"BreadcrumbList","@id":"https:\/\/testing.xplaye.com\/ikusi2\/es\/blog\/la-gestion-de-las-redes-y-de-la-infraestructura-se-sube-a-la-nube\/#breadcrumb","itemListElement":[{"@type":"ListItem","position":1,"name":"Portada","item":"https:\/\/testing.xplaye.com\/ikusi2\/es\/"},{"@type":"ListItem","position":2,"name":"La gesti\u00f3n de las redes y de la infraestructura se sube a la nube"}]},{"@type":"WebSite","@id":"https:\/\/testing.xplaye.com\/ikusi2\/es\/#website","url":"https:\/\/testing.xplaye.com\/ikusi2\/es\/","name":"Ikusi","description":"","alternateName":"Ikusi","potentialAction":[{"@type":"SearchAction","target":{"@type":"EntryPoint","urlTemplate":"https:\/\/testing.xplaye.com\/ikusi2\/es\/?s={search_term_string}"},"query-input":{"@type":"PropertyValueSpecification","valueRequired":true,"valueName":"search_term_string"}}],"inLanguage":"es"},{"@type":"Person","@id":"https:\/\/testing.xplaye.com\/ikusi2\/es\/#\/schema\/person\/bcd06b0e7689b90689815d0b78a2bc2d","name":"Ikusi","image":{"@type":"ImageObject","inLanguage":"es","@id":"https:\/\/secure.gravatar.com\/avatar\/962736704ad33e8f2d1fd7afc591ab0f78027bd65a33c2312c6d1ef90a4b2e77?s=96&d=mm&r=g","url":"https:\/\/secure.gravatar.com\/avatar\/962736704ad33e8f2d1fd7afc591ab0f78027bd65a33c2312c6d1ef90a4b2e77?s=96&d=mm&r=g","contentUrl":"https:\/\/secure.gravatar.com\/avatar\/962736704ad33e8f2d1fd7afc591ab0f78027bd65a33c2312c6d1ef90a4b2e77?s=96&d=mm&r=g","caption":"Ikusi"},"url":"https:\/\/testing.xplaye.com\/ikusi2\/es\/author\/ikusi\/"}]}},"_links":{"self":[{"href":"https:\/\/testing.xplaye.com\/ikusi2\/es\/wp-json\/wp\/v2\/posts\/11613","targetHints":{"allow":["GET"]}}],"collection":[{"href":"https:\/\/testing.xplaye.com\/ikusi2\/es\/wp-json\/wp\/v2\/posts"}],"about":[{"href":"https:\/\/testing.xplaye.com\/ikusi2\/es\/wp-json\/wp\/v2\/types\/post"}],"author":[{"embeddable":true,"href":"https:\/\/testing.xplaye.com\/ikusi2\/es\/wp-json\/wp\/v2\/users\/2"}],"replies":[{"embeddable":true,"href":"https:\/\/testing.xplaye.com\/ikusi2\/es\/wp-json\/wp\/v2\/comments?post=11613"}],"version-history":[{"count":1,"href":"https:\/\/testing.xplaye.com\/ikusi2\/es\/wp-json\/wp\/v2\/posts\/11613\/revisions"}],"predecessor-version":[{"id":14319,"href":"https:\/\/testing.xplaye.com\/ikusi2\/es\/wp-json\/wp\/v2\/posts\/11613\/revisions\/14319"}],"wp:featuredmedia":[{"embeddable":true,"href":"https:\/\/testing.xplaye.com\/ikusi2\/es\/wp-json\/wp\/v2\/media\/11752"}],"wp:attachment":[{"href":"https:\/\/testing.xplaye.com\/ikusi2\/es\/wp-json\/wp\/v2\/media?parent=11613"}],"wp:term":[{"taxonomy":"category","embeddable":true,"href":"https:\/\/testing.xplaye.com\/ikusi2\/es\/wp-json\/wp\/v2\/categories?post=11613"},{"taxonomy":"post_tag","embeddable":true,"href":"https:\/\/testing.xplaye.com\/ikusi2\/es\/wp-json\/wp\/v2\/tags?post=11613"},{"taxonomy":"temas","embeddable":true,"href":"https:\/\/testing.xplaye.com\/ikusi2\/es\/wp-json\/wp\/v2\/temas?post=11613"}],"curies":[{"name":"wp","href":"https:\/\/api.w.org\/{rel}","templated":true}]}}