{"id":11563,"date":"2017-12-01T00:00:00","date_gmt":"2017-12-01T00:00:00","guid":{"rendered":"https:\/\/testing.xplaye.com\/ikusi2\/es\/2017\/12\/01\/gestionando-la-identidad-corporativa-en-el-entorno-digital\/"},"modified":"2023-08-23T17:02:34","modified_gmt":"2023-08-23T17:02:34","slug":"gestionando-la-identidad-corporativa-en-el-entorno-digital","status":"publish","type":"post","link":"https:\/\/testing.xplaye.com\/ikusi2\/es\/blog\/gestionando-la-identidad-corporativa-en-el-entorno-digital\/","title":{"rendered":"Gestionando la identidad corporativa en el entorno digital"},"content":{"rendered":"<p><p>En el entorno digital en el que nos movemos se han multiplicado los emisores y los receptores, provocando cambios de calado en la gesti\u00f3n del marketing y la comunicaci\u00f3n corporativa y en la trasmisi\u00f3n de la identidad corporativa de nuestras empresas. En un corto per\u00edodo de tiempo nos ha tocado asumir, y sumar a nuestras tareas, la gesti\u00f3n de la identidad digital. Un terreno mucho menos reglado, menos confortable, menos r\u00edgido, en el que resulta m\u00e1s dif\u00edcil controlar los mensajes que dan forma a la identidad de nuestra marca. Y, sin embargo, un territorio con infinitas posibilidades.<\/p>\n<p>En este tr\u00e1nsito del mundo offline al online, hemos pasado de un contexto en el que lo importante era tener el control de la informaci\u00f3n a un entorno en el que la identidad corporativa se co-crea junto a los diferentes grupos de inter\u00e9s de la empresa, reconvertidos en receptores activos. Hemos pasado de una orientaci\u00f3n vertical a otra marcadamente horizontal.<\/p>\n<p>La imagen que proyectamos ya no depende exclusivamente de los mensajes que emite el departamento de Marketing y Comunicaci\u00f3n. Estos se moldean y evolucionan en las conversaciones de los blogs o redes sociales\u2026 Los profesionales de la propia empresa se suman a las tareas de comunicaci\u00f3n a trav\u00e9s de sus perfiles de LinkedIn o Twitter&#8230; Y entre todos vamos creando la identidad digital de la compa\u00f1\u00eda.<\/p>\n<p>Esta imposibilidad de tener el control sobre todo lo que se comunica es directamente proporcional a la importancia que adquiere en este nuevo panorama la estrategia sobre las herramientas en el \u00e1mbito de la comunicaci\u00f3n. Solo un enfoque estrat\u00e9gico y global, que incorpore a los p\u00fablicos externos e internos, dotar\u00e1 de la necesaria coherencia a nuestra identidad corporativa y a la percepci\u00f3n de nuestra actividad, servicios, productos que queremos trasladar al mercado.<\/p><\/p>\n","protected":false},"excerpt":{"rendered":"<p>En el entorno digital en el que nos movemos se han multiplicado los emisores y los receptores, provocando cambios de<\/p>\n","protected":false},"author":2,"featured_media":11805,"comment_status":"open","ping_status":"open","sticky":false,"template":"","format":"standard","meta":{"_acf_changed":false,"footnotes":""},"categories":[],"tags":[],"temas":[172],"class_list":["post-11563","post","type-post","status-publish","format-standard","has-post-thumbnail","hentry","temas-transformacion-digital"],"acf":[],"yoast_head":"<!-- This site is optimized with the Yoast SEO plugin v27.4 - https:\/\/yoast.com\/product\/yoast-seo-wordpress\/ -->\n<title>Gestionando la identidad corporativa en el entorno digital - Ikusi ES<\/title>\n<meta name=\"robots\" content=\"index, follow, max-snippet:-1, max-image-preview:large, max-video-preview:-1\" \/>\n<link rel=\"canonical\" href=\"https:\/\/testing.xplaye.com\/ikusi2\/es\/blog\/gestionando-la-identidad-corporativa-en-el-entorno-digital\/\" \/>\n<meta property=\"og:locale\" content=\"es_ES\" \/>\n<meta property=\"og:type\" content=\"article\" \/>\n<meta property=\"og:title\" content=\"Gestionando la identidad corporativa en el entorno digital - Ikusi ES\" \/>\n<meta property=\"og:description\" content=\"En el entorno digital en el que nos movemos se han multiplicado los emisores y los receptores, provocando cambios de\" \/>\n<meta property=\"og:url\" content=\"https:\/\/testing.xplaye.com\/ikusi2\/es\/blog\/gestionando-la-identidad-corporativa-en-el-entorno-digital\/\" \/>\n<meta property=\"og:site_name\" content=\"Ikusi ES\" \/>\n<meta property=\"article:published_time\" content=\"2017-12-01T00:00:00+00:00\" \/>\n<meta property=\"article:modified_time\" content=\"2023-08-23T17:02:34+00:00\" \/>\n<meta name=\"author\" content=\"Ikusi\" \/>\n<meta name=\"twitter:card\" content=\"summary_large_image\" \/>\n<meta name=\"twitter:label1\" content=\"Escrito por\" \/>\n\t<meta name=\"twitter:data1\" content=\"Ikusi\" \/>\n\t<meta name=\"twitter:label2\" content=\"Tiempo de lectura\" \/>\n\t<meta name=\"twitter:data2\" content=\"2 minutos\" \/>\n<script type=\"application\/ld+json\" class=\"yoast-schema-graph\">{\"@context\":\"https:\\\/\\\/schema.org\",\"@graph\":[{\"@type\":\"Article\",\"@id\":\"https:\\\/\\\/testing.xplaye.com\\\/ikusi2\\\/es\\\/blog\\\/gestionando-la-identidad-corporativa-en-el-entorno-digital\\\/#article\",\"isPartOf\":{\"@id\":\"https:\\\/\\\/testing.xplaye.com\\\/ikusi2\\\/es\\\/blog\\\/gestionando-la-identidad-corporativa-en-el-entorno-digital\\\/\"},\"author\":{\"name\":\"Ikusi\",\"@id\":\"https:\\\/\\\/testing.xplaye.com\\\/ikusi2\\\/es\\\/#\\\/schema\\\/person\\\/bcd06b0e7689b90689815d0b78a2bc2d\"},\"headline\":\"Gestionando la identidad corporativa en el entorno digital\",\"datePublished\":\"2017-12-01T00:00:00+00:00\",\"dateModified\":\"2023-08-23T17:02:34+00:00\",\"mainEntityOfPage\":{\"@id\":\"https:\\\/\\\/testing.xplaye.com\\\/ikusi2\\\/es\\\/blog\\\/gestionando-la-identidad-corporativa-en-el-entorno-digital\\\/\"},\"wordCount\":323,\"commentCount\":0,\"image\":{\"@id\":\"https:\\\/\\\/testing.xplaye.com\\\/ikusi2\\\/es\\\/blog\\\/gestionando-la-identidad-corporativa-en-el-entorno-digital\\\/#primaryimage\"},\"thumbnailUrl\":\"https:\\\/\\\/testing.xplaye.com\\\/ikusi2\\\/es\\\/wp-content\\\/uploads\\\/sites\\\/2\\\/2023\\\/04\\\/MikelJaurrieta.jpg\",\"inLanguage\":\"es\",\"potentialAction\":[{\"@type\":\"CommentAction\",\"name\":\"Comment\",\"target\":[\"https:\\\/\\\/testing.xplaye.com\\\/ikusi2\\\/es\\\/blog\\\/gestionando-la-identidad-corporativa-en-el-entorno-digital\\\/#respond\"]}]},{\"@type\":\"WebPage\",\"@id\":\"https:\\\/\\\/testing.xplaye.com\\\/ikusi2\\\/es\\\/blog\\\/gestionando-la-identidad-corporativa-en-el-entorno-digital\\\/\",\"url\":\"https:\\\/\\\/testing.xplaye.com\\\/ikusi2\\\/es\\\/blog\\\/gestionando-la-identidad-corporativa-en-el-entorno-digital\\\/\",\"name\":\"Gestionando la identidad corporativa en el entorno digital - Ikusi ES\",\"isPartOf\":{\"@id\":\"https:\\\/\\\/testing.xplaye.com\\\/ikusi2\\\/es\\\/#website\"},\"primaryImageOfPage\":{\"@id\":\"https:\\\/\\\/testing.xplaye.com\\\/ikusi2\\\/es\\\/blog\\\/gestionando-la-identidad-corporativa-en-el-entorno-digital\\\/#primaryimage\"},\"image\":{\"@id\":\"https:\\\/\\\/testing.xplaye.com\\\/ikusi2\\\/es\\\/blog\\\/gestionando-la-identidad-corporativa-en-el-entorno-digital\\\/#primaryimage\"},\"thumbnailUrl\":\"https:\\\/\\\/testing.xplaye.com\\\/ikusi2\\\/es\\\/wp-content\\\/uploads\\\/sites\\\/2\\\/2023\\\/04\\\/MikelJaurrieta.jpg\",\"datePublished\":\"2017-12-01T00:00:00+00:00\",\"dateModified\":\"2023-08-23T17:02:34+00:00\",\"author\":{\"@id\":\"https:\\\/\\\/testing.xplaye.com\\\/ikusi2\\\/es\\\/#\\\/schema\\\/person\\\/bcd06b0e7689b90689815d0b78a2bc2d\"},\"breadcrumb\":{\"@id\":\"https:\\\/\\\/testing.xplaye.com\\\/ikusi2\\\/es\\\/blog\\\/gestionando-la-identidad-corporativa-en-el-entorno-digital\\\/#breadcrumb\"},\"inLanguage\":\"es\",\"potentialAction\":[{\"@type\":\"ReadAction\",\"target\":[\"https:\\\/\\\/testing.xplaye.com\\\/ikusi2\\\/es\\\/blog\\\/gestionando-la-identidad-corporativa-en-el-entorno-digital\\\/\"]}]},{\"@type\":\"ImageObject\",\"inLanguage\":\"es\",\"@id\":\"https:\\\/\\\/testing.xplaye.com\\\/ikusi2\\\/es\\\/blog\\\/gestionando-la-identidad-corporativa-en-el-entorno-digital\\\/#primaryimage\",\"url\":\"https:\\\/\\\/testing.xplaye.com\\\/ikusi2\\\/es\\\/wp-content\\\/uploads\\\/sites\\\/2\\\/2023\\\/04\\\/MikelJaurrieta.jpg\",\"contentUrl\":\"https:\\\/\\\/testing.xplaye.com\\\/ikusi2\\\/es\\\/wp-content\\\/uploads\\\/sites\\\/2\\\/2023\\\/04\\\/MikelJaurrieta.jpg\",\"width\":983,\"height\":597},{\"@type\":\"BreadcrumbList\",\"@id\":\"https:\\\/\\\/testing.xplaye.com\\\/ikusi2\\\/es\\\/blog\\\/gestionando-la-identidad-corporativa-en-el-entorno-digital\\\/#breadcrumb\",\"itemListElement\":[{\"@type\":\"ListItem\",\"position\":1,\"name\":\"Portada\",\"item\":\"https:\\\/\\\/testing.xplaye.com\\\/ikusi2\\\/es\\\/\"},{\"@type\":\"ListItem\",\"position\":2,\"name\":\"Gestionando la identidad corporativa en el entorno digital\"}]},{\"@type\":\"WebSite\",\"@id\":\"https:\\\/\\\/testing.xplaye.com\\\/ikusi2\\\/es\\\/#website\",\"url\":\"https:\\\/\\\/testing.xplaye.com\\\/ikusi2\\\/es\\\/\",\"name\":\"Ikusi\",\"description\":\"\",\"alternateName\":\"Ikusi\",\"potentialAction\":[{\"@type\":\"SearchAction\",\"target\":{\"@type\":\"EntryPoint\",\"urlTemplate\":\"https:\\\/\\\/testing.xplaye.com\\\/ikusi2\\\/es\\\/?s={search_term_string}\"},\"query-input\":{\"@type\":\"PropertyValueSpecification\",\"valueRequired\":true,\"valueName\":\"search_term_string\"}}],\"inLanguage\":\"es\"},{\"@type\":\"Person\",\"@id\":\"https:\\\/\\\/testing.xplaye.com\\\/ikusi2\\\/es\\\/#\\\/schema\\\/person\\\/bcd06b0e7689b90689815d0b78a2bc2d\",\"name\":\"Ikusi\",\"image\":{\"@type\":\"ImageObject\",\"inLanguage\":\"es\",\"@id\":\"https:\\\/\\\/secure.gravatar.com\\\/avatar\\\/962736704ad33e8f2d1fd7afc591ab0f78027bd65a33c2312c6d1ef90a4b2e77?s=96&d=mm&r=g\",\"url\":\"https:\\\/\\\/secure.gravatar.com\\\/avatar\\\/962736704ad33e8f2d1fd7afc591ab0f78027bd65a33c2312c6d1ef90a4b2e77?s=96&d=mm&r=g\",\"contentUrl\":\"https:\\\/\\\/secure.gravatar.com\\\/avatar\\\/962736704ad33e8f2d1fd7afc591ab0f78027bd65a33c2312c6d1ef90a4b2e77?s=96&d=mm&r=g\",\"caption\":\"Ikusi\"},\"url\":\"https:\\\/\\\/testing.xplaye.com\\\/ikusi2\\\/es\\\/author\\\/ikusi\\\/\"}]}<\/script>\n<!-- \/ Yoast SEO plugin. -->","yoast_head_json":{"title":"Gestionando la identidad corporativa en el entorno digital - Ikusi ES","robots":{"index":"index","follow":"follow","max-snippet":"max-snippet:-1","max-image-preview":"max-image-preview:large","max-video-preview":"max-video-preview:-1"},"canonical":"https:\/\/testing.xplaye.com\/ikusi2\/es\/blog\/gestionando-la-identidad-corporativa-en-el-entorno-digital\/","og_locale":"es_ES","og_type":"article","og_title":"Gestionando la identidad corporativa en el entorno digital - Ikusi ES","og_description":"En el entorno digital en el que nos movemos se han multiplicado los emisores y los receptores, provocando cambios de","og_url":"https:\/\/testing.xplaye.com\/ikusi2\/es\/blog\/gestionando-la-identidad-corporativa-en-el-entorno-digital\/","og_site_name":"Ikusi ES","article_published_time":"2017-12-01T00:00:00+00:00","article_modified_time":"2023-08-23T17:02:34+00:00","author":"Ikusi","twitter_card":"summary_large_image","twitter_misc":{"Escrito por":"Ikusi","Tiempo de lectura":"2 minutos"},"schema":{"@context":"https:\/\/schema.org","@graph":[{"@type":"Article","@id":"https:\/\/testing.xplaye.com\/ikusi2\/es\/blog\/gestionando-la-identidad-corporativa-en-el-entorno-digital\/#article","isPartOf":{"@id":"https:\/\/testing.xplaye.com\/ikusi2\/es\/blog\/gestionando-la-identidad-corporativa-en-el-entorno-digital\/"},"author":{"name":"Ikusi","@id":"https:\/\/testing.xplaye.com\/ikusi2\/es\/#\/schema\/person\/bcd06b0e7689b90689815d0b78a2bc2d"},"headline":"Gestionando la identidad corporativa en el entorno digital","datePublished":"2017-12-01T00:00:00+00:00","dateModified":"2023-08-23T17:02:34+00:00","mainEntityOfPage":{"@id":"https:\/\/testing.xplaye.com\/ikusi2\/es\/blog\/gestionando-la-identidad-corporativa-en-el-entorno-digital\/"},"wordCount":323,"commentCount":0,"image":{"@id":"https:\/\/testing.xplaye.com\/ikusi2\/es\/blog\/gestionando-la-identidad-corporativa-en-el-entorno-digital\/#primaryimage"},"thumbnailUrl":"https:\/\/testing.xplaye.com\/ikusi2\/es\/wp-content\/uploads\/sites\/2\/2023\/04\/MikelJaurrieta.jpg","inLanguage":"es","potentialAction":[{"@type":"CommentAction","name":"Comment","target":["https:\/\/testing.xplaye.com\/ikusi2\/es\/blog\/gestionando-la-identidad-corporativa-en-el-entorno-digital\/#respond"]}]},{"@type":"WebPage","@id":"https:\/\/testing.xplaye.com\/ikusi2\/es\/blog\/gestionando-la-identidad-corporativa-en-el-entorno-digital\/","url":"https:\/\/testing.xplaye.com\/ikusi2\/es\/blog\/gestionando-la-identidad-corporativa-en-el-entorno-digital\/","name":"Gestionando la identidad corporativa en el entorno digital - Ikusi ES","isPartOf":{"@id":"https:\/\/testing.xplaye.com\/ikusi2\/es\/#website"},"primaryImageOfPage":{"@id":"https:\/\/testing.xplaye.com\/ikusi2\/es\/blog\/gestionando-la-identidad-corporativa-en-el-entorno-digital\/#primaryimage"},"image":{"@id":"https:\/\/testing.xplaye.com\/ikusi2\/es\/blog\/gestionando-la-identidad-corporativa-en-el-entorno-digital\/#primaryimage"},"thumbnailUrl":"https:\/\/testing.xplaye.com\/ikusi2\/es\/wp-content\/uploads\/sites\/2\/2023\/04\/MikelJaurrieta.jpg","datePublished":"2017-12-01T00:00:00+00:00","dateModified":"2023-08-23T17:02:34+00:00","author":{"@id":"https:\/\/testing.xplaye.com\/ikusi2\/es\/#\/schema\/person\/bcd06b0e7689b90689815d0b78a2bc2d"},"breadcrumb":{"@id":"https:\/\/testing.xplaye.com\/ikusi2\/es\/blog\/gestionando-la-identidad-corporativa-en-el-entorno-digital\/#breadcrumb"},"inLanguage":"es","potentialAction":[{"@type":"ReadAction","target":["https:\/\/testing.xplaye.com\/ikusi2\/es\/blog\/gestionando-la-identidad-corporativa-en-el-entorno-digital\/"]}]},{"@type":"ImageObject","inLanguage":"es","@id":"https:\/\/testing.xplaye.com\/ikusi2\/es\/blog\/gestionando-la-identidad-corporativa-en-el-entorno-digital\/#primaryimage","url":"https:\/\/testing.xplaye.com\/ikusi2\/es\/wp-content\/uploads\/sites\/2\/2023\/04\/MikelJaurrieta.jpg","contentUrl":"https:\/\/testing.xplaye.com\/ikusi2\/es\/wp-content\/uploads\/sites\/2\/2023\/04\/MikelJaurrieta.jpg","width":983,"height":597},{"@type":"BreadcrumbList","@id":"https:\/\/testing.xplaye.com\/ikusi2\/es\/blog\/gestionando-la-identidad-corporativa-en-el-entorno-digital\/#breadcrumb","itemListElement":[{"@type":"ListItem","position":1,"name":"Portada","item":"https:\/\/testing.xplaye.com\/ikusi2\/es\/"},{"@type":"ListItem","position":2,"name":"Gestionando la identidad corporativa en el entorno digital"}]},{"@type":"WebSite","@id":"https:\/\/testing.xplaye.com\/ikusi2\/es\/#website","url":"https:\/\/testing.xplaye.com\/ikusi2\/es\/","name":"Ikusi","description":"","alternateName":"Ikusi","potentialAction":[{"@type":"SearchAction","target":{"@type":"EntryPoint","urlTemplate":"https:\/\/testing.xplaye.com\/ikusi2\/es\/?s={search_term_string}"},"query-input":{"@type":"PropertyValueSpecification","valueRequired":true,"valueName":"search_term_string"}}],"inLanguage":"es"},{"@type":"Person","@id":"https:\/\/testing.xplaye.com\/ikusi2\/es\/#\/schema\/person\/bcd06b0e7689b90689815d0b78a2bc2d","name":"Ikusi","image":{"@type":"ImageObject","inLanguage":"es","@id":"https:\/\/secure.gravatar.com\/avatar\/962736704ad33e8f2d1fd7afc591ab0f78027bd65a33c2312c6d1ef90a4b2e77?s=96&d=mm&r=g","url":"https:\/\/secure.gravatar.com\/avatar\/962736704ad33e8f2d1fd7afc591ab0f78027bd65a33c2312c6d1ef90a4b2e77?s=96&d=mm&r=g","contentUrl":"https:\/\/secure.gravatar.com\/avatar\/962736704ad33e8f2d1fd7afc591ab0f78027bd65a33c2312c6d1ef90a4b2e77?s=96&d=mm&r=g","caption":"Ikusi"},"url":"https:\/\/testing.xplaye.com\/ikusi2\/es\/author\/ikusi\/"}]}},"_links":{"self":[{"href":"https:\/\/testing.xplaye.com\/ikusi2\/es\/wp-json\/wp\/v2\/posts\/11563","targetHints":{"allow":["GET"]}}],"collection":[{"href":"https:\/\/testing.xplaye.com\/ikusi2\/es\/wp-json\/wp\/v2\/posts"}],"about":[{"href":"https:\/\/testing.xplaye.com\/ikusi2\/es\/wp-json\/wp\/v2\/types\/post"}],"author":[{"embeddable":true,"href":"https:\/\/testing.xplaye.com\/ikusi2\/es\/wp-json\/wp\/v2\/users\/2"}],"replies":[{"embeddable":true,"href":"https:\/\/testing.xplaye.com\/ikusi2\/es\/wp-json\/wp\/v2\/comments?post=11563"}],"version-history":[{"count":0,"href":"https:\/\/testing.xplaye.com\/ikusi2\/es\/wp-json\/wp\/v2\/posts\/11563\/revisions"}],"wp:featuredmedia":[{"embeddable":true,"href":"https:\/\/testing.xplaye.com\/ikusi2\/es\/wp-json\/wp\/v2\/media\/11805"}],"wp:attachment":[{"href":"https:\/\/testing.xplaye.com\/ikusi2\/es\/wp-json\/wp\/v2\/media?parent=11563"}],"wp:term":[{"taxonomy":"category","embeddable":true,"href":"https:\/\/testing.xplaye.com\/ikusi2\/es\/wp-json\/wp\/v2\/categories?post=11563"},{"taxonomy":"post_tag","embeddable":true,"href":"https:\/\/testing.xplaye.com\/ikusi2\/es\/wp-json\/wp\/v2\/tags?post=11563"},{"taxonomy":"temas","embeddable":true,"href":"https:\/\/testing.xplaye.com\/ikusi2\/es\/wp-json\/wp\/v2\/temas?post=11563"}],"curies":[{"name":"wp","href":"https:\/\/api.w.org\/{rel}","templated":true}]}}