{"id":11530,"date":"2020-04-08T00:00:00","date_gmt":"2020-04-08T00:00:00","guid":{"rendered":"https:\/\/testing.xplaye.com\/ikusi2\/es\/2020\/04\/08\/entrevista-a-alejandro-cordero-lider-de-preventa-y-desarrollo-de-negocio-en-aryse-ikusi\/"},"modified":"2023-08-23T16:56:09","modified_gmt":"2023-08-23T16:56:09","slug":"entrevista-a-alejandro-cordero-lider-de-preventa-y-desarrollo-de-negocio-en-aryse-ikusi","status":"publish","type":"post","link":"https:\/\/testing.xplaye.com\/ikusi2\/es\/blog\/entrevista-a-alejandro-cordero-lider-de-preventa-y-desarrollo-de-negocio-en-aryse-ikusi\/","title":{"rendered":"Entrevista a Alejandro Cordero. L\u00edder de Preventa y Desarrollo de Negocio en Aryse (Ikusi)"},"content":{"rendered":"<p><strong>El pr\u00f3ximo 14 de abril Aryse ha organizado un webinar para la puesta de largo de Aryse 360\u00ba. Vamos a hacer un poco de spoiler y cu\u00e9ntanos qu\u00e9 os ha llevado a presentar esta nueva propuesta al mercado.<\/strong><\/p>\n<p>Desde nuestro conocimiento de mercado, hemos observado que hay clientes con necesidades complejas de seguridad, conectividad y colaboraci\u00f3n que sus departamentos de TI no pueden atender o que necesitar\u00edan estar mejor dimensionados para poder hacerlo.<\/p>\n<p>Aryse es una empresa que trabaja de forma muy cercana a los clientes, estamos muy implicados en ayudarles, de ah\u00ed que pens\u00e1ramos en desarrollar una propuesta integral de servicios gestionados, como Aryse 360\u00ba, que da respuesta en una \u00fanica propuesta a las necesidades de conectividad, seguridad y colaboraci\u00f3n de las empresas. Todo ello de una forma muy simple, a trav\u00e9s del servicio personalizado del equipo Aryse, con una cuota mensual.<\/p>\n<p>Con Aryse 360\u00ba estamos dando respuesta a las necesidades de empresas que por facturaci\u00f3n, tama\u00f1o o dispersi\u00f3n geogr\u00e1fica necesitan un aliado tecnol\u00f3gico que complemente a su departamento de TI en materia de conectividad, seguridad y colaboraci\u00f3n.<\/p>\n<p><strong>Y tambi\u00e9n con las ventajas de ser un servicio administrado en la nube, \u00bfverdad?<\/strong><br \/>\nDesde luego. Aryse 360\u00ba es una soluci\u00f3n basada en tecnolog\u00eda cloud. Siempre hay alg\u00fan componente in situ, pero la gesti\u00f3n y la visibilidad la llevamos desde la nube.<\/p>\n<p><strong>\u00bfQu\u00e9 diferencia a Aryse 360\u00ba de otras soluciones del mercado?<\/strong><br \/>\nGeneralmente los proveedores de este tipo de soluciones son los grandes operadores. Frente a ellos, en Aryse ofrecemos cercan\u00eda, personalizaci\u00f3n y flexibilidad para cubrir las necesidades del cliente.<br \/>\nNosotros, Aryse, somos integradores y en nuestro mundo por lo general lo que se ofrece a los clientes son proyectos llave en mano y un mantenimiento posterior. As\u00ed que yo dir\u00eda que Aryse 360\u00ba re\u00fane lo mejor de estos dos mundos: nuestra expertise como integradores, a la que sumamos cercan\u00eda, calidad y servicio.<\/p>\n<p><strong>Un aspecto que destac\u00e1is de Aryse 360\u00ba es que es un servicio basado en producto Cisco.<\/strong><br \/>\nEn Aryse hemos apostado desde siempre por Cisco. Es una empresa l\u00edder en conectividad que ha ido enriqueciendo su propuesta incorporando a su ecosistema nuevas empresas especializadas. Tambi\u00e9n es un player muy fuerte en seguridad. Para nosotros Cisco es una garant\u00eda para proporcionar a los clientes una soluci\u00f3n que re\u00fane conectividad, seguridad y colaboraci\u00f3n.<\/p>\n<p><strong>Aryse 360\u00ba tambi\u00e9n incorpora otras propuestas que enriquecen su servicio.<\/strong><br \/>\nEfectivamente, hemos sumado a la garant\u00eda que ofrecen los productos de Cisco, wasp\u00ae, la soluci\u00f3n avanzada de ciberseguridad creada por Ikusi, que protege los recursos de las organizaciones conectados a Internet desde cualquier punto geogr\u00e1fico. Esta soluci\u00f3n identifica el nivel de exposici\u00f3n de la red para evitar riesgos en el manejo de informaci\u00f3n y proporciona visibilidad al cliente a trav\u00e9s de la nube de lo que est\u00e1 ocurriendo en su red. Esta suma es otro de los puntos fuertes y diferenciales de Aryse 360\u00ba.<\/p>\n","protected":false},"excerpt":{"rendered":"<p>El pr\u00f3ximo 14 de abril Aryse ha organizado un webinar para la puesta de largo de Aryse 360\u00ba. Vamos a<\/p>\n","protected":false},"author":2,"featured_media":3209,"comment_status":"open","ping_status":"open","sticky":false,"template":"","format":"standard","meta":{"_acf_changed":false,"footnotes":""},"categories":[],"tags":[],"temas":[168],"class_list":["post-11530","post","type-post","status-publish","format-standard","has-post-thumbnail","hentry","temas-managed-services"],"acf":[],"yoast_head":"<!-- This site is optimized with the Yoast SEO plugin v27.4 - https:\/\/yoast.com\/product\/yoast-seo-wordpress\/ -->\n<title>Entrevista a Alejandro Cordero. L\u00edder de Preventa y Desarrollo de Negocio en Aryse (Ikusi) - Ikusi ES<\/title>\n<meta name=\"robots\" content=\"index, follow, max-snippet:-1, max-image-preview:large, max-video-preview:-1\" \/>\n<link rel=\"canonical\" href=\"https:\/\/testing.xplaye.com\/ikusi2\/es\/blog\/entrevista-a-alejandro-cordero-lider-de-preventa-y-desarrollo-de-negocio-en-aryse-ikusi\/\" \/>\n<meta property=\"og:locale\" content=\"es_ES\" \/>\n<meta property=\"og:type\" content=\"article\" \/>\n<meta property=\"og:title\" content=\"Entrevista a Alejandro Cordero. L\u00edder de Preventa y Desarrollo de Negocio en Aryse (Ikusi) - Ikusi ES\" \/>\n<meta property=\"og:description\" content=\"El pr\u00f3ximo 14 de abril Aryse ha organizado un webinar para la puesta de largo de Aryse 360\u00ba. Vamos a\" \/>\n<meta property=\"og:url\" content=\"https:\/\/testing.xplaye.com\/ikusi2\/es\/blog\/entrevista-a-alejandro-cordero-lider-de-preventa-y-desarrollo-de-negocio-en-aryse-ikusi\/\" \/>\n<meta property=\"og:site_name\" content=\"Ikusi ES\" \/>\n<meta property=\"article:published_time\" content=\"2020-04-08T00:00:00+00:00\" \/>\n<meta property=\"article:modified_time\" content=\"2023-08-23T16:56:09+00:00\" \/>\n<meta property=\"og:image\" content=\"https:\/\/testing.xplaye.com\/ikusi2\/es\/wp-content\/uploads\/sites\/2\/2022\/05\/cartelera_0.jpg\" \/>\n\t<meta property=\"og:image:width\" content=\"1075\" \/>\n\t<meta property=\"og:image:height\" content=\"616\" \/>\n\t<meta property=\"og:image:type\" content=\"image\/jpeg\" \/>\n<meta name=\"author\" content=\"Ikusi\" \/>\n<meta name=\"twitter:card\" content=\"summary_large_image\" \/>\n<meta name=\"twitter:label1\" content=\"Escrito por\" \/>\n\t<meta name=\"twitter:data1\" content=\"Ikusi\" \/>\n\t<meta name=\"twitter:label2\" content=\"Tiempo de lectura\" \/>\n\t<meta name=\"twitter:data2\" content=\"3 minutos\" \/>\n<script type=\"application\/ld+json\" class=\"yoast-schema-graph\">{\"@context\":\"https:\\\/\\\/schema.org\",\"@graph\":[{\"@type\":\"Article\",\"@id\":\"https:\\\/\\\/testing.xplaye.com\\\/ikusi2\\\/es\\\/blog\\\/entrevista-a-alejandro-cordero-lider-de-preventa-y-desarrollo-de-negocio-en-aryse-ikusi\\\/#article\",\"isPartOf\":{\"@id\":\"https:\\\/\\\/testing.xplaye.com\\\/ikusi2\\\/es\\\/blog\\\/entrevista-a-alejandro-cordero-lider-de-preventa-y-desarrollo-de-negocio-en-aryse-ikusi\\\/\"},\"author\":{\"name\":\"Ikusi\",\"@id\":\"https:\\\/\\\/testing.xplaye.com\\\/ikusi2\\\/es\\\/#\\\/schema\\\/person\\\/bcd06b0e7689b90689815d0b78a2bc2d\"},\"headline\":\"Entrevista a Alejandro Cordero. L\u00edder de Preventa y Desarrollo de Negocio en Aryse (Ikusi)\",\"datePublished\":\"2020-04-08T00:00:00+00:00\",\"dateModified\":\"2023-08-23T16:56:09+00:00\",\"mainEntityOfPage\":{\"@id\":\"https:\\\/\\\/testing.xplaye.com\\\/ikusi2\\\/es\\\/blog\\\/entrevista-a-alejandro-cordero-lider-de-preventa-y-desarrollo-de-negocio-en-aryse-ikusi\\\/\"},\"wordCount\":519,\"commentCount\":0,\"image\":{\"@id\":\"https:\\\/\\\/testing.xplaye.com\\\/ikusi2\\\/es\\\/blog\\\/entrevista-a-alejandro-cordero-lider-de-preventa-y-desarrollo-de-negocio-en-aryse-ikusi\\\/#primaryimage\"},\"thumbnailUrl\":\"https:\\\/\\\/testing.xplaye.com\\\/ikusi2\\\/es\\\/wp-content\\\/uploads\\\/sites\\\/2\\\/2022\\\/05\\\/cartelera_0.jpg\",\"inLanguage\":\"es\",\"potentialAction\":[{\"@type\":\"CommentAction\",\"name\":\"Comment\",\"target\":[\"https:\\\/\\\/testing.xplaye.com\\\/ikusi2\\\/es\\\/blog\\\/entrevista-a-alejandro-cordero-lider-de-preventa-y-desarrollo-de-negocio-en-aryse-ikusi\\\/#respond\"]}]},{\"@type\":\"WebPage\",\"@id\":\"https:\\\/\\\/testing.xplaye.com\\\/ikusi2\\\/es\\\/blog\\\/entrevista-a-alejandro-cordero-lider-de-preventa-y-desarrollo-de-negocio-en-aryse-ikusi\\\/\",\"url\":\"https:\\\/\\\/testing.xplaye.com\\\/ikusi2\\\/es\\\/blog\\\/entrevista-a-alejandro-cordero-lider-de-preventa-y-desarrollo-de-negocio-en-aryse-ikusi\\\/\",\"name\":\"Entrevista a Alejandro Cordero. L\u00edder de Preventa y Desarrollo de Negocio en Aryse (Ikusi) - Ikusi ES\",\"isPartOf\":{\"@id\":\"https:\\\/\\\/testing.xplaye.com\\\/ikusi2\\\/es\\\/#website\"},\"primaryImageOfPage\":{\"@id\":\"https:\\\/\\\/testing.xplaye.com\\\/ikusi2\\\/es\\\/blog\\\/entrevista-a-alejandro-cordero-lider-de-preventa-y-desarrollo-de-negocio-en-aryse-ikusi\\\/#primaryimage\"},\"image\":{\"@id\":\"https:\\\/\\\/testing.xplaye.com\\\/ikusi2\\\/es\\\/blog\\\/entrevista-a-alejandro-cordero-lider-de-preventa-y-desarrollo-de-negocio-en-aryse-ikusi\\\/#primaryimage\"},\"thumbnailUrl\":\"https:\\\/\\\/testing.xplaye.com\\\/ikusi2\\\/es\\\/wp-content\\\/uploads\\\/sites\\\/2\\\/2022\\\/05\\\/cartelera_0.jpg\",\"datePublished\":\"2020-04-08T00:00:00+00:00\",\"dateModified\":\"2023-08-23T16:56:09+00:00\",\"author\":{\"@id\":\"https:\\\/\\\/testing.xplaye.com\\\/ikusi2\\\/es\\\/#\\\/schema\\\/person\\\/bcd06b0e7689b90689815d0b78a2bc2d\"},\"breadcrumb\":{\"@id\":\"https:\\\/\\\/testing.xplaye.com\\\/ikusi2\\\/es\\\/blog\\\/entrevista-a-alejandro-cordero-lider-de-preventa-y-desarrollo-de-negocio-en-aryse-ikusi\\\/#breadcrumb\"},\"inLanguage\":\"es\",\"potentialAction\":[{\"@type\":\"ReadAction\",\"target\":[\"https:\\\/\\\/testing.xplaye.com\\\/ikusi2\\\/es\\\/blog\\\/entrevista-a-alejandro-cordero-lider-de-preventa-y-desarrollo-de-negocio-en-aryse-ikusi\\\/\"]}]},{\"@type\":\"ImageObject\",\"inLanguage\":\"es\",\"@id\":\"https:\\\/\\\/testing.xplaye.com\\\/ikusi2\\\/es\\\/blog\\\/entrevista-a-alejandro-cordero-lider-de-preventa-y-desarrollo-de-negocio-en-aryse-ikusi\\\/#primaryimage\",\"url\":\"https:\\\/\\\/testing.xplaye.com\\\/ikusi2\\\/es\\\/wp-content\\\/uploads\\\/sites\\\/2\\\/2022\\\/05\\\/cartelera_0.jpg\",\"contentUrl\":\"https:\\\/\\\/testing.xplaye.com\\\/ikusi2\\\/es\\\/wp-content\\\/uploads\\\/sites\\\/2\\\/2022\\\/05\\\/cartelera_0.jpg\",\"width\":1075,\"height\":616},{\"@type\":\"BreadcrumbList\",\"@id\":\"https:\\\/\\\/testing.xplaye.com\\\/ikusi2\\\/es\\\/blog\\\/entrevista-a-alejandro-cordero-lider-de-preventa-y-desarrollo-de-negocio-en-aryse-ikusi\\\/#breadcrumb\",\"itemListElement\":[{\"@type\":\"ListItem\",\"position\":1,\"name\":\"Portada\",\"item\":\"https:\\\/\\\/testing.xplaye.com\\\/ikusi2\\\/es\\\/\"},{\"@type\":\"ListItem\",\"position\":2,\"name\":\"Entrevista a Alejandro Cordero. L\u00edder de Preventa y Desarrollo de Negocio en Aryse (Ikusi)\"}]},{\"@type\":\"WebSite\",\"@id\":\"https:\\\/\\\/testing.xplaye.com\\\/ikusi2\\\/es\\\/#website\",\"url\":\"https:\\\/\\\/testing.xplaye.com\\\/ikusi2\\\/es\\\/\",\"name\":\"Ikusi\",\"description\":\"\",\"alternateName\":\"Ikusi\",\"potentialAction\":[{\"@type\":\"SearchAction\",\"target\":{\"@type\":\"EntryPoint\",\"urlTemplate\":\"https:\\\/\\\/testing.xplaye.com\\\/ikusi2\\\/es\\\/?s={search_term_string}\"},\"query-input\":{\"@type\":\"PropertyValueSpecification\",\"valueRequired\":true,\"valueName\":\"search_term_string\"}}],\"inLanguage\":\"es\"},{\"@type\":\"Person\",\"@id\":\"https:\\\/\\\/testing.xplaye.com\\\/ikusi2\\\/es\\\/#\\\/schema\\\/person\\\/bcd06b0e7689b90689815d0b78a2bc2d\",\"name\":\"Ikusi\",\"image\":{\"@type\":\"ImageObject\",\"inLanguage\":\"es\",\"@id\":\"https:\\\/\\\/secure.gravatar.com\\\/avatar\\\/962736704ad33e8f2d1fd7afc591ab0f78027bd65a33c2312c6d1ef90a4b2e77?s=96&d=mm&r=g\",\"url\":\"https:\\\/\\\/secure.gravatar.com\\\/avatar\\\/962736704ad33e8f2d1fd7afc591ab0f78027bd65a33c2312c6d1ef90a4b2e77?s=96&d=mm&r=g\",\"contentUrl\":\"https:\\\/\\\/secure.gravatar.com\\\/avatar\\\/962736704ad33e8f2d1fd7afc591ab0f78027bd65a33c2312c6d1ef90a4b2e77?s=96&d=mm&r=g\",\"caption\":\"Ikusi\"},\"url\":\"https:\\\/\\\/testing.xplaye.com\\\/ikusi2\\\/es\\\/author\\\/ikusi\\\/\"}]}<\/script>\n<!-- \/ Yoast SEO plugin. -->","yoast_head_json":{"title":"Entrevista a Alejandro Cordero. L\u00edder de Preventa y Desarrollo de Negocio en Aryse (Ikusi) - Ikusi ES","robots":{"index":"index","follow":"follow","max-snippet":"max-snippet:-1","max-image-preview":"max-image-preview:large","max-video-preview":"max-video-preview:-1"},"canonical":"https:\/\/testing.xplaye.com\/ikusi2\/es\/blog\/entrevista-a-alejandro-cordero-lider-de-preventa-y-desarrollo-de-negocio-en-aryse-ikusi\/","og_locale":"es_ES","og_type":"article","og_title":"Entrevista a Alejandro Cordero. L\u00edder de Preventa y Desarrollo de Negocio en Aryse (Ikusi) - Ikusi ES","og_description":"El pr\u00f3ximo 14 de abril Aryse ha organizado un webinar para la puesta de largo de Aryse 360\u00ba. Vamos a","og_url":"https:\/\/testing.xplaye.com\/ikusi2\/es\/blog\/entrevista-a-alejandro-cordero-lider-de-preventa-y-desarrollo-de-negocio-en-aryse-ikusi\/","og_site_name":"Ikusi ES","article_published_time":"2020-04-08T00:00:00+00:00","article_modified_time":"2023-08-23T16:56:09+00:00","og_image":[{"width":1075,"height":616,"url":"https:\/\/testing.xplaye.com\/ikusi2\/es\/wp-content\/uploads\/sites\/2\/2022\/05\/cartelera_0.jpg","type":"image\/jpeg"}],"author":"Ikusi","twitter_card":"summary_large_image","twitter_misc":{"Escrito por":"Ikusi","Tiempo de lectura":"3 minutos"},"schema":{"@context":"https:\/\/schema.org","@graph":[{"@type":"Article","@id":"https:\/\/testing.xplaye.com\/ikusi2\/es\/blog\/entrevista-a-alejandro-cordero-lider-de-preventa-y-desarrollo-de-negocio-en-aryse-ikusi\/#article","isPartOf":{"@id":"https:\/\/testing.xplaye.com\/ikusi2\/es\/blog\/entrevista-a-alejandro-cordero-lider-de-preventa-y-desarrollo-de-negocio-en-aryse-ikusi\/"},"author":{"name":"Ikusi","@id":"https:\/\/testing.xplaye.com\/ikusi2\/es\/#\/schema\/person\/bcd06b0e7689b90689815d0b78a2bc2d"},"headline":"Entrevista a Alejandro Cordero. L\u00edder de Preventa y Desarrollo de Negocio en Aryse (Ikusi)","datePublished":"2020-04-08T00:00:00+00:00","dateModified":"2023-08-23T16:56:09+00:00","mainEntityOfPage":{"@id":"https:\/\/testing.xplaye.com\/ikusi2\/es\/blog\/entrevista-a-alejandro-cordero-lider-de-preventa-y-desarrollo-de-negocio-en-aryse-ikusi\/"},"wordCount":519,"commentCount":0,"image":{"@id":"https:\/\/testing.xplaye.com\/ikusi2\/es\/blog\/entrevista-a-alejandro-cordero-lider-de-preventa-y-desarrollo-de-negocio-en-aryse-ikusi\/#primaryimage"},"thumbnailUrl":"https:\/\/testing.xplaye.com\/ikusi2\/es\/wp-content\/uploads\/sites\/2\/2022\/05\/cartelera_0.jpg","inLanguage":"es","potentialAction":[{"@type":"CommentAction","name":"Comment","target":["https:\/\/testing.xplaye.com\/ikusi2\/es\/blog\/entrevista-a-alejandro-cordero-lider-de-preventa-y-desarrollo-de-negocio-en-aryse-ikusi\/#respond"]}]},{"@type":"WebPage","@id":"https:\/\/testing.xplaye.com\/ikusi2\/es\/blog\/entrevista-a-alejandro-cordero-lider-de-preventa-y-desarrollo-de-negocio-en-aryse-ikusi\/","url":"https:\/\/testing.xplaye.com\/ikusi2\/es\/blog\/entrevista-a-alejandro-cordero-lider-de-preventa-y-desarrollo-de-negocio-en-aryse-ikusi\/","name":"Entrevista a Alejandro Cordero. L\u00edder de Preventa y Desarrollo de Negocio en Aryse (Ikusi) - Ikusi ES","isPartOf":{"@id":"https:\/\/testing.xplaye.com\/ikusi2\/es\/#website"},"primaryImageOfPage":{"@id":"https:\/\/testing.xplaye.com\/ikusi2\/es\/blog\/entrevista-a-alejandro-cordero-lider-de-preventa-y-desarrollo-de-negocio-en-aryse-ikusi\/#primaryimage"},"image":{"@id":"https:\/\/testing.xplaye.com\/ikusi2\/es\/blog\/entrevista-a-alejandro-cordero-lider-de-preventa-y-desarrollo-de-negocio-en-aryse-ikusi\/#primaryimage"},"thumbnailUrl":"https:\/\/testing.xplaye.com\/ikusi2\/es\/wp-content\/uploads\/sites\/2\/2022\/05\/cartelera_0.jpg","datePublished":"2020-04-08T00:00:00+00:00","dateModified":"2023-08-23T16:56:09+00:00","author":{"@id":"https:\/\/testing.xplaye.com\/ikusi2\/es\/#\/schema\/person\/bcd06b0e7689b90689815d0b78a2bc2d"},"breadcrumb":{"@id":"https:\/\/testing.xplaye.com\/ikusi2\/es\/blog\/entrevista-a-alejandro-cordero-lider-de-preventa-y-desarrollo-de-negocio-en-aryse-ikusi\/#breadcrumb"},"inLanguage":"es","potentialAction":[{"@type":"ReadAction","target":["https:\/\/testing.xplaye.com\/ikusi2\/es\/blog\/entrevista-a-alejandro-cordero-lider-de-preventa-y-desarrollo-de-negocio-en-aryse-ikusi\/"]}]},{"@type":"ImageObject","inLanguage":"es","@id":"https:\/\/testing.xplaye.com\/ikusi2\/es\/blog\/entrevista-a-alejandro-cordero-lider-de-preventa-y-desarrollo-de-negocio-en-aryse-ikusi\/#primaryimage","url":"https:\/\/testing.xplaye.com\/ikusi2\/es\/wp-content\/uploads\/sites\/2\/2022\/05\/cartelera_0.jpg","contentUrl":"https:\/\/testing.xplaye.com\/ikusi2\/es\/wp-content\/uploads\/sites\/2\/2022\/05\/cartelera_0.jpg","width":1075,"height":616},{"@type":"BreadcrumbList","@id":"https:\/\/testing.xplaye.com\/ikusi2\/es\/blog\/entrevista-a-alejandro-cordero-lider-de-preventa-y-desarrollo-de-negocio-en-aryse-ikusi\/#breadcrumb","itemListElement":[{"@type":"ListItem","position":1,"name":"Portada","item":"https:\/\/testing.xplaye.com\/ikusi2\/es\/"},{"@type":"ListItem","position":2,"name":"Entrevista a Alejandro Cordero. L\u00edder de Preventa y Desarrollo de Negocio en Aryse (Ikusi)"}]},{"@type":"WebSite","@id":"https:\/\/testing.xplaye.com\/ikusi2\/es\/#website","url":"https:\/\/testing.xplaye.com\/ikusi2\/es\/","name":"Ikusi","description":"","alternateName":"Ikusi","potentialAction":[{"@type":"SearchAction","target":{"@type":"EntryPoint","urlTemplate":"https:\/\/testing.xplaye.com\/ikusi2\/es\/?s={search_term_string}"},"query-input":{"@type":"PropertyValueSpecification","valueRequired":true,"valueName":"search_term_string"}}],"inLanguage":"es"},{"@type":"Person","@id":"https:\/\/testing.xplaye.com\/ikusi2\/es\/#\/schema\/person\/bcd06b0e7689b90689815d0b78a2bc2d","name":"Ikusi","image":{"@type":"ImageObject","inLanguage":"es","@id":"https:\/\/secure.gravatar.com\/avatar\/962736704ad33e8f2d1fd7afc591ab0f78027bd65a33c2312c6d1ef90a4b2e77?s=96&d=mm&r=g","url":"https:\/\/secure.gravatar.com\/avatar\/962736704ad33e8f2d1fd7afc591ab0f78027bd65a33c2312c6d1ef90a4b2e77?s=96&d=mm&r=g","contentUrl":"https:\/\/secure.gravatar.com\/avatar\/962736704ad33e8f2d1fd7afc591ab0f78027bd65a33c2312c6d1ef90a4b2e77?s=96&d=mm&r=g","caption":"Ikusi"},"url":"https:\/\/testing.xplaye.com\/ikusi2\/es\/author\/ikusi\/"}]}},"_links":{"self":[{"href":"https:\/\/testing.xplaye.com\/ikusi2\/es\/wp-json\/wp\/v2\/posts\/11530","targetHints":{"allow":["GET"]}}],"collection":[{"href":"https:\/\/testing.xplaye.com\/ikusi2\/es\/wp-json\/wp\/v2\/posts"}],"about":[{"href":"https:\/\/testing.xplaye.com\/ikusi2\/es\/wp-json\/wp\/v2\/types\/post"}],"author":[{"embeddable":true,"href":"https:\/\/testing.xplaye.com\/ikusi2\/es\/wp-json\/wp\/v2\/users\/2"}],"replies":[{"embeddable":true,"href":"https:\/\/testing.xplaye.com\/ikusi2\/es\/wp-json\/wp\/v2\/comments?post=11530"}],"version-history":[{"count":0,"href":"https:\/\/testing.xplaye.com\/ikusi2\/es\/wp-json\/wp\/v2\/posts\/11530\/revisions"}],"wp:featuredmedia":[{"embeddable":true,"href":"https:\/\/testing.xplaye.com\/ikusi2\/es\/wp-json\/wp\/v2\/media\/3209"}],"wp:attachment":[{"href":"https:\/\/testing.xplaye.com\/ikusi2\/es\/wp-json\/wp\/v2\/media?parent=11530"}],"wp:term":[{"taxonomy":"category","embeddable":true,"href":"https:\/\/testing.xplaye.com\/ikusi2\/es\/wp-json\/wp\/v2\/categories?post=11530"},{"taxonomy":"post_tag","embeddable":true,"href":"https:\/\/testing.xplaye.com\/ikusi2\/es\/wp-json\/wp\/v2\/tags?post=11530"},{"taxonomy":"temas","embeddable":true,"href":"https:\/\/testing.xplaye.com\/ikusi2\/es\/wp-json\/wp\/v2\/temas?post=11530"}],"curies":[{"name":"wp","href":"https:\/\/api.w.org\/{rel}","templated":true}]}}