{"id":11523,"date":"2020-05-07T00:00:00","date_gmt":"2020-05-07T00:00:00","guid":{"rendered":"https:\/\/testing.xplaye.com\/ikusi2\/es\/2020\/05\/07\/entrevista-alberto-rodriguez-coordinador-tecnico\/"},"modified":"2023-08-23T17:02:19","modified_gmt":"2023-08-23T17:02:19","slug":"entrevista-alberto-rodriguez-coordinador-tecnico","status":"publish","type":"post","link":"https:\/\/testing.xplaye.com\/ikusi2\/es\/blog\/entrevista-alberto-rodriguez-coordinador-tecnico\/","title":{"rendered":"Entrevista Alberto Rodr\u00edguez, coordinador t\u00e9cnico"},"content":{"rendered":"<p>Alberto estaba acostumbrado a vivir viajando para realizar labores de mantenimiento y evoluciones de los sistemas principalmente para ACTREN y Talgo. Y cuando es necesario tambi\u00e9n responde a las incidencias de clientes a miles de kil\u00f3metros como Siteur o Bombardier en M\u00e9xico. Como coordinador t\u00e9cnico es el encargado de responder a las incidencias o realizar los evolutivos de los sistemas en el interior de los propios trenes. Contin\u00faa haci\u00e9ndolo, aunque sin trasladarse de provincia y, ahora con una mayor disponibilidad de trabajar en los propios trenes, en su mayor\u00eda con restricciones de movilidad por la crisis del COVID-19.<\/p>\n<p><strong>Me comentabas que tu trabajo requiere m\u00faltiples desplazamientos y que ahora con la crisis sanitaria se han reducido notablemente<\/strong><\/p>\n<p>As\u00ed es. Estaba habituado a constantes desplazamiento. Soy coordinador t\u00e9cnico del negocio de embarcado y los principales proyectos que atiendo son de mantenimiento y evoluci\u00f3n de sistemas para Actren y Talgo. As\u00ed que mi vida laboral transcurr\u00eda en continuos viajes a las instalaciones de estas dos empresas, lo que me obligaba a viajar a Galicia, Barcelona, Toledo o a desplazarme desde las oficinas de Ikusi en Getafe a otras zonas de Madrid.<\/p>\n<p>Es un trabajo muy cercano al cliente con m\u00faltiples reuniones, incidencias y la necesidad de dar una respuesta r\u00e1pida. El transporte es esencial y los trenes tienen que estar operativos. Desde Ikusi damos servicio a m\u00e1s de 100 trenes.<\/p>\n<p><strong>Sin embargo, mientras dura la crisis del coronavirus el transporte ferroviario ha descendido notablemente<\/strong>.<\/p>\n<p>Es cierto. Pero hay que continuar realizando el servicio de mantenimiento. El momento actual tiene alguna ventaja. Antes era m\u00e1s dif\u00edcil que el tren estuviera disponible para realizar las tareas de mantenimiento o para probar los sistemas, ahora no tienes m\u00e1s que pedirlo, ya que el 80% de la flota est\u00e1 parada.<\/p>\n<p><strong>\u00bfC\u00f3mo se est\u00e1 desarrollando desde el punto de vista de la salud y de la seguridad tu trabajo?<\/strong><\/p>\n<p>L\u00f3gicamente adoptamos todas las medidas de seguridad utilizando mascarilla, guantes o gel desinfectante. En ese sentido, nos encontramos tambi\u00e9n con muchos menos trabajadores de los clientes en los talleres y en los propios trenes, con lo que podemos realizar nuestro trabajo guardando sin problemas la distancia de seguridad, cuando en una situaci\u00f3n de normalidad los talleres de Actren y Talgo son un ir y venir constante de personas.<\/p>\n<p><strong>\u00bfQu\u00e9 es lo m\u00e1s gratificante de tu trabajo?<\/strong><\/p>\n<p>Tenemos una relaci\u00f3n muy estrecha con el cliente. Buscamos soluciones a sus necesidades de evoluci\u00f3n tecnol\u00f3gica y de mantenimiento. Apoy\u00e1ndonos en los datos de los sistemas somos capaces de analizar cu\u00e1les son las principales incidencias, por qu\u00e9 ocurren, c\u00f3mo se pueden solucionar\u2026 Y estamos avanzando en sistemas de mantenimiento remoto, ya tenemos un prototipo, para poder conectarnos directamente al tren de forma online sin necesidad de acudir f\u00edsicamente a los talleres. El cliente agradece esta cercan\u00eda predisposici\u00f3n y reconoce nuestro trabajo. Y eso es muy gratificante.<\/p>\n","protected":false},"excerpt":{"rendered":"<p>Alberto estaba acostumbrado a vivir viajando para realizar labores de mantenimiento y evoluciones de los sistemas principalmente para ACTREN y<\/p>\n","protected":false},"author":2,"featured_media":3195,"comment_status":"open","ping_status":"open","sticky":false,"template":"","format":"standard","meta":{"_acf_changed":false,"footnotes":""},"categories":[],"tags":[],"temas":[170],"class_list":["post-11523","post","type-post","status-publish","format-standard","has-post-thumbnail","hentry","temas-tecnologia"],"acf":[],"yoast_head":"<!-- This site is optimized with the Yoast SEO plugin v27.4 - https:\/\/yoast.com\/product\/yoast-seo-wordpress\/ -->\n<title>Entrevista Alberto Rodr\u00edguez, coordinador t\u00e9cnico - Ikusi ES<\/title>\n<meta name=\"robots\" content=\"index, follow, max-snippet:-1, max-image-preview:large, max-video-preview:-1\" \/>\n<link rel=\"canonical\" href=\"https:\/\/testing.xplaye.com\/ikusi2\/es\/blog\/entrevista-alberto-rodriguez-coordinador-tecnico\/\" \/>\n<meta property=\"og:locale\" content=\"es_ES\" \/>\n<meta property=\"og:type\" content=\"article\" \/>\n<meta property=\"og:title\" content=\"Entrevista Alberto Rodr\u00edguez, coordinador t\u00e9cnico - Ikusi ES\" \/>\n<meta property=\"og:description\" content=\"Alberto estaba acostumbrado a vivir viajando para realizar labores de mantenimiento y evoluciones de los sistemas principalmente para ACTREN y\" \/>\n<meta property=\"og:url\" content=\"https:\/\/testing.xplaye.com\/ikusi2\/es\/blog\/entrevista-alberto-rodriguez-coordinador-tecnico\/\" \/>\n<meta property=\"og:site_name\" content=\"Ikusi ES\" \/>\n<meta property=\"article:published_time\" content=\"2020-05-07T00:00:00+00:00\" \/>\n<meta property=\"article:modified_time\" content=\"2023-08-23T17:02:19+00:00\" \/>\n<meta property=\"og:image\" content=\"https:\/\/testing.xplaye.com\/ikusi2\/es\/wp-content\/uploads\/sites\/2\/2022\/05\/20200430_110722_0-scaled-1.jpg\" \/>\n\t<meta property=\"og:image:width\" content=\"2560\" \/>\n\t<meta property=\"og:image:height\" content=\"1920\" \/>\n\t<meta property=\"og:image:type\" content=\"image\/jpeg\" \/>\n<meta name=\"author\" content=\"Ikusi\" \/>\n<meta name=\"twitter:card\" content=\"summary_large_image\" \/>\n<meta name=\"twitter:label1\" content=\"Escrito por\" \/>\n\t<meta name=\"twitter:data1\" content=\"Ikusi\" \/>\n\t<meta name=\"twitter:label2\" content=\"Tiempo de lectura\" \/>\n\t<meta name=\"twitter:data2\" content=\"3 minutos\" \/>\n<script type=\"application\/ld+json\" class=\"yoast-schema-graph\">{\"@context\":\"https:\\\/\\\/schema.org\",\"@graph\":[{\"@type\":\"Article\",\"@id\":\"https:\\\/\\\/testing.xplaye.com\\\/ikusi2\\\/es\\\/blog\\\/entrevista-alberto-rodriguez-coordinador-tecnico\\\/#article\",\"isPartOf\":{\"@id\":\"https:\\\/\\\/testing.xplaye.com\\\/ikusi2\\\/es\\\/blog\\\/entrevista-alberto-rodriguez-coordinador-tecnico\\\/\"},\"author\":{\"name\":\"Ikusi\",\"@id\":\"https:\\\/\\\/testing.xplaye.com\\\/ikusi2\\\/es\\\/#\\\/schema\\\/person\\\/bcd06b0e7689b90689815d0b78a2bc2d\"},\"headline\":\"Entrevista Alberto Rodr\u00edguez, coordinador t\u00e9cnico\",\"datePublished\":\"2020-05-07T00:00:00+00:00\",\"dateModified\":\"2023-08-23T17:02:19+00:00\",\"mainEntityOfPage\":{\"@id\":\"https:\\\/\\\/testing.xplaye.com\\\/ikusi2\\\/es\\\/blog\\\/entrevista-alberto-rodriguez-coordinador-tecnico\\\/\"},\"wordCount\":510,\"commentCount\":0,\"image\":{\"@id\":\"https:\\\/\\\/testing.xplaye.com\\\/ikusi2\\\/es\\\/blog\\\/entrevista-alberto-rodriguez-coordinador-tecnico\\\/#primaryimage\"},\"thumbnailUrl\":\"https:\\\/\\\/testing.xplaye.com\\\/ikusi2\\\/es\\\/wp-content\\\/uploads\\\/sites\\\/2\\\/2022\\\/05\\\/20200430_110722_0-scaled-1.jpg\",\"inLanguage\":\"es\",\"potentialAction\":[{\"@type\":\"CommentAction\",\"name\":\"Comment\",\"target\":[\"https:\\\/\\\/testing.xplaye.com\\\/ikusi2\\\/es\\\/blog\\\/entrevista-alberto-rodriguez-coordinador-tecnico\\\/#respond\"]}]},{\"@type\":\"WebPage\",\"@id\":\"https:\\\/\\\/testing.xplaye.com\\\/ikusi2\\\/es\\\/blog\\\/entrevista-alberto-rodriguez-coordinador-tecnico\\\/\",\"url\":\"https:\\\/\\\/testing.xplaye.com\\\/ikusi2\\\/es\\\/blog\\\/entrevista-alberto-rodriguez-coordinador-tecnico\\\/\",\"name\":\"Entrevista Alberto Rodr\u00edguez, coordinador t\u00e9cnico - Ikusi ES\",\"isPartOf\":{\"@id\":\"https:\\\/\\\/testing.xplaye.com\\\/ikusi2\\\/es\\\/#website\"},\"primaryImageOfPage\":{\"@id\":\"https:\\\/\\\/testing.xplaye.com\\\/ikusi2\\\/es\\\/blog\\\/entrevista-alberto-rodriguez-coordinador-tecnico\\\/#primaryimage\"},\"image\":{\"@id\":\"https:\\\/\\\/testing.xplaye.com\\\/ikusi2\\\/es\\\/blog\\\/entrevista-alberto-rodriguez-coordinador-tecnico\\\/#primaryimage\"},\"thumbnailUrl\":\"https:\\\/\\\/testing.xplaye.com\\\/ikusi2\\\/es\\\/wp-content\\\/uploads\\\/sites\\\/2\\\/2022\\\/05\\\/20200430_110722_0-scaled-1.jpg\",\"datePublished\":\"2020-05-07T00:00:00+00:00\",\"dateModified\":\"2023-08-23T17:02:19+00:00\",\"author\":{\"@id\":\"https:\\\/\\\/testing.xplaye.com\\\/ikusi2\\\/es\\\/#\\\/schema\\\/person\\\/bcd06b0e7689b90689815d0b78a2bc2d\"},\"breadcrumb\":{\"@id\":\"https:\\\/\\\/testing.xplaye.com\\\/ikusi2\\\/es\\\/blog\\\/entrevista-alberto-rodriguez-coordinador-tecnico\\\/#breadcrumb\"},\"inLanguage\":\"es\",\"potentialAction\":[{\"@type\":\"ReadAction\",\"target\":[\"https:\\\/\\\/testing.xplaye.com\\\/ikusi2\\\/es\\\/blog\\\/entrevista-alberto-rodriguez-coordinador-tecnico\\\/\"]}]},{\"@type\":\"ImageObject\",\"inLanguage\":\"es\",\"@id\":\"https:\\\/\\\/testing.xplaye.com\\\/ikusi2\\\/es\\\/blog\\\/entrevista-alberto-rodriguez-coordinador-tecnico\\\/#primaryimage\",\"url\":\"https:\\\/\\\/testing.xplaye.com\\\/ikusi2\\\/es\\\/wp-content\\\/uploads\\\/sites\\\/2\\\/2022\\\/05\\\/20200430_110722_0-scaled-1.jpg\",\"contentUrl\":\"https:\\\/\\\/testing.xplaye.com\\\/ikusi2\\\/es\\\/wp-content\\\/uploads\\\/sites\\\/2\\\/2022\\\/05\\\/20200430_110722_0-scaled-1.jpg\",\"width\":2560,\"height\":1920},{\"@type\":\"BreadcrumbList\",\"@id\":\"https:\\\/\\\/testing.xplaye.com\\\/ikusi2\\\/es\\\/blog\\\/entrevista-alberto-rodriguez-coordinador-tecnico\\\/#breadcrumb\",\"itemListElement\":[{\"@type\":\"ListItem\",\"position\":1,\"name\":\"Portada\",\"item\":\"https:\\\/\\\/testing.xplaye.com\\\/ikusi2\\\/es\\\/\"},{\"@type\":\"ListItem\",\"position\":2,\"name\":\"Entrevista Alberto Rodr\u00edguez, coordinador t\u00e9cnico\"}]},{\"@type\":\"WebSite\",\"@id\":\"https:\\\/\\\/testing.xplaye.com\\\/ikusi2\\\/es\\\/#website\",\"url\":\"https:\\\/\\\/testing.xplaye.com\\\/ikusi2\\\/es\\\/\",\"name\":\"Ikusi\",\"description\":\"\",\"alternateName\":\"Ikusi\",\"potentialAction\":[{\"@type\":\"SearchAction\",\"target\":{\"@type\":\"EntryPoint\",\"urlTemplate\":\"https:\\\/\\\/testing.xplaye.com\\\/ikusi2\\\/es\\\/?s={search_term_string}\"},\"query-input\":{\"@type\":\"PropertyValueSpecification\",\"valueRequired\":true,\"valueName\":\"search_term_string\"}}],\"inLanguage\":\"es\"},{\"@type\":\"Person\",\"@id\":\"https:\\\/\\\/testing.xplaye.com\\\/ikusi2\\\/es\\\/#\\\/schema\\\/person\\\/bcd06b0e7689b90689815d0b78a2bc2d\",\"name\":\"Ikusi\",\"image\":{\"@type\":\"ImageObject\",\"inLanguage\":\"es\",\"@id\":\"https:\\\/\\\/secure.gravatar.com\\\/avatar\\\/962736704ad33e8f2d1fd7afc591ab0f78027bd65a33c2312c6d1ef90a4b2e77?s=96&d=mm&r=g\",\"url\":\"https:\\\/\\\/secure.gravatar.com\\\/avatar\\\/962736704ad33e8f2d1fd7afc591ab0f78027bd65a33c2312c6d1ef90a4b2e77?s=96&d=mm&r=g\",\"contentUrl\":\"https:\\\/\\\/secure.gravatar.com\\\/avatar\\\/962736704ad33e8f2d1fd7afc591ab0f78027bd65a33c2312c6d1ef90a4b2e77?s=96&d=mm&r=g\",\"caption\":\"Ikusi\"},\"url\":\"https:\\\/\\\/testing.xplaye.com\\\/ikusi2\\\/es\\\/author\\\/ikusi\\\/\"}]}<\/script>\n<!-- \/ Yoast SEO plugin. -->","yoast_head_json":{"title":"Entrevista Alberto Rodr\u00edguez, coordinador t\u00e9cnico - Ikusi ES","robots":{"index":"index","follow":"follow","max-snippet":"max-snippet:-1","max-image-preview":"max-image-preview:large","max-video-preview":"max-video-preview:-1"},"canonical":"https:\/\/testing.xplaye.com\/ikusi2\/es\/blog\/entrevista-alberto-rodriguez-coordinador-tecnico\/","og_locale":"es_ES","og_type":"article","og_title":"Entrevista Alberto Rodr\u00edguez, coordinador t\u00e9cnico - Ikusi ES","og_description":"Alberto estaba acostumbrado a vivir viajando para realizar labores de mantenimiento y evoluciones de los sistemas principalmente para ACTREN y","og_url":"https:\/\/testing.xplaye.com\/ikusi2\/es\/blog\/entrevista-alberto-rodriguez-coordinador-tecnico\/","og_site_name":"Ikusi ES","article_published_time":"2020-05-07T00:00:00+00:00","article_modified_time":"2023-08-23T17:02:19+00:00","og_image":[{"width":2560,"height":1920,"url":"https:\/\/testing.xplaye.com\/ikusi2\/es\/wp-content\/uploads\/sites\/2\/2022\/05\/20200430_110722_0-scaled-1.jpg","type":"image\/jpeg"}],"author":"Ikusi","twitter_card":"summary_large_image","twitter_misc":{"Escrito por":"Ikusi","Tiempo de lectura":"3 minutos"},"schema":{"@context":"https:\/\/schema.org","@graph":[{"@type":"Article","@id":"https:\/\/testing.xplaye.com\/ikusi2\/es\/blog\/entrevista-alberto-rodriguez-coordinador-tecnico\/#article","isPartOf":{"@id":"https:\/\/testing.xplaye.com\/ikusi2\/es\/blog\/entrevista-alberto-rodriguez-coordinador-tecnico\/"},"author":{"name":"Ikusi","@id":"https:\/\/testing.xplaye.com\/ikusi2\/es\/#\/schema\/person\/bcd06b0e7689b90689815d0b78a2bc2d"},"headline":"Entrevista Alberto Rodr\u00edguez, coordinador t\u00e9cnico","datePublished":"2020-05-07T00:00:00+00:00","dateModified":"2023-08-23T17:02:19+00:00","mainEntityOfPage":{"@id":"https:\/\/testing.xplaye.com\/ikusi2\/es\/blog\/entrevista-alberto-rodriguez-coordinador-tecnico\/"},"wordCount":510,"commentCount":0,"image":{"@id":"https:\/\/testing.xplaye.com\/ikusi2\/es\/blog\/entrevista-alberto-rodriguez-coordinador-tecnico\/#primaryimage"},"thumbnailUrl":"https:\/\/testing.xplaye.com\/ikusi2\/es\/wp-content\/uploads\/sites\/2\/2022\/05\/20200430_110722_0-scaled-1.jpg","inLanguage":"es","potentialAction":[{"@type":"CommentAction","name":"Comment","target":["https:\/\/testing.xplaye.com\/ikusi2\/es\/blog\/entrevista-alberto-rodriguez-coordinador-tecnico\/#respond"]}]},{"@type":"WebPage","@id":"https:\/\/testing.xplaye.com\/ikusi2\/es\/blog\/entrevista-alberto-rodriguez-coordinador-tecnico\/","url":"https:\/\/testing.xplaye.com\/ikusi2\/es\/blog\/entrevista-alberto-rodriguez-coordinador-tecnico\/","name":"Entrevista Alberto Rodr\u00edguez, coordinador t\u00e9cnico - Ikusi ES","isPartOf":{"@id":"https:\/\/testing.xplaye.com\/ikusi2\/es\/#website"},"primaryImageOfPage":{"@id":"https:\/\/testing.xplaye.com\/ikusi2\/es\/blog\/entrevista-alberto-rodriguez-coordinador-tecnico\/#primaryimage"},"image":{"@id":"https:\/\/testing.xplaye.com\/ikusi2\/es\/blog\/entrevista-alberto-rodriguez-coordinador-tecnico\/#primaryimage"},"thumbnailUrl":"https:\/\/testing.xplaye.com\/ikusi2\/es\/wp-content\/uploads\/sites\/2\/2022\/05\/20200430_110722_0-scaled-1.jpg","datePublished":"2020-05-07T00:00:00+00:00","dateModified":"2023-08-23T17:02:19+00:00","author":{"@id":"https:\/\/testing.xplaye.com\/ikusi2\/es\/#\/schema\/person\/bcd06b0e7689b90689815d0b78a2bc2d"},"breadcrumb":{"@id":"https:\/\/testing.xplaye.com\/ikusi2\/es\/blog\/entrevista-alberto-rodriguez-coordinador-tecnico\/#breadcrumb"},"inLanguage":"es","potentialAction":[{"@type":"ReadAction","target":["https:\/\/testing.xplaye.com\/ikusi2\/es\/blog\/entrevista-alberto-rodriguez-coordinador-tecnico\/"]}]},{"@type":"ImageObject","inLanguage":"es","@id":"https:\/\/testing.xplaye.com\/ikusi2\/es\/blog\/entrevista-alberto-rodriguez-coordinador-tecnico\/#primaryimage","url":"https:\/\/testing.xplaye.com\/ikusi2\/es\/wp-content\/uploads\/sites\/2\/2022\/05\/20200430_110722_0-scaled-1.jpg","contentUrl":"https:\/\/testing.xplaye.com\/ikusi2\/es\/wp-content\/uploads\/sites\/2\/2022\/05\/20200430_110722_0-scaled-1.jpg","width":2560,"height":1920},{"@type":"BreadcrumbList","@id":"https:\/\/testing.xplaye.com\/ikusi2\/es\/blog\/entrevista-alberto-rodriguez-coordinador-tecnico\/#breadcrumb","itemListElement":[{"@type":"ListItem","position":1,"name":"Portada","item":"https:\/\/testing.xplaye.com\/ikusi2\/es\/"},{"@type":"ListItem","position":2,"name":"Entrevista Alberto Rodr\u00edguez, coordinador t\u00e9cnico"}]},{"@type":"WebSite","@id":"https:\/\/testing.xplaye.com\/ikusi2\/es\/#website","url":"https:\/\/testing.xplaye.com\/ikusi2\/es\/","name":"Ikusi","description":"","alternateName":"Ikusi","potentialAction":[{"@type":"SearchAction","target":{"@type":"EntryPoint","urlTemplate":"https:\/\/testing.xplaye.com\/ikusi2\/es\/?s={search_term_string}"},"query-input":{"@type":"PropertyValueSpecification","valueRequired":true,"valueName":"search_term_string"}}],"inLanguage":"es"},{"@type":"Person","@id":"https:\/\/testing.xplaye.com\/ikusi2\/es\/#\/schema\/person\/bcd06b0e7689b90689815d0b78a2bc2d","name":"Ikusi","image":{"@type":"ImageObject","inLanguage":"es","@id":"https:\/\/secure.gravatar.com\/avatar\/962736704ad33e8f2d1fd7afc591ab0f78027bd65a33c2312c6d1ef90a4b2e77?s=96&d=mm&r=g","url":"https:\/\/secure.gravatar.com\/avatar\/962736704ad33e8f2d1fd7afc591ab0f78027bd65a33c2312c6d1ef90a4b2e77?s=96&d=mm&r=g","contentUrl":"https:\/\/secure.gravatar.com\/avatar\/962736704ad33e8f2d1fd7afc591ab0f78027bd65a33c2312c6d1ef90a4b2e77?s=96&d=mm&r=g","caption":"Ikusi"},"url":"https:\/\/testing.xplaye.com\/ikusi2\/es\/author\/ikusi\/"}]}},"_links":{"self":[{"href":"https:\/\/testing.xplaye.com\/ikusi2\/es\/wp-json\/wp\/v2\/posts\/11523","targetHints":{"allow":["GET"]}}],"collection":[{"href":"https:\/\/testing.xplaye.com\/ikusi2\/es\/wp-json\/wp\/v2\/posts"}],"about":[{"href":"https:\/\/testing.xplaye.com\/ikusi2\/es\/wp-json\/wp\/v2\/types\/post"}],"author":[{"embeddable":true,"href":"https:\/\/testing.xplaye.com\/ikusi2\/es\/wp-json\/wp\/v2\/users\/2"}],"replies":[{"embeddable":true,"href":"https:\/\/testing.xplaye.com\/ikusi2\/es\/wp-json\/wp\/v2\/comments?post=11523"}],"version-history":[{"count":0,"href":"https:\/\/testing.xplaye.com\/ikusi2\/es\/wp-json\/wp\/v2\/posts\/11523\/revisions"}],"wp:featuredmedia":[{"embeddable":true,"href":"https:\/\/testing.xplaye.com\/ikusi2\/es\/wp-json\/wp\/v2\/media\/3195"}],"wp:attachment":[{"href":"https:\/\/testing.xplaye.com\/ikusi2\/es\/wp-json\/wp\/v2\/media?parent=11523"}],"wp:term":[{"taxonomy":"category","embeddable":true,"href":"https:\/\/testing.xplaye.com\/ikusi2\/es\/wp-json\/wp\/v2\/categories?post=11523"},{"taxonomy":"post_tag","embeddable":true,"href":"https:\/\/testing.xplaye.com\/ikusi2\/es\/wp-json\/wp\/v2\/tags?post=11523"},{"taxonomy":"temas","embeddable":true,"href":"https:\/\/testing.xplaye.com\/ikusi2\/es\/wp-json\/wp\/v2\/temas?post=11523"}],"curies":[{"name":"wp","href":"https:\/\/api.w.org\/{rel}","templated":true}]}}