{"id":11518,"date":"2020-05-21T00:00:00","date_gmt":"2020-05-21T00:00:00","guid":{"rendered":"https:\/\/testing.xplaye.com\/ikusi2\/es\/2020\/05\/21\/entrevista-a-jose-julian-guerra-y-fernando-velayos\/"},"modified":"2023-08-23T16:56:09","modified_gmt":"2023-08-23T16:56:09","slug":"entrevista-a-jose-julian-guerra-y-fernando-velayos","status":"publish","type":"post","link":"https:\/\/testing.xplaye.com\/ikusi2\/es\/blog\/entrevista-a-jose-julian-guerra-y-fernando-velayos\/","title":{"rendered":"Entrevista a Jos\u00e9 Julian Guerra y Fernando Velayos"},"content":{"rendered":"<p>Jos\u00e9 Juli\u00e1n Guerra y Fernando Velayos son t\u00e9cnicos de campo. Ambos cuentan con una amplia experiencia, de m\u00e1s de 10 a\u00f1os, y ambos trabajan en un mismo proyecto, aunque desde ubicaciones geogr\u00e1ficas diferentes, para dar servicio al Gobierno vasco en un proyecto de seguridad. Ellos est\u00e1n en el d\u00eda a d\u00eda, atendiendo las necesidades del cliente 24 horas al d\u00eda y 7 d\u00edas a la semana.<\/p>\n<p><strong>\u00bfC\u00f3mo describir\u00edais vuestro cometido?<\/strong><br \/>\nComo t\u00e9cnicos de campo nuestras tareas principales son la resoluci\u00f3n de incidencias, ampliaciones y mantenimiento preventivos de varios sistemas.<br \/>\nPor un lado, realizamos el mantenimiento preventivo y correctivo de los sistemas de seguridad como control de accesos, CCTV, sistemas de intrusi\u00f3n, detecci\u00f3n y extinci\u00f3n de incendios, sistema de interfon\u00eda\u2026<br \/>\nTodos estos sistemas se integran en el software de gesti\u00f3n de Ikusi Armadillo. Por otro lado, realizamos la renovaci\u00f3n tecnol\u00f3gica sustituyendo sistemas de seguridad m\u00e1s antiguos por el software de Ikusi y sistemas de seguridad actualizados.<\/p>\n<p><strong>Ambos trabaj\u00e1is de forma coordinada, pero desde distintos centros de trabajo\u2026<\/strong><br \/>\nEste proyecto abarca a toda la Comunidad Aut\u00f3noma Vasca. Para dar servicio a todo el territorio contamos con un equipo t\u00e9cnico integrado por 6 personas en Bizkaia y 3 en Gipuzkoa entre t\u00e9cnicos de hardware (nosotros), t\u00e9cnicos de software, ingenier\u00eda, log\u00edstica, gestor del proyecto y comercial.<br \/>\nTodas las personas que trabajamos en este proyecto sabemos a la perfecci\u00f3n nuestro cometido y el trabajo que tenemos que realizar. En este sentido somos muy aut\u00f3nomos, llevamos muchos a\u00f1os trabajando juntos para este cliente.<br \/>\nEstamos de guardia 24 horas 7 d\u00edas a la semana y nos vamos alternando semanalmente para atender a todo el territorio.<\/p>\n<p><strong>El trabajo de t\u00e9cnico de campo es presencial<\/strong><br \/>\nAs\u00ed es. Salvo excepciones, nuestro trabajo es presencial. Nos desplazamos al lugar de la aver\u00eda y la resolvemos en el menor tiempo posible. Hay que destacar que los tiempos de actuaci\u00f3n son muy r\u00e1pidos. Llegamos al lugar de la incidencia en un tiempo m\u00e1ximo de dos o tres horas.<\/p>\n<p><strong>\u00bfQu\u00e9 es lo m\u00e1s importante de vuestro trabajo a la hora de satisfacer las necesidades del cliente?<\/strong><br \/>\nSin lugar a duda, la comunicaci\u00f3n. Desde el instante en que se nos informa de una acci\u00f3n normalmente correctiva, y con independencia del estado en que quede, el cliente debe de estar informado en todo momento.<br \/>\nEs muy importante que el cliente siga manteniendo la confianza plena en nuestra empresa y en los trabajadores que nos dedicamos directamente a este proyecto dando un servicio de calidad y rapidez que es muy cr\u00edtico en este tipo de instalaciones.<\/p>\n<p><strong>\u00bfC\u00f3mo ha cambiado vuestro trabajo con el Covid-19?<\/strong><br \/>\nLas incidencias no entienden de situaciones excepcionales, hay que atenderlas y darles soluci\u00f3n de manera eficaz.<br \/>\nLo que s\u00ed han cambiado son las medidas de seguridad, intentamos mantener las distancias de seguridad en la oficina y en los centros, nos desplazamos individualmente a las instalaciones del cliente, utilizamos siempre EPIS (mascarillas, guantes y geles) e intentamos extremar las medidas de higiene tanto personal como de nuestros puestos de trabajo.<\/p>\n<p><strong>Alguna singularidad de vuestro trabajo que quer\u00e1is comentar<\/strong><br \/>\nComo respuesta a esta pregunta, te podemos decir que no hay una rutina de trabajo id\u00e9ntica. Todos los d\u00edas son diferentes y la situaci\u00f3n puede cambiar de manera imprevista en cualquier momento.\n <\/p>\n","protected":false},"excerpt":{"rendered":"<p>Jos\u00e9 Juli\u00e1n Guerra y Fernando Velayos son t\u00e9cnicos de campo. Ambos cuentan con una amplia experiencia, de m\u00e1s de 10<\/p>\n","protected":false},"author":2,"featured_media":3185,"comment_status":"open","ping_status":"open","sticky":false,"template":"","format":"standard","meta":{"_acf_changed":false,"footnotes":""},"categories":[],"tags":[],"temas":[172],"class_list":["post-11518","post","type-post","status-publish","format-standard","has-post-thumbnail","hentry","temas-transformacion-digital"],"acf":[],"yoast_head":"<!-- This site is optimized with the Yoast SEO plugin v27.4 - https:\/\/yoast.com\/product\/yoast-seo-wordpress\/ -->\n<title>Entrevista a Jos\u00e9 Julian Guerra y Fernando Velayos - Ikusi ES<\/title>\n<meta name=\"robots\" content=\"index, follow, max-snippet:-1, max-image-preview:large, max-video-preview:-1\" \/>\n<link rel=\"canonical\" href=\"https:\/\/testing.xplaye.com\/ikusi2\/es\/blog\/entrevista-a-jose-julian-guerra-y-fernando-velayos\/\" \/>\n<meta property=\"og:locale\" content=\"es_ES\" \/>\n<meta property=\"og:type\" content=\"article\" \/>\n<meta property=\"og:title\" content=\"Entrevista a Jos\u00e9 Julian Guerra y Fernando Velayos - Ikusi ES\" \/>\n<meta property=\"og:description\" content=\"Jos\u00e9 Juli\u00e1n Guerra y Fernando Velayos son t\u00e9cnicos de campo. Ambos cuentan con una amplia experiencia, de m\u00e1s de 10\" \/>\n<meta property=\"og:url\" content=\"https:\/\/testing.xplaye.com\/ikusi2\/es\/blog\/entrevista-a-jose-julian-guerra-y-fernando-velayos\/\" \/>\n<meta property=\"og:site_name\" content=\"Ikusi ES\" \/>\n<meta property=\"article:published_time\" content=\"2020-05-21T00:00:00+00:00\" \/>\n<meta property=\"article:modified_time\" content=\"2023-08-23T16:56:09+00:00\" \/>\n<meta property=\"og:image\" content=\"https:\/\/testing.xplaye.com\/ikusi2\/es\/wp-content\/uploads\/sites\/2\/2022\/05\/gob.vasco3__0.png\" \/>\n\t<meta property=\"og:image:width\" content=\"719\" \/>\n\t<meta property=\"og:image:height\" content=\"445\" \/>\n\t<meta property=\"og:image:type\" content=\"image\/png\" \/>\n<meta name=\"author\" content=\"Ikusi\" \/>\n<meta name=\"twitter:card\" content=\"summary_large_image\" \/>\n<meta name=\"twitter:label1\" content=\"Escrito por\" \/>\n\t<meta name=\"twitter:data1\" content=\"Ikusi\" \/>\n\t<meta name=\"twitter:label2\" content=\"Tiempo de lectura\" \/>\n\t<meta name=\"twitter:data2\" content=\"3 minutos\" \/>\n<script type=\"application\/ld+json\" class=\"yoast-schema-graph\">{\"@context\":\"https:\\\/\\\/schema.org\",\"@graph\":[{\"@type\":\"Article\",\"@id\":\"https:\\\/\\\/testing.xplaye.com\\\/ikusi2\\\/es\\\/blog\\\/entrevista-a-jose-julian-guerra-y-fernando-velayos\\\/#article\",\"isPartOf\":{\"@id\":\"https:\\\/\\\/testing.xplaye.com\\\/ikusi2\\\/es\\\/blog\\\/entrevista-a-jose-julian-guerra-y-fernando-velayos\\\/\"},\"author\":{\"name\":\"Ikusi\",\"@id\":\"https:\\\/\\\/testing.xplaye.com\\\/ikusi2\\\/es\\\/#\\\/schema\\\/person\\\/bcd06b0e7689b90689815d0b78a2bc2d\"},\"headline\":\"Entrevista a Jos\u00e9 Julian Guerra y Fernando Velayos\",\"datePublished\":\"2020-05-21T00:00:00+00:00\",\"dateModified\":\"2023-08-23T16:56:09+00:00\",\"mainEntityOfPage\":{\"@id\":\"https:\\\/\\\/testing.xplaye.com\\\/ikusi2\\\/es\\\/blog\\\/entrevista-a-jose-julian-guerra-y-fernando-velayos\\\/\"},\"wordCount\":585,\"commentCount\":0,\"image\":{\"@id\":\"https:\\\/\\\/testing.xplaye.com\\\/ikusi2\\\/es\\\/blog\\\/entrevista-a-jose-julian-guerra-y-fernando-velayos\\\/#primaryimage\"},\"thumbnailUrl\":\"https:\\\/\\\/testing.xplaye.com\\\/ikusi2\\\/es\\\/wp-content\\\/uploads\\\/sites\\\/2\\\/2022\\\/05\\\/gob.vasco3__0.png\",\"inLanguage\":\"es\",\"potentialAction\":[{\"@type\":\"CommentAction\",\"name\":\"Comment\",\"target\":[\"https:\\\/\\\/testing.xplaye.com\\\/ikusi2\\\/es\\\/blog\\\/entrevista-a-jose-julian-guerra-y-fernando-velayos\\\/#respond\"]}]},{\"@type\":\"WebPage\",\"@id\":\"https:\\\/\\\/testing.xplaye.com\\\/ikusi2\\\/es\\\/blog\\\/entrevista-a-jose-julian-guerra-y-fernando-velayos\\\/\",\"url\":\"https:\\\/\\\/testing.xplaye.com\\\/ikusi2\\\/es\\\/blog\\\/entrevista-a-jose-julian-guerra-y-fernando-velayos\\\/\",\"name\":\"Entrevista a Jos\u00e9 Julian Guerra y Fernando Velayos - Ikusi ES\",\"isPartOf\":{\"@id\":\"https:\\\/\\\/testing.xplaye.com\\\/ikusi2\\\/es\\\/#website\"},\"primaryImageOfPage\":{\"@id\":\"https:\\\/\\\/testing.xplaye.com\\\/ikusi2\\\/es\\\/blog\\\/entrevista-a-jose-julian-guerra-y-fernando-velayos\\\/#primaryimage\"},\"image\":{\"@id\":\"https:\\\/\\\/testing.xplaye.com\\\/ikusi2\\\/es\\\/blog\\\/entrevista-a-jose-julian-guerra-y-fernando-velayos\\\/#primaryimage\"},\"thumbnailUrl\":\"https:\\\/\\\/testing.xplaye.com\\\/ikusi2\\\/es\\\/wp-content\\\/uploads\\\/sites\\\/2\\\/2022\\\/05\\\/gob.vasco3__0.png\",\"datePublished\":\"2020-05-21T00:00:00+00:00\",\"dateModified\":\"2023-08-23T16:56:09+00:00\",\"author\":{\"@id\":\"https:\\\/\\\/testing.xplaye.com\\\/ikusi2\\\/es\\\/#\\\/schema\\\/person\\\/bcd06b0e7689b90689815d0b78a2bc2d\"},\"breadcrumb\":{\"@id\":\"https:\\\/\\\/testing.xplaye.com\\\/ikusi2\\\/es\\\/blog\\\/entrevista-a-jose-julian-guerra-y-fernando-velayos\\\/#breadcrumb\"},\"inLanguage\":\"es\",\"potentialAction\":[{\"@type\":\"ReadAction\",\"target\":[\"https:\\\/\\\/testing.xplaye.com\\\/ikusi2\\\/es\\\/blog\\\/entrevista-a-jose-julian-guerra-y-fernando-velayos\\\/\"]}]},{\"@type\":\"ImageObject\",\"inLanguage\":\"es\",\"@id\":\"https:\\\/\\\/testing.xplaye.com\\\/ikusi2\\\/es\\\/blog\\\/entrevista-a-jose-julian-guerra-y-fernando-velayos\\\/#primaryimage\",\"url\":\"https:\\\/\\\/testing.xplaye.com\\\/ikusi2\\\/es\\\/wp-content\\\/uploads\\\/sites\\\/2\\\/2022\\\/05\\\/gob.vasco3__0.png\",\"contentUrl\":\"https:\\\/\\\/testing.xplaye.com\\\/ikusi2\\\/es\\\/wp-content\\\/uploads\\\/sites\\\/2\\\/2022\\\/05\\\/gob.vasco3__0.png\",\"width\":719,\"height\":445},{\"@type\":\"BreadcrumbList\",\"@id\":\"https:\\\/\\\/testing.xplaye.com\\\/ikusi2\\\/es\\\/blog\\\/entrevista-a-jose-julian-guerra-y-fernando-velayos\\\/#breadcrumb\",\"itemListElement\":[{\"@type\":\"ListItem\",\"position\":1,\"name\":\"Portada\",\"item\":\"https:\\\/\\\/testing.xplaye.com\\\/ikusi2\\\/es\\\/\"},{\"@type\":\"ListItem\",\"position\":2,\"name\":\"Entrevista a Jos\u00e9 Julian Guerra y Fernando Velayos\"}]},{\"@type\":\"WebSite\",\"@id\":\"https:\\\/\\\/testing.xplaye.com\\\/ikusi2\\\/es\\\/#website\",\"url\":\"https:\\\/\\\/testing.xplaye.com\\\/ikusi2\\\/es\\\/\",\"name\":\"Ikusi\",\"description\":\"\",\"alternateName\":\"Ikusi\",\"potentialAction\":[{\"@type\":\"SearchAction\",\"target\":{\"@type\":\"EntryPoint\",\"urlTemplate\":\"https:\\\/\\\/testing.xplaye.com\\\/ikusi2\\\/es\\\/?s={search_term_string}\"},\"query-input\":{\"@type\":\"PropertyValueSpecification\",\"valueRequired\":true,\"valueName\":\"search_term_string\"}}],\"inLanguage\":\"es\"},{\"@type\":\"Person\",\"@id\":\"https:\\\/\\\/testing.xplaye.com\\\/ikusi2\\\/es\\\/#\\\/schema\\\/person\\\/bcd06b0e7689b90689815d0b78a2bc2d\",\"name\":\"Ikusi\",\"image\":{\"@type\":\"ImageObject\",\"inLanguage\":\"es\",\"@id\":\"https:\\\/\\\/secure.gravatar.com\\\/avatar\\\/962736704ad33e8f2d1fd7afc591ab0f78027bd65a33c2312c6d1ef90a4b2e77?s=96&d=mm&r=g\",\"url\":\"https:\\\/\\\/secure.gravatar.com\\\/avatar\\\/962736704ad33e8f2d1fd7afc591ab0f78027bd65a33c2312c6d1ef90a4b2e77?s=96&d=mm&r=g\",\"contentUrl\":\"https:\\\/\\\/secure.gravatar.com\\\/avatar\\\/962736704ad33e8f2d1fd7afc591ab0f78027bd65a33c2312c6d1ef90a4b2e77?s=96&d=mm&r=g\",\"caption\":\"Ikusi\"},\"url\":\"https:\\\/\\\/testing.xplaye.com\\\/ikusi2\\\/es\\\/author\\\/ikusi\\\/\"}]}<\/script>\n<!-- \/ Yoast SEO plugin. -->","yoast_head_json":{"title":"Entrevista a Jos\u00e9 Julian Guerra y Fernando Velayos - Ikusi ES","robots":{"index":"index","follow":"follow","max-snippet":"max-snippet:-1","max-image-preview":"max-image-preview:large","max-video-preview":"max-video-preview:-1"},"canonical":"https:\/\/testing.xplaye.com\/ikusi2\/es\/blog\/entrevista-a-jose-julian-guerra-y-fernando-velayos\/","og_locale":"es_ES","og_type":"article","og_title":"Entrevista a Jos\u00e9 Julian Guerra y Fernando Velayos - Ikusi ES","og_description":"Jos\u00e9 Juli\u00e1n Guerra y Fernando Velayos son t\u00e9cnicos de campo. Ambos cuentan con una amplia experiencia, de m\u00e1s de 10","og_url":"https:\/\/testing.xplaye.com\/ikusi2\/es\/blog\/entrevista-a-jose-julian-guerra-y-fernando-velayos\/","og_site_name":"Ikusi ES","article_published_time":"2020-05-21T00:00:00+00:00","article_modified_time":"2023-08-23T16:56:09+00:00","og_image":[{"width":719,"height":445,"url":"https:\/\/testing.xplaye.com\/ikusi2\/es\/wp-content\/uploads\/sites\/2\/2022\/05\/gob.vasco3__0.png","type":"image\/png"}],"author":"Ikusi","twitter_card":"summary_large_image","twitter_misc":{"Escrito por":"Ikusi","Tiempo de lectura":"3 minutos"},"schema":{"@context":"https:\/\/schema.org","@graph":[{"@type":"Article","@id":"https:\/\/testing.xplaye.com\/ikusi2\/es\/blog\/entrevista-a-jose-julian-guerra-y-fernando-velayos\/#article","isPartOf":{"@id":"https:\/\/testing.xplaye.com\/ikusi2\/es\/blog\/entrevista-a-jose-julian-guerra-y-fernando-velayos\/"},"author":{"name":"Ikusi","@id":"https:\/\/testing.xplaye.com\/ikusi2\/es\/#\/schema\/person\/bcd06b0e7689b90689815d0b78a2bc2d"},"headline":"Entrevista a Jos\u00e9 Julian Guerra y Fernando Velayos","datePublished":"2020-05-21T00:00:00+00:00","dateModified":"2023-08-23T16:56:09+00:00","mainEntityOfPage":{"@id":"https:\/\/testing.xplaye.com\/ikusi2\/es\/blog\/entrevista-a-jose-julian-guerra-y-fernando-velayos\/"},"wordCount":585,"commentCount":0,"image":{"@id":"https:\/\/testing.xplaye.com\/ikusi2\/es\/blog\/entrevista-a-jose-julian-guerra-y-fernando-velayos\/#primaryimage"},"thumbnailUrl":"https:\/\/testing.xplaye.com\/ikusi2\/es\/wp-content\/uploads\/sites\/2\/2022\/05\/gob.vasco3__0.png","inLanguage":"es","potentialAction":[{"@type":"CommentAction","name":"Comment","target":["https:\/\/testing.xplaye.com\/ikusi2\/es\/blog\/entrevista-a-jose-julian-guerra-y-fernando-velayos\/#respond"]}]},{"@type":"WebPage","@id":"https:\/\/testing.xplaye.com\/ikusi2\/es\/blog\/entrevista-a-jose-julian-guerra-y-fernando-velayos\/","url":"https:\/\/testing.xplaye.com\/ikusi2\/es\/blog\/entrevista-a-jose-julian-guerra-y-fernando-velayos\/","name":"Entrevista a Jos\u00e9 Julian Guerra y Fernando Velayos - Ikusi ES","isPartOf":{"@id":"https:\/\/testing.xplaye.com\/ikusi2\/es\/#website"},"primaryImageOfPage":{"@id":"https:\/\/testing.xplaye.com\/ikusi2\/es\/blog\/entrevista-a-jose-julian-guerra-y-fernando-velayos\/#primaryimage"},"image":{"@id":"https:\/\/testing.xplaye.com\/ikusi2\/es\/blog\/entrevista-a-jose-julian-guerra-y-fernando-velayos\/#primaryimage"},"thumbnailUrl":"https:\/\/testing.xplaye.com\/ikusi2\/es\/wp-content\/uploads\/sites\/2\/2022\/05\/gob.vasco3__0.png","datePublished":"2020-05-21T00:00:00+00:00","dateModified":"2023-08-23T16:56:09+00:00","author":{"@id":"https:\/\/testing.xplaye.com\/ikusi2\/es\/#\/schema\/person\/bcd06b0e7689b90689815d0b78a2bc2d"},"breadcrumb":{"@id":"https:\/\/testing.xplaye.com\/ikusi2\/es\/blog\/entrevista-a-jose-julian-guerra-y-fernando-velayos\/#breadcrumb"},"inLanguage":"es","potentialAction":[{"@type":"ReadAction","target":["https:\/\/testing.xplaye.com\/ikusi2\/es\/blog\/entrevista-a-jose-julian-guerra-y-fernando-velayos\/"]}]},{"@type":"ImageObject","inLanguage":"es","@id":"https:\/\/testing.xplaye.com\/ikusi2\/es\/blog\/entrevista-a-jose-julian-guerra-y-fernando-velayos\/#primaryimage","url":"https:\/\/testing.xplaye.com\/ikusi2\/es\/wp-content\/uploads\/sites\/2\/2022\/05\/gob.vasco3__0.png","contentUrl":"https:\/\/testing.xplaye.com\/ikusi2\/es\/wp-content\/uploads\/sites\/2\/2022\/05\/gob.vasco3__0.png","width":719,"height":445},{"@type":"BreadcrumbList","@id":"https:\/\/testing.xplaye.com\/ikusi2\/es\/blog\/entrevista-a-jose-julian-guerra-y-fernando-velayos\/#breadcrumb","itemListElement":[{"@type":"ListItem","position":1,"name":"Portada","item":"https:\/\/testing.xplaye.com\/ikusi2\/es\/"},{"@type":"ListItem","position":2,"name":"Entrevista a Jos\u00e9 Julian Guerra y Fernando Velayos"}]},{"@type":"WebSite","@id":"https:\/\/testing.xplaye.com\/ikusi2\/es\/#website","url":"https:\/\/testing.xplaye.com\/ikusi2\/es\/","name":"Ikusi","description":"","alternateName":"Ikusi","potentialAction":[{"@type":"SearchAction","target":{"@type":"EntryPoint","urlTemplate":"https:\/\/testing.xplaye.com\/ikusi2\/es\/?s={search_term_string}"},"query-input":{"@type":"PropertyValueSpecification","valueRequired":true,"valueName":"search_term_string"}}],"inLanguage":"es"},{"@type":"Person","@id":"https:\/\/testing.xplaye.com\/ikusi2\/es\/#\/schema\/person\/bcd06b0e7689b90689815d0b78a2bc2d","name":"Ikusi","image":{"@type":"ImageObject","inLanguage":"es","@id":"https:\/\/secure.gravatar.com\/avatar\/962736704ad33e8f2d1fd7afc591ab0f78027bd65a33c2312c6d1ef90a4b2e77?s=96&d=mm&r=g","url":"https:\/\/secure.gravatar.com\/avatar\/962736704ad33e8f2d1fd7afc591ab0f78027bd65a33c2312c6d1ef90a4b2e77?s=96&d=mm&r=g","contentUrl":"https:\/\/secure.gravatar.com\/avatar\/962736704ad33e8f2d1fd7afc591ab0f78027bd65a33c2312c6d1ef90a4b2e77?s=96&d=mm&r=g","caption":"Ikusi"},"url":"https:\/\/testing.xplaye.com\/ikusi2\/es\/author\/ikusi\/"}]}},"_links":{"self":[{"href":"https:\/\/testing.xplaye.com\/ikusi2\/es\/wp-json\/wp\/v2\/posts\/11518","targetHints":{"allow":["GET"]}}],"collection":[{"href":"https:\/\/testing.xplaye.com\/ikusi2\/es\/wp-json\/wp\/v2\/posts"}],"about":[{"href":"https:\/\/testing.xplaye.com\/ikusi2\/es\/wp-json\/wp\/v2\/types\/post"}],"author":[{"embeddable":true,"href":"https:\/\/testing.xplaye.com\/ikusi2\/es\/wp-json\/wp\/v2\/users\/2"}],"replies":[{"embeddable":true,"href":"https:\/\/testing.xplaye.com\/ikusi2\/es\/wp-json\/wp\/v2\/comments?post=11518"}],"version-history":[{"count":0,"href":"https:\/\/testing.xplaye.com\/ikusi2\/es\/wp-json\/wp\/v2\/posts\/11518\/revisions"}],"wp:featuredmedia":[{"embeddable":true,"href":"https:\/\/testing.xplaye.com\/ikusi2\/es\/wp-json\/wp\/v2\/media\/3185"}],"wp:attachment":[{"href":"https:\/\/testing.xplaye.com\/ikusi2\/es\/wp-json\/wp\/v2\/media?parent=11518"}],"wp:term":[{"taxonomy":"category","embeddable":true,"href":"https:\/\/testing.xplaye.com\/ikusi2\/es\/wp-json\/wp\/v2\/categories?post=11518"},{"taxonomy":"post_tag","embeddable":true,"href":"https:\/\/testing.xplaye.com\/ikusi2\/es\/wp-json\/wp\/v2\/tags?post=11518"},{"taxonomy":"temas","embeddable":true,"href":"https:\/\/testing.xplaye.com\/ikusi2\/es\/wp-json\/wp\/v2\/temas?post=11518"}],"curies":[{"name":"wp","href":"https:\/\/api.w.org\/{rel}","templated":true}]}}