{"id":11512,"date":"2020-06-11T00:00:00","date_gmt":"2020-06-11T00:00:00","guid":{"rendered":"https:\/\/testing.xplaye.com\/ikusi2\/es\/2020\/06\/11\/entrevista-jaime-colom-coordinador-de-mantenimiento\/"},"modified":"2023-08-23T17:02:19","modified_gmt":"2023-08-23T17:02:19","slug":"entrevista-jaime-colom-coordinador-de-mantenimiento","status":"publish","type":"post","link":"https:\/\/testing.xplaye.com\/ikusi2\/es\/blog\/entrevista-jaime-colom-coordinador-de-mantenimiento\/","title":{"rendered":"Entrevista Jaime Colom Coordinador de Mantenimiento"},"content":{"rendered":"<p>Jaime Colom es el coordinador del proyecto de mantenimiento que Ikusi viene desarrollando en el Aeropuerto de Son Sant Joan de Palma de Mallorca desde 1999. Jaime se incorpor\u00f3 en 2007. En los \u00faltimos meses ha sido testigo de la reducci\u00f3n dr\u00e1stica de la actividad en este aeropuerto que ronda los 30 millones de pajeros anuales. Ahora se est\u00e1n poniendo los sistemas a punto para la paulatina recuperaci\u00f3n de la actividad.<\/p>\n<p><strong>\u00bfQu\u00e9 alcance tiene el proyecto de mantenimiento de Ikusi en el Aeropuerto de Palma de Mallorca?<\/strong><br \/>\nNos encargamos del mantenimiento de sistemas de seguridad, control de accesos y control de optimizaci\u00f3n de procesos.<\/p>\n<p><strong>\u00bfC\u00f3mo ha incidido la evoluci\u00f3n de la crisis sanitaria en el desarrollo del proyecto?<\/strong><br \/>\nAntes de que se decretara el estado de alarma est\u00e1bamos trabajando a tope. Este es un aeropuerto muy estacional, con grandes picos de actividad en los meses de vacaciones, y est\u00e1bamos realizando todas las tareas de mantenimiento y puesta a punto para el inicio de la temporada de Semana Santa. Y de la noche a la ma\u00f1ana, desapareci\u00f3 pr\u00e1cticamente toda la actividad.<\/p>\n<p><strong>Pero las tareas de mantenimiento continuaron.<\/strong><br \/>\nPor supuesto. Hemos seguido atendiendo todas las incidencias y hemos aprovechado para hacer labores de mantenimiento de software, en la medida de lo posible en remoto, y, cuando la situaci\u00f3n lo requer\u00eda, f\u00edsicamente en las instalaciones del aeropuerto.<br \/>\nLo que ha cambiado es el nivel de criticidad de las incidencias. No es lo mismo resolverlas en un aeropuerto a pleno rendimiento que en unas instalaciones que est\u00e1n pr\u00e1cticamente en hibernaci\u00f3n. Pero un aeropuerto es una infraestructura cr\u00edtica, y los sistemas de seguridad son siempre un elemento estrat\u00e9gico.<\/p>\n<p><strong>\u00bfC\u00f3mo est\u00e1is afrontando la fase de desescalada?<\/strong><br \/>\nDesde el 11 de mayo hemos vuelto a trabajar con normalidad, con las l\u00f3gicas medidas de seguridad higi\u00e9nico-sanitarias. Es importante que llevemos a cabo la puesta a punto de los equipos para que el aeropuerto est\u00e9 preparado para empezar a recibir un mayor n\u00famero de pasajeros, aunque con un tr\u00e1fico menor que en campa\u00f1as anteriores. Se estima que estar\u00e1n operativos alrededor de un tercio de los mostradores de facturaci\u00f3n.<\/p>\n<p><strong>Personalmente, \u00bfc\u00f3mo se vive mantener vivo un proyecto en una situaci\u00f3n excepcional como la que hemos atravesado?<\/strong><br \/>\nQuiero destacar, y lo hago sinceramente, el valor que ha tenido para mi en este per\u00edodo de confinamiento saber que contaba con el respaldo del equipo de Ikusi. Me ha dado una gran confianza. He tenido acceso a equipos de protecci\u00f3n y he contado con los medios necesarios para dar el servicio que necesitaba nuestro cliente remotamente. Cuando se produce una incidencia, sabes que tienes a todo un equipo detr\u00e1s. Y en momentos de incertidumbre como los que hemos vivido con esta crisis sanitaria, se agradece todav\u00eda m\u00e1s.<\/p>\n","protected":false},"excerpt":{"rendered":"<p>Jaime Colom es el coordinador del proyecto de mantenimiento que Ikusi viene desarrollando en el Aeropuerto de Son Sant Joan<\/p>\n","protected":false},"author":2,"featured_media":3174,"comment_status":"open","ping_status":"open","sticky":false,"template":"","format":"standard","meta":{"_acf_changed":false,"footnotes":""},"categories":[],"tags":[],"temas":[170],"class_list":["post-11512","post","type-post","status-publish","format-standard","has-post-thumbnail","hentry","temas-tecnologia"],"acf":[],"yoast_head":"<!-- This site is optimized with the Yoast SEO plugin v27.4 - https:\/\/yoast.com\/product\/yoast-seo-wordpress\/ -->\n<title>Entrevista Jaime Colom Coordinador de Mantenimiento - Ikusi ES<\/title>\n<meta name=\"robots\" content=\"index, follow, max-snippet:-1, max-image-preview:large, max-video-preview:-1\" \/>\n<link rel=\"canonical\" href=\"https:\/\/testing.xplaye.com\/ikusi2\/es\/blog\/entrevista-jaime-colom-coordinador-de-mantenimiento\/\" \/>\n<meta property=\"og:locale\" content=\"es_ES\" \/>\n<meta property=\"og:type\" content=\"article\" \/>\n<meta property=\"og:title\" content=\"Entrevista Jaime Colom Coordinador de Mantenimiento - Ikusi ES\" \/>\n<meta property=\"og:description\" content=\"Jaime Colom es el coordinador del proyecto de mantenimiento que Ikusi viene desarrollando en el Aeropuerto de Son Sant Joan\" \/>\n<meta property=\"og:url\" content=\"https:\/\/testing.xplaye.com\/ikusi2\/es\/blog\/entrevista-jaime-colom-coordinador-de-mantenimiento\/\" \/>\n<meta property=\"og:site_name\" content=\"Ikusi ES\" \/>\n<meta property=\"article:published_time\" content=\"2020-06-11T00:00:00+00:00\" \/>\n<meta property=\"article:modified_time\" content=\"2023-08-23T17:02:19+00:00\" \/>\n<meta property=\"og:image\" content=\"https:\/\/testing.xplaye.com\/ikusi2\/es\/wp-content\/uploads\/sites\/2\/2022\/05\/20200603_120514-scaled-1.jpg\" \/>\n\t<meta property=\"og:image:width\" content=\"2560\" \/>\n\t<meta property=\"og:image:height\" content=\"1920\" \/>\n\t<meta property=\"og:image:type\" content=\"image\/jpeg\" \/>\n<meta name=\"author\" content=\"Ikusi\" \/>\n<meta name=\"twitter:card\" content=\"summary_large_image\" \/>\n<meta name=\"twitter:label1\" content=\"Escrito por\" \/>\n\t<meta name=\"twitter:data1\" content=\"Ikusi\" \/>\n\t<meta name=\"twitter:label2\" content=\"Tiempo de lectura\" \/>\n\t<meta name=\"twitter:data2\" content=\"2 minutos\" \/>\n<script type=\"application\/ld+json\" class=\"yoast-schema-graph\">{\"@context\":\"https:\\\/\\\/schema.org\",\"@graph\":[{\"@type\":\"Article\",\"@id\":\"https:\\\/\\\/testing.xplaye.com\\\/ikusi2\\\/es\\\/blog\\\/entrevista-jaime-colom-coordinador-de-mantenimiento\\\/#article\",\"isPartOf\":{\"@id\":\"https:\\\/\\\/testing.xplaye.com\\\/ikusi2\\\/es\\\/blog\\\/entrevista-jaime-colom-coordinador-de-mantenimiento\\\/\"},\"author\":{\"name\":\"Ikusi\",\"@id\":\"https:\\\/\\\/testing.xplaye.com\\\/ikusi2\\\/es\\\/#\\\/schema\\\/person\\\/bcd06b0e7689b90689815d0b78a2bc2d\"},\"headline\":\"Entrevista Jaime Colom Coordinador de Mantenimiento\",\"datePublished\":\"2020-06-11T00:00:00+00:00\",\"dateModified\":\"2023-08-23T17:02:19+00:00\",\"mainEntityOfPage\":{\"@id\":\"https:\\\/\\\/testing.xplaye.com\\\/ikusi2\\\/es\\\/blog\\\/entrevista-jaime-colom-coordinador-de-mantenimiento\\\/\"},\"wordCount\":491,\"commentCount\":0,\"image\":{\"@id\":\"https:\\\/\\\/testing.xplaye.com\\\/ikusi2\\\/es\\\/blog\\\/entrevista-jaime-colom-coordinador-de-mantenimiento\\\/#primaryimage\"},\"thumbnailUrl\":\"https:\\\/\\\/testing.xplaye.com\\\/ikusi2\\\/es\\\/wp-content\\\/uploads\\\/sites\\\/2\\\/2022\\\/05\\\/20200603_120514-scaled-1.jpg\",\"inLanguage\":\"es\",\"potentialAction\":[{\"@type\":\"CommentAction\",\"name\":\"Comment\",\"target\":[\"https:\\\/\\\/testing.xplaye.com\\\/ikusi2\\\/es\\\/blog\\\/entrevista-jaime-colom-coordinador-de-mantenimiento\\\/#respond\"]}]},{\"@type\":\"WebPage\",\"@id\":\"https:\\\/\\\/testing.xplaye.com\\\/ikusi2\\\/es\\\/blog\\\/entrevista-jaime-colom-coordinador-de-mantenimiento\\\/\",\"url\":\"https:\\\/\\\/testing.xplaye.com\\\/ikusi2\\\/es\\\/blog\\\/entrevista-jaime-colom-coordinador-de-mantenimiento\\\/\",\"name\":\"Entrevista Jaime Colom Coordinador de Mantenimiento - Ikusi ES\",\"isPartOf\":{\"@id\":\"https:\\\/\\\/testing.xplaye.com\\\/ikusi2\\\/es\\\/#website\"},\"primaryImageOfPage\":{\"@id\":\"https:\\\/\\\/testing.xplaye.com\\\/ikusi2\\\/es\\\/blog\\\/entrevista-jaime-colom-coordinador-de-mantenimiento\\\/#primaryimage\"},\"image\":{\"@id\":\"https:\\\/\\\/testing.xplaye.com\\\/ikusi2\\\/es\\\/blog\\\/entrevista-jaime-colom-coordinador-de-mantenimiento\\\/#primaryimage\"},\"thumbnailUrl\":\"https:\\\/\\\/testing.xplaye.com\\\/ikusi2\\\/es\\\/wp-content\\\/uploads\\\/sites\\\/2\\\/2022\\\/05\\\/20200603_120514-scaled-1.jpg\",\"datePublished\":\"2020-06-11T00:00:00+00:00\",\"dateModified\":\"2023-08-23T17:02:19+00:00\",\"author\":{\"@id\":\"https:\\\/\\\/testing.xplaye.com\\\/ikusi2\\\/es\\\/#\\\/schema\\\/person\\\/bcd06b0e7689b90689815d0b78a2bc2d\"},\"breadcrumb\":{\"@id\":\"https:\\\/\\\/testing.xplaye.com\\\/ikusi2\\\/es\\\/blog\\\/entrevista-jaime-colom-coordinador-de-mantenimiento\\\/#breadcrumb\"},\"inLanguage\":\"es\",\"potentialAction\":[{\"@type\":\"ReadAction\",\"target\":[\"https:\\\/\\\/testing.xplaye.com\\\/ikusi2\\\/es\\\/blog\\\/entrevista-jaime-colom-coordinador-de-mantenimiento\\\/\"]}]},{\"@type\":\"ImageObject\",\"inLanguage\":\"es\",\"@id\":\"https:\\\/\\\/testing.xplaye.com\\\/ikusi2\\\/es\\\/blog\\\/entrevista-jaime-colom-coordinador-de-mantenimiento\\\/#primaryimage\",\"url\":\"https:\\\/\\\/testing.xplaye.com\\\/ikusi2\\\/es\\\/wp-content\\\/uploads\\\/sites\\\/2\\\/2022\\\/05\\\/20200603_120514-scaled-1.jpg\",\"contentUrl\":\"https:\\\/\\\/testing.xplaye.com\\\/ikusi2\\\/es\\\/wp-content\\\/uploads\\\/sites\\\/2\\\/2022\\\/05\\\/20200603_120514-scaled-1.jpg\",\"width\":2560,\"height\":1920},{\"@type\":\"BreadcrumbList\",\"@id\":\"https:\\\/\\\/testing.xplaye.com\\\/ikusi2\\\/es\\\/blog\\\/entrevista-jaime-colom-coordinador-de-mantenimiento\\\/#breadcrumb\",\"itemListElement\":[{\"@type\":\"ListItem\",\"position\":1,\"name\":\"Portada\",\"item\":\"https:\\\/\\\/testing.xplaye.com\\\/ikusi2\\\/es\\\/\"},{\"@type\":\"ListItem\",\"position\":2,\"name\":\"Entrevista Jaime Colom Coordinador de Mantenimiento\"}]},{\"@type\":\"WebSite\",\"@id\":\"https:\\\/\\\/testing.xplaye.com\\\/ikusi2\\\/es\\\/#website\",\"url\":\"https:\\\/\\\/testing.xplaye.com\\\/ikusi2\\\/es\\\/\",\"name\":\"Ikusi\",\"description\":\"\",\"alternateName\":\"Ikusi\",\"potentialAction\":[{\"@type\":\"SearchAction\",\"target\":{\"@type\":\"EntryPoint\",\"urlTemplate\":\"https:\\\/\\\/testing.xplaye.com\\\/ikusi2\\\/es\\\/?s={search_term_string}\"},\"query-input\":{\"@type\":\"PropertyValueSpecification\",\"valueRequired\":true,\"valueName\":\"search_term_string\"}}],\"inLanguage\":\"es\"},{\"@type\":\"Person\",\"@id\":\"https:\\\/\\\/testing.xplaye.com\\\/ikusi2\\\/es\\\/#\\\/schema\\\/person\\\/bcd06b0e7689b90689815d0b78a2bc2d\",\"name\":\"Ikusi\",\"image\":{\"@type\":\"ImageObject\",\"inLanguage\":\"es\",\"@id\":\"https:\\\/\\\/secure.gravatar.com\\\/avatar\\\/962736704ad33e8f2d1fd7afc591ab0f78027bd65a33c2312c6d1ef90a4b2e77?s=96&d=mm&r=g\",\"url\":\"https:\\\/\\\/secure.gravatar.com\\\/avatar\\\/962736704ad33e8f2d1fd7afc591ab0f78027bd65a33c2312c6d1ef90a4b2e77?s=96&d=mm&r=g\",\"contentUrl\":\"https:\\\/\\\/secure.gravatar.com\\\/avatar\\\/962736704ad33e8f2d1fd7afc591ab0f78027bd65a33c2312c6d1ef90a4b2e77?s=96&d=mm&r=g\",\"caption\":\"Ikusi\"},\"url\":\"https:\\\/\\\/testing.xplaye.com\\\/ikusi2\\\/es\\\/author\\\/ikusi\\\/\"}]}<\/script>\n<!-- \/ Yoast SEO plugin. -->","yoast_head_json":{"title":"Entrevista Jaime Colom Coordinador de Mantenimiento - Ikusi ES","robots":{"index":"index","follow":"follow","max-snippet":"max-snippet:-1","max-image-preview":"max-image-preview:large","max-video-preview":"max-video-preview:-1"},"canonical":"https:\/\/testing.xplaye.com\/ikusi2\/es\/blog\/entrevista-jaime-colom-coordinador-de-mantenimiento\/","og_locale":"es_ES","og_type":"article","og_title":"Entrevista Jaime Colom Coordinador de Mantenimiento - Ikusi ES","og_description":"Jaime Colom es el coordinador del proyecto de mantenimiento que Ikusi viene desarrollando en el Aeropuerto de Son Sant Joan","og_url":"https:\/\/testing.xplaye.com\/ikusi2\/es\/blog\/entrevista-jaime-colom-coordinador-de-mantenimiento\/","og_site_name":"Ikusi ES","article_published_time":"2020-06-11T00:00:00+00:00","article_modified_time":"2023-08-23T17:02:19+00:00","og_image":[{"width":2560,"height":1920,"url":"https:\/\/testing.xplaye.com\/ikusi2\/es\/wp-content\/uploads\/sites\/2\/2022\/05\/20200603_120514-scaled-1.jpg","type":"image\/jpeg"}],"author":"Ikusi","twitter_card":"summary_large_image","twitter_misc":{"Escrito por":"Ikusi","Tiempo de lectura":"2 minutos"},"schema":{"@context":"https:\/\/schema.org","@graph":[{"@type":"Article","@id":"https:\/\/testing.xplaye.com\/ikusi2\/es\/blog\/entrevista-jaime-colom-coordinador-de-mantenimiento\/#article","isPartOf":{"@id":"https:\/\/testing.xplaye.com\/ikusi2\/es\/blog\/entrevista-jaime-colom-coordinador-de-mantenimiento\/"},"author":{"name":"Ikusi","@id":"https:\/\/testing.xplaye.com\/ikusi2\/es\/#\/schema\/person\/bcd06b0e7689b90689815d0b78a2bc2d"},"headline":"Entrevista Jaime Colom Coordinador de Mantenimiento","datePublished":"2020-06-11T00:00:00+00:00","dateModified":"2023-08-23T17:02:19+00:00","mainEntityOfPage":{"@id":"https:\/\/testing.xplaye.com\/ikusi2\/es\/blog\/entrevista-jaime-colom-coordinador-de-mantenimiento\/"},"wordCount":491,"commentCount":0,"image":{"@id":"https:\/\/testing.xplaye.com\/ikusi2\/es\/blog\/entrevista-jaime-colom-coordinador-de-mantenimiento\/#primaryimage"},"thumbnailUrl":"https:\/\/testing.xplaye.com\/ikusi2\/es\/wp-content\/uploads\/sites\/2\/2022\/05\/20200603_120514-scaled-1.jpg","inLanguage":"es","potentialAction":[{"@type":"CommentAction","name":"Comment","target":["https:\/\/testing.xplaye.com\/ikusi2\/es\/blog\/entrevista-jaime-colom-coordinador-de-mantenimiento\/#respond"]}]},{"@type":"WebPage","@id":"https:\/\/testing.xplaye.com\/ikusi2\/es\/blog\/entrevista-jaime-colom-coordinador-de-mantenimiento\/","url":"https:\/\/testing.xplaye.com\/ikusi2\/es\/blog\/entrevista-jaime-colom-coordinador-de-mantenimiento\/","name":"Entrevista Jaime Colom Coordinador de Mantenimiento - Ikusi ES","isPartOf":{"@id":"https:\/\/testing.xplaye.com\/ikusi2\/es\/#website"},"primaryImageOfPage":{"@id":"https:\/\/testing.xplaye.com\/ikusi2\/es\/blog\/entrevista-jaime-colom-coordinador-de-mantenimiento\/#primaryimage"},"image":{"@id":"https:\/\/testing.xplaye.com\/ikusi2\/es\/blog\/entrevista-jaime-colom-coordinador-de-mantenimiento\/#primaryimage"},"thumbnailUrl":"https:\/\/testing.xplaye.com\/ikusi2\/es\/wp-content\/uploads\/sites\/2\/2022\/05\/20200603_120514-scaled-1.jpg","datePublished":"2020-06-11T00:00:00+00:00","dateModified":"2023-08-23T17:02:19+00:00","author":{"@id":"https:\/\/testing.xplaye.com\/ikusi2\/es\/#\/schema\/person\/bcd06b0e7689b90689815d0b78a2bc2d"},"breadcrumb":{"@id":"https:\/\/testing.xplaye.com\/ikusi2\/es\/blog\/entrevista-jaime-colom-coordinador-de-mantenimiento\/#breadcrumb"},"inLanguage":"es","potentialAction":[{"@type":"ReadAction","target":["https:\/\/testing.xplaye.com\/ikusi2\/es\/blog\/entrevista-jaime-colom-coordinador-de-mantenimiento\/"]}]},{"@type":"ImageObject","inLanguage":"es","@id":"https:\/\/testing.xplaye.com\/ikusi2\/es\/blog\/entrevista-jaime-colom-coordinador-de-mantenimiento\/#primaryimage","url":"https:\/\/testing.xplaye.com\/ikusi2\/es\/wp-content\/uploads\/sites\/2\/2022\/05\/20200603_120514-scaled-1.jpg","contentUrl":"https:\/\/testing.xplaye.com\/ikusi2\/es\/wp-content\/uploads\/sites\/2\/2022\/05\/20200603_120514-scaled-1.jpg","width":2560,"height":1920},{"@type":"BreadcrumbList","@id":"https:\/\/testing.xplaye.com\/ikusi2\/es\/blog\/entrevista-jaime-colom-coordinador-de-mantenimiento\/#breadcrumb","itemListElement":[{"@type":"ListItem","position":1,"name":"Portada","item":"https:\/\/testing.xplaye.com\/ikusi2\/es\/"},{"@type":"ListItem","position":2,"name":"Entrevista Jaime Colom Coordinador de Mantenimiento"}]},{"@type":"WebSite","@id":"https:\/\/testing.xplaye.com\/ikusi2\/es\/#website","url":"https:\/\/testing.xplaye.com\/ikusi2\/es\/","name":"Ikusi","description":"","alternateName":"Ikusi","potentialAction":[{"@type":"SearchAction","target":{"@type":"EntryPoint","urlTemplate":"https:\/\/testing.xplaye.com\/ikusi2\/es\/?s={search_term_string}"},"query-input":{"@type":"PropertyValueSpecification","valueRequired":true,"valueName":"search_term_string"}}],"inLanguage":"es"},{"@type":"Person","@id":"https:\/\/testing.xplaye.com\/ikusi2\/es\/#\/schema\/person\/bcd06b0e7689b90689815d0b78a2bc2d","name":"Ikusi","image":{"@type":"ImageObject","inLanguage":"es","@id":"https:\/\/secure.gravatar.com\/avatar\/962736704ad33e8f2d1fd7afc591ab0f78027bd65a33c2312c6d1ef90a4b2e77?s=96&d=mm&r=g","url":"https:\/\/secure.gravatar.com\/avatar\/962736704ad33e8f2d1fd7afc591ab0f78027bd65a33c2312c6d1ef90a4b2e77?s=96&d=mm&r=g","contentUrl":"https:\/\/secure.gravatar.com\/avatar\/962736704ad33e8f2d1fd7afc591ab0f78027bd65a33c2312c6d1ef90a4b2e77?s=96&d=mm&r=g","caption":"Ikusi"},"url":"https:\/\/testing.xplaye.com\/ikusi2\/es\/author\/ikusi\/"}]}},"_links":{"self":[{"href":"https:\/\/testing.xplaye.com\/ikusi2\/es\/wp-json\/wp\/v2\/posts\/11512","targetHints":{"allow":["GET"]}}],"collection":[{"href":"https:\/\/testing.xplaye.com\/ikusi2\/es\/wp-json\/wp\/v2\/posts"}],"about":[{"href":"https:\/\/testing.xplaye.com\/ikusi2\/es\/wp-json\/wp\/v2\/types\/post"}],"author":[{"embeddable":true,"href":"https:\/\/testing.xplaye.com\/ikusi2\/es\/wp-json\/wp\/v2\/users\/2"}],"replies":[{"embeddable":true,"href":"https:\/\/testing.xplaye.com\/ikusi2\/es\/wp-json\/wp\/v2\/comments?post=11512"}],"version-history":[{"count":0,"href":"https:\/\/testing.xplaye.com\/ikusi2\/es\/wp-json\/wp\/v2\/posts\/11512\/revisions"}],"wp:featuredmedia":[{"embeddable":true,"href":"https:\/\/testing.xplaye.com\/ikusi2\/es\/wp-json\/wp\/v2\/media\/3174"}],"wp:attachment":[{"href":"https:\/\/testing.xplaye.com\/ikusi2\/es\/wp-json\/wp\/v2\/media?parent=11512"}],"wp:term":[{"taxonomy":"category","embeddable":true,"href":"https:\/\/testing.xplaye.com\/ikusi2\/es\/wp-json\/wp\/v2\/categories?post=11512"},{"taxonomy":"post_tag","embeddable":true,"href":"https:\/\/testing.xplaye.com\/ikusi2\/es\/wp-json\/wp\/v2\/tags?post=11512"},{"taxonomy":"temas","embeddable":true,"href":"https:\/\/testing.xplaye.com\/ikusi2\/es\/wp-json\/wp\/v2\/temas?post=11512"}],"curies":[{"name":"wp","href":"https:\/\/api.w.org\/{rel}","templated":true}]}}