{"id":11495,"date":"2020-11-10T00:00:00","date_gmt":"2020-11-10T00:00:00","guid":{"rendered":"https:\/\/testing.xplaye.com\/ikusi2\/es\/2020\/11\/10\/la-generacion-de-negocio-como-objetivo\/"},"modified":"2023-08-23T17:07:02","modified_gmt":"2023-08-23T17:07:02","slug":"la-generacion-de-negocio-como-objetivo","status":"publish","type":"post","link":"https:\/\/testing.xplaye.com\/ikusi2\/es\/blog\/la-generacion-de-negocio-como-objetivo\/","title":{"rendered":"La generaci\u00f3n de negocio como objetivo"},"content":{"rendered":"<p>Estoy seguro de que cualquier persona que se dedique a tareas de comunicaci\u00f3n y marketing se reconoce en el t\u00edtulo de este texto. Los departamentos de marketing y comunicaci\u00f3n, independientemente de cu\u00e1l fuera nuestro origen, m\u00e1s orientado a la comunicaci\u00f3n o al marketing de contenidos, estamos evolucionando hacia un modelo que nos sit\u00faa mucho m\u00e1s cerca del coraz\u00f3n de nuestros negocios.<\/p>\n<p>Ya no basta, aunque es imprescindible, generar una buena imagen de marca. El objetivo que buscamos los departamentos de marketing y comunicaci\u00f3n es progresar hacia un modelo de acompa\u00f1amiento e impulso del negocio.<\/p>\n<p>Desde luego, hay diferentes formas de hacer realidad este objetivo. Pero de lo que todos los que trabajamos en este \u00e1mbito somos conscientes es de que es necesaria una estrategia de marketing y comunicaci\u00f3n integral. No bastan las acciones individuales ni tan siquiera la suma de acciones individuales.<\/p>\n<p>En mi opini\u00f3n, y eso es lo que hemos hecho en Ikusi, el primer paso es definir con claridad qui\u00e9nes somos, de d\u00f3nde venimos, a d\u00f3nde vamos y c\u00f3mo somos, es decir, definir el posicionamiento de marca que se materializa en la misi\u00f3n, la visi\u00f3n y los valores.<\/p>\n<p>En Ikusi nos presentamos ante nuestros p\u00fablicos objetivos como una empresa de servicios de conectividad de redes, ciberseguridad y digitalizaci\u00f3n para eficientar, asegurar y transformar los procesos operativos de nuestros clientes, uniendo lo mejor de los mundos IT y OT.<\/p>\n<p>Una vez fijadas esas bases, es el momento de dar a conocer la marca con el despliegue de las m\u00faltiples acciones de marketing y comunicaci\u00f3n que se hayan definido para el ejercicio en el Plan de Gesti\u00f3n. Un proceso que en Ikusi entendemos como de medio, largo recorrido, en el que es imprescindible profundizar en ejercicios sucesivos.<\/p>\n<p>Que la marca Ikusi sea conocida es un paso previo ineludible para alcanzar el \u00e9xito en nuestro verdadero objetivo: la generaci\u00f3n de negocio. Necesitamos conseguir que nuestra marca se abra camino en las mentes de las personas que deciden en los diferentes sectores objetivos y \u00e1mbitos geogr\u00e1ficos en los que operamos. Tenemos que conseguir ser conocidos, reconocidos y valorados, asociando la marca a valores positivos y, sobre todo, diferenciales.<\/p>\n<p>En el \u00e1mbito m\u00e1s pr\u00e1ctico, y paralelamente, en Ikusi hemos lanzado una estrategia de generaci\u00f3n de leads (persona o compa\u00f1\u00eda que ha mostrado inter\u00e9s en nuestra oferta y ha demostrado dicho inter\u00e9s dejando sus datos, generando as\u00ed una potencial oportunidad de venta). Es decir, estamos llevando a cabo diferentes iniciativas de marketing y comunicaci\u00f3n para que Ikusi ampl\u00ede su base de datos con contactos valiosos de empresas potencialmente interesadas en nuestros servicios. Esto es si cabe m\u00e1s importante en empresas como Ikusi, que operamos en m\u00faltiples \u00e1mbitos geogr\u00e1ficos y sectoriales.<\/p>\n<p>La generaci\u00f3n de leads es un paso clave porque permite convertir el tr\u00e1fico a los diversos canales (webs, landings, blogs, redes sociales\u2026) en contactos valiosos, que despu\u00e9s habr\u00e1 que seguir trabajando por parte del resto de departamentos de la compa\u00f1\u00eda para lograr que esos contactos se conviertan en contratos o en una compra efectiva.<\/p>\n<p>Respecto a la estrategia para conseguir leads, hay diferentes opciones. Hasta ahora en Ikusi hemos trabajado especialmente el inbound marketing o mercadotecnia de atracci\u00f3n. Una t\u00e9cnica dise\u00f1ada para atraer a potenciales clientes ofreciendo contenidos de inter\u00e9s orientados a sus necesidades y consultas.<\/p>\n<p>Hemos salido a buscar potenciales clientes a trav\u00e9s de la generaci\u00f3n de post en redes sociales (LinkedIn, Twitter, Instagram), v\u00eddeos en el canal de YouTube, art\u00edculos y noticias de las diferentes p\u00e1ginas webs y blogs\u2026 Hemos reforzado nuestra estrategia inbound marketing posicionando nuestros contenidos en los motores de b\u00fasqueda a trav\u00e9s de t\u00e9cnicas SEO (posicionamiento org\u00e1nico) y SEM (posicionamiento a trav\u00e9s de anuncios de pago).<\/p>\n<p>En los pr\u00f3ximos meses en Ikusi vamos a desarrollar una estrategia de outbound marketing. Es decir, como empresa B2B buscamos que el mercado, los clientes que todav\u00eda no lo son nos encuentren. Y esto pasa por la automatizaci\u00f3n del propio inbound marketing y por la prospecci\u00f3n digital para lograr que la suma del inbound y el outbound marketing culmine en nuestro objetivo: la generaci\u00f3n de negocio.\n <\/p>\n","protected":false},"excerpt":{"rendered":"<p>Estoy seguro de que cualquier persona que se dedique a tareas de comunicaci\u00f3n y marketing se reconoce en el t\u00edtulo<\/p>\n","protected":false},"author":2,"featured_media":3135,"comment_status":"open","ping_status":"open","sticky":false,"template":"","format":"standard","meta":{"_acf_changed":false,"footnotes":""},"categories":[],"tags":[],"temas":[153,168],"class_list":["post-11495","post","type-post","status-publish","format-standard","has-post-thumbnail","hentry","temas-atencion-al-cliente","temas-managed-services"],"acf":[],"yoast_head":"<!-- This site is optimized with the Yoast SEO plugin v27.4 - https:\/\/yoast.com\/product\/yoast-seo-wordpress\/ -->\n<title>La generaci\u00f3n de negocio como objetivo - Ikusi ES<\/title>\n<meta name=\"robots\" content=\"index, follow, max-snippet:-1, max-image-preview:large, max-video-preview:-1\" \/>\n<link rel=\"canonical\" href=\"https:\/\/testing.xplaye.com\/ikusi2\/es\/blog\/la-generacion-de-negocio-como-objetivo\/\" \/>\n<meta property=\"og:locale\" content=\"es_ES\" \/>\n<meta property=\"og:type\" content=\"article\" \/>\n<meta property=\"og:title\" content=\"La generaci\u00f3n de negocio como objetivo - Ikusi ES\" \/>\n<meta property=\"og:description\" content=\"Estoy seguro de que cualquier persona que se dedique a tareas de comunicaci\u00f3n y marketing se reconoce en el t\u00edtulo\" \/>\n<meta property=\"og:url\" content=\"https:\/\/testing.xplaye.com\/ikusi2\/es\/blog\/la-generacion-de-negocio-como-objetivo\/\" \/>\n<meta property=\"og:site_name\" content=\"Ikusi ES\" \/>\n<meta property=\"article:published_time\" content=\"2020-11-10T00:00:00+00:00\" \/>\n<meta property=\"article:modified_time\" content=\"2023-08-23T17:07:02+00:00\" \/>\n<meta property=\"og:image\" content=\"https:\/\/testing.xplaye.com\/ikusi2\/es\/wp-content\/uploads\/sites\/2\/2022\/05\/blog_mikel_0.jpg\" \/>\n\t<meta property=\"og:image:width\" content=\"1600\" \/>\n\t<meta property=\"og:image:height\" content=\"900\" \/>\n\t<meta property=\"og:image:type\" content=\"image\/jpeg\" \/>\n<meta name=\"author\" content=\"Ikusi\" \/>\n<meta name=\"twitter:card\" content=\"summary_large_image\" \/>\n<meta name=\"twitter:label1\" content=\"Escrito por\" \/>\n\t<meta name=\"twitter:data1\" content=\"Ikusi\" \/>\n\t<meta name=\"twitter:label2\" content=\"Tiempo de lectura\" \/>\n\t<meta name=\"twitter:data2\" content=\"4 minutos\" \/>\n<script type=\"application\/ld+json\" class=\"yoast-schema-graph\">{\"@context\":\"https:\\\/\\\/schema.org\",\"@graph\":[{\"@type\":\"Article\",\"@id\":\"https:\\\/\\\/testing.xplaye.com\\\/ikusi2\\\/es\\\/blog\\\/la-generacion-de-negocio-como-objetivo\\\/#article\",\"isPartOf\":{\"@id\":\"https:\\\/\\\/testing.xplaye.com\\\/ikusi2\\\/es\\\/blog\\\/la-generacion-de-negocio-como-objetivo\\\/\"},\"author\":{\"name\":\"Ikusi\",\"@id\":\"https:\\\/\\\/testing.xplaye.com\\\/ikusi2\\\/es\\\/#\\\/schema\\\/person\\\/bcd06b0e7689b90689815d0b78a2bc2d\"},\"headline\":\"La generaci\u00f3n de negocio como objetivo\",\"datePublished\":\"2020-11-10T00:00:00+00:00\",\"dateModified\":\"2023-08-23T17:07:02+00:00\",\"mainEntityOfPage\":{\"@id\":\"https:\\\/\\\/testing.xplaye.com\\\/ikusi2\\\/es\\\/blog\\\/la-generacion-de-negocio-como-objetivo\\\/\"},\"wordCount\":741,\"commentCount\":0,\"image\":{\"@id\":\"https:\\\/\\\/testing.xplaye.com\\\/ikusi2\\\/es\\\/blog\\\/la-generacion-de-negocio-como-objetivo\\\/#primaryimage\"},\"thumbnailUrl\":\"https:\\\/\\\/testing.xplaye.com\\\/ikusi2\\\/es\\\/wp-content\\\/uploads\\\/sites\\\/2\\\/2022\\\/05\\\/blog_mikel_0.jpg\",\"inLanguage\":\"es\",\"potentialAction\":[{\"@type\":\"CommentAction\",\"name\":\"Comment\",\"target\":[\"https:\\\/\\\/testing.xplaye.com\\\/ikusi2\\\/es\\\/blog\\\/la-generacion-de-negocio-como-objetivo\\\/#respond\"]}]},{\"@type\":\"WebPage\",\"@id\":\"https:\\\/\\\/testing.xplaye.com\\\/ikusi2\\\/es\\\/blog\\\/la-generacion-de-negocio-como-objetivo\\\/\",\"url\":\"https:\\\/\\\/testing.xplaye.com\\\/ikusi2\\\/es\\\/blog\\\/la-generacion-de-negocio-como-objetivo\\\/\",\"name\":\"La generaci\u00f3n de negocio como objetivo - Ikusi ES\",\"isPartOf\":{\"@id\":\"https:\\\/\\\/testing.xplaye.com\\\/ikusi2\\\/es\\\/#website\"},\"primaryImageOfPage\":{\"@id\":\"https:\\\/\\\/testing.xplaye.com\\\/ikusi2\\\/es\\\/blog\\\/la-generacion-de-negocio-como-objetivo\\\/#primaryimage\"},\"image\":{\"@id\":\"https:\\\/\\\/testing.xplaye.com\\\/ikusi2\\\/es\\\/blog\\\/la-generacion-de-negocio-como-objetivo\\\/#primaryimage\"},\"thumbnailUrl\":\"https:\\\/\\\/testing.xplaye.com\\\/ikusi2\\\/es\\\/wp-content\\\/uploads\\\/sites\\\/2\\\/2022\\\/05\\\/blog_mikel_0.jpg\",\"datePublished\":\"2020-11-10T00:00:00+00:00\",\"dateModified\":\"2023-08-23T17:07:02+00:00\",\"author\":{\"@id\":\"https:\\\/\\\/testing.xplaye.com\\\/ikusi2\\\/es\\\/#\\\/schema\\\/person\\\/bcd06b0e7689b90689815d0b78a2bc2d\"},\"breadcrumb\":{\"@id\":\"https:\\\/\\\/testing.xplaye.com\\\/ikusi2\\\/es\\\/blog\\\/la-generacion-de-negocio-como-objetivo\\\/#breadcrumb\"},\"inLanguage\":\"es\",\"potentialAction\":[{\"@type\":\"ReadAction\",\"target\":[\"https:\\\/\\\/testing.xplaye.com\\\/ikusi2\\\/es\\\/blog\\\/la-generacion-de-negocio-como-objetivo\\\/\"]}]},{\"@type\":\"ImageObject\",\"inLanguage\":\"es\",\"@id\":\"https:\\\/\\\/testing.xplaye.com\\\/ikusi2\\\/es\\\/blog\\\/la-generacion-de-negocio-como-objetivo\\\/#primaryimage\",\"url\":\"https:\\\/\\\/testing.xplaye.com\\\/ikusi2\\\/es\\\/wp-content\\\/uploads\\\/sites\\\/2\\\/2022\\\/05\\\/blog_mikel_0.jpg\",\"contentUrl\":\"https:\\\/\\\/testing.xplaye.com\\\/ikusi2\\\/es\\\/wp-content\\\/uploads\\\/sites\\\/2\\\/2022\\\/05\\\/blog_mikel_0.jpg\",\"width\":1600,\"height\":900},{\"@type\":\"BreadcrumbList\",\"@id\":\"https:\\\/\\\/testing.xplaye.com\\\/ikusi2\\\/es\\\/blog\\\/la-generacion-de-negocio-como-objetivo\\\/#breadcrumb\",\"itemListElement\":[{\"@type\":\"ListItem\",\"position\":1,\"name\":\"Portada\",\"item\":\"https:\\\/\\\/testing.xplaye.com\\\/ikusi2\\\/es\\\/\"},{\"@type\":\"ListItem\",\"position\":2,\"name\":\"La generaci\u00f3n de negocio como objetivo\"}]},{\"@type\":\"WebSite\",\"@id\":\"https:\\\/\\\/testing.xplaye.com\\\/ikusi2\\\/es\\\/#website\",\"url\":\"https:\\\/\\\/testing.xplaye.com\\\/ikusi2\\\/es\\\/\",\"name\":\"Ikusi\",\"description\":\"\",\"alternateName\":\"Ikusi\",\"potentialAction\":[{\"@type\":\"SearchAction\",\"target\":{\"@type\":\"EntryPoint\",\"urlTemplate\":\"https:\\\/\\\/testing.xplaye.com\\\/ikusi2\\\/es\\\/?s={search_term_string}\"},\"query-input\":{\"@type\":\"PropertyValueSpecification\",\"valueRequired\":true,\"valueName\":\"search_term_string\"}}],\"inLanguage\":\"es\"},{\"@type\":\"Person\",\"@id\":\"https:\\\/\\\/testing.xplaye.com\\\/ikusi2\\\/es\\\/#\\\/schema\\\/person\\\/bcd06b0e7689b90689815d0b78a2bc2d\",\"name\":\"Ikusi\",\"image\":{\"@type\":\"ImageObject\",\"inLanguage\":\"es\",\"@id\":\"https:\\\/\\\/secure.gravatar.com\\\/avatar\\\/962736704ad33e8f2d1fd7afc591ab0f78027bd65a33c2312c6d1ef90a4b2e77?s=96&d=mm&r=g\",\"url\":\"https:\\\/\\\/secure.gravatar.com\\\/avatar\\\/962736704ad33e8f2d1fd7afc591ab0f78027bd65a33c2312c6d1ef90a4b2e77?s=96&d=mm&r=g\",\"contentUrl\":\"https:\\\/\\\/secure.gravatar.com\\\/avatar\\\/962736704ad33e8f2d1fd7afc591ab0f78027bd65a33c2312c6d1ef90a4b2e77?s=96&d=mm&r=g\",\"caption\":\"Ikusi\"},\"url\":\"https:\\\/\\\/testing.xplaye.com\\\/ikusi2\\\/es\\\/author\\\/ikusi\\\/\"}]}<\/script>\n<!-- \/ Yoast SEO plugin. -->","yoast_head_json":{"title":"La generaci\u00f3n de negocio como objetivo - Ikusi ES","robots":{"index":"index","follow":"follow","max-snippet":"max-snippet:-1","max-image-preview":"max-image-preview:large","max-video-preview":"max-video-preview:-1"},"canonical":"https:\/\/testing.xplaye.com\/ikusi2\/es\/blog\/la-generacion-de-negocio-como-objetivo\/","og_locale":"es_ES","og_type":"article","og_title":"La generaci\u00f3n de negocio como objetivo - Ikusi ES","og_description":"Estoy seguro de que cualquier persona que se dedique a tareas de comunicaci\u00f3n y marketing se reconoce en el t\u00edtulo","og_url":"https:\/\/testing.xplaye.com\/ikusi2\/es\/blog\/la-generacion-de-negocio-como-objetivo\/","og_site_name":"Ikusi ES","article_published_time":"2020-11-10T00:00:00+00:00","article_modified_time":"2023-08-23T17:07:02+00:00","og_image":[{"width":1600,"height":900,"url":"https:\/\/testing.xplaye.com\/ikusi2\/es\/wp-content\/uploads\/sites\/2\/2022\/05\/blog_mikel_0.jpg","type":"image\/jpeg"}],"author":"Ikusi","twitter_card":"summary_large_image","twitter_misc":{"Escrito por":"Ikusi","Tiempo de lectura":"4 minutos"},"schema":{"@context":"https:\/\/schema.org","@graph":[{"@type":"Article","@id":"https:\/\/testing.xplaye.com\/ikusi2\/es\/blog\/la-generacion-de-negocio-como-objetivo\/#article","isPartOf":{"@id":"https:\/\/testing.xplaye.com\/ikusi2\/es\/blog\/la-generacion-de-negocio-como-objetivo\/"},"author":{"name":"Ikusi","@id":"https:\/\/testing.xplaye.com\/ikusi2\/es\/#\/schema\/person\/bcd06b0e7689b90689815d0b78a2bc2d"},"headline":"La generaci\u00f3n de negocio como objetivo","datePublished":"2020-11-10T00:00:00+00:00","dateModified":"2023-08-23T17:07:02+00:00","mainEntityOfPage":{"@id":"https:\/\/testing.xplaye.com\/ikusi2\/es\/blog\/la-generacion-de-negocio-como-objetivo\/"},"wordCount":741,"commentCount":0,"image":{"@id":"https:\/\/testing.xplaye.com\/ikusi2\/es\/blog\/la-generacion-de-negocio-como-objetivo\/#primaryimage"},"thumbnailUrl":"https:\/\/testing.xplaye.com\/ikusi2\/es\/wp-content\/uploads\/sites\/2\/2022\/05\/blog_mikel_0.jpg","inLanguage":"es","potentialAction":[{"@type":"CommentAction","name":"Comment","target":["https:\/\/testing.xplaye.com\/ikusi2\/es\/blog\/la-generacion-de-negocio-como-objetivo\/#respond"]}]},{"@type":"WebPage","@id":"https:\/\/testing.xplaye.com\/ikusi2\/es\/blog\/la-generacion-de-negocio-como-objetivo\/","url":"https:\/\/testing.xplaye.com\/ikusi2\/es\/blog\/la-generacion-de-negocio-como-objetivo\/","name":"La generaci\u00f3n de negocio como objetivo - Ikusi ES","isPartOf":{"@id":"https:\/\/testing.xplaye.com\/ikusi2\/es\/#website"},"primaryImageOfPage":{"@id":"https:\/\/testing.xplaye.com\/ikusi2\/es\/blog\/la-generacion-de-negocio-como-objetivo\/#primaryimage"},"image":{"@id":"https:\/\/testing.xplaye.com\/ikusi2\/es\/blog\/la-generacion-de-negocio-como-objetivo\/#primaryimage"},"thumbnailUrl":"https:\/\/testing.xplaye.com\/ikusi2\/es\/wp-content\/uploads\/sites\/2\/2022\/05\/blog_mikel_0.jpg","datePublished":"2020-11-10T00:00:00+00:00","dateModified":"2023-08-23T17:07:02+00:00","author":{"@id":"https:\/\/testing.xplaye.com\/ikusi2\/es\/#\/schema\/person\/bcd06b0e7689b90689815d0b78a2bc2d"},"breadcrumb":{"@id":"https:\/\/testing.xplaye.com\/ikusi2\/es\/blog\/la-generacion-de-negocio-como-objetivo\/#breadcrumb"},"inLanguage":"es","potentialAction":[{"@type":"ReadAction","target":["https:\/\/testing.xplaye.com\/ikusi2\/es\/blog\/la-generacion-de-negocio-como-objetivo\/"]}]},{"@type":"ImageObject","inLanguage":"es","@id":"https:\/\/testing.xplaye.com\/ikusi2\/es\/blog\/la-generacion-de-negocio-como-objetivo\/#primaryimage","url":"https:\/\/testing.xplaye.com\/ikusi2\/es\/wp-content\/uploads\/sites\/2\/2022\/05\/blog_mikel_0.jpg","contentUrl":"https:\/\/testing.xplaye.com\/ikusi2\/es\/wp-content\/uploads\/sites\/2\/2022\/05\/blog_mikel_0.jpg","width":1600,"height":900},{"@type":"BreadcrumbList","@id":"https:\/\/testing.xplaye.com\/ikusi2\/es\/blog\/la-generacion-de-negocio-como-objetivo\/#breadcrumb","itemListElement":[{"@type":"ListItem","position":1,"name":"Portada","item":"https:\/\/testing.xplaye.com\/ikusi2\/es\/"},{"@type":"ListItem","position":2,"name":"La generaci\u00f3n de negocio como objetivo"}]},{"@type":"WebSite","@id":"https:\/\/testing.xplaye.com\/ikusi2\/es\/#website","url":"https:\/\/testing.xplaye.com\/ikusi2\/es\/","name":"Ikusi","description":"","alternateName":"Ikusi","potentialAction":[{"@type":"SearchAction","target":{"@type":"EntryPoint","urlTemplate":"https:\/\/testing.xplaye.com\/ikusi2\/es\/?s={search_term_string}"},"query-input":{"@type":"PropertyValueSpecification","valueRequired":true,"valueName":"search_term_string"}}],"inLanguage":"es"},{"@type":"Person","@id":"https:\/\/testing.xplaye.com\/ikusi2\/es\/#\/schema\/person\/bcd06b0e7689b90689815d0b78a2bc2d","name":"Ikusi","image":{"@type":"ImageObject","inLanguage":"es","@id":"https:\/\/secure.gravatar.com\/avatar\/962736704ad33e8f2d1fd7afc591ab0f78027bd65a33c2312c6d1ef90a4b2e77?s=96&d=mm&r=g","url":"https:\/\/secure.gravatar.com\/avatar\/962736704ad33e8f2d1fd7afc591ab0f78027bd65a33c2312c6d1ef90a4b2e77?s=96&d=mm&r=g","contentUrl":"https:\/\/secure.gravatar.com\/avatar\/962736704ad33e8f2d1fd7afc591ab0f78027bd65a33c2312c6d1ef90a4b2e77?s=96&d=mm&r=g","caption":"Ikusi"},"url":"https:\/\/testing.xplaye.com\/ikusi2\/es\/author\/ikusi\/"}]}},"_links":{"self":[{"href":"https:\/\/testing.xplaye.com\/ikusi2\/es\/wp-json\/wp\/v2\/posts\/11495","targetHints":{"allow":["GET"]}}],"collection":[{"href":"https:\/\/testing.xplaye.com\/ikusi2\/es\/wp-json\/wp\/v2\/posts"}],"about":[{"href":"https:\/\/testing.xplaye.com\/ikusi2\/es\/wp-json\/wp\/v2\/types\/post"}],"author":[{"embeddable":true,"href":"https:\/\/testing.xplaye.com\/ikusi2\/es\/wp-json\/wp\/v2\/users\/2"}],"replies":[{"embeddable":true,"href":"https:\/\/testing.xplaye.com\/ikusi2\/es\/wp-json\/wp\/v2\/comments?post=11495"}],"version-history":[{"count":0,"href":"https:\/\/testing.xplaye.com\/ikusi2\/es\/wp-json\/wp\/v2\/posts\/11495\/revisions"}],"wp:featuredmedia":[{"embeddable":true,"href":"https:\/\/testing.xplaye.com\/ikusi2\/es\/wp-json\/wp\/v2\/media\/3135"}],"wp:attachment":[{"href":"https:\/\/testing.xplaye.com\/ikusi2\/es\/wp-json\/wp\/v2\/media?parent=11495"}],"wp:term":[{"taxonomy":"category","embeddable":true,"href":"https:\/\/testing.xplaye.com\/ikusi2\/es\/wp-json\/wp\/v2\/categories?post=11495"},{"taxonomy":"post_tag","embeddable":true,"href":"https:\/\/testing.xplaye.com\/ikusi2\/es\/wp-json\/wp\/v2\/tags?post=11495"},{"taxonomy":"temas","embeddable":true,"href":"https:\/\/testing.xplaye.com\/ikusi2\/es\/wp-json\/wp\/v2\/temas?post=11495"}],"curies":[{"name":"wp","href":"https:\/\/api.w.org\/{rel}","templated":true}]}}