{"id":10904,"date":"2024-02-12T09:56:44","date_gmt":"2024-02-12T15:56:44","guid":{"rendered":"https:\/\/testing.xplaye.com\/ikusi2\/en\/?p=10904"},"modified":"2024-02-13T11:15:45","modified_gmt":"2024-02-13T17:15:45","slug":"interview-with-valeria-rodriguez-head-of-data-center-architecture-and-operations-at-ikusi-in-medellin","status":"publish","type":"post","link":"https:\/\/testing.xplaye.com\/ikusi2\/en\/blog\/interview-with-valeria-rodriguez-head-of-data-center-architecture-and-operations-at-ikusi-in-medellin\/","title":{"rendered":"Interview with Valeria Rodr\u00edguez, head of data center architecture and operations at Ikusi in Medell\u00edn"},"content":{"rendered":"\n<blockquote class=\"wp-block-quote is-layout-flow wp-block-quote-is-layout-flow\">\n<p>\u201cWhat we do at Ikusi is help customers transition from traditional networks to software-defined networks\u201d<\/p>\n<\/blockquote>\n\n\n\n<p>Valeria Rodr\u00edguez, head of data center architecture and operations at Ikusi in Medell\u00edn, is young, but more than capable. Her journey, as she refers to it, started in Medell\u00edn in 2011, when she did her first internships. After that came her first contract, with telecommunications equipment company Italtel, in 2011. She combined this with her telecommunications engineering studies.<\/p>\n\n\n\n<p>Today we\u2019re speaking with her about Ikusi\u2019s strategy for developing the market in the Medell\u00edn region, principally in her area of specialism: data centers.<\/p>\n\n\n\n<h2 class=\"wp-block-heading\">As I was saying, you have a long professional career for someone your age, which you have developed especially in the area of data centers.<\/h2>\n\n\n\n<p>Yes, that\u2019s right. After Italtel, I began working at IBM. It was there that I started to specialize in data centers. At that time the main data centers were in Bogot\u00e1, and there was one in Medell\u00edn. However, some customers and companies based in Medell\u00edn had their hosting and services in the data centers in Bogot\u00e1. The strategy for providing a better service to these customers was that I manage these customers in the Medell\u00edn region, despite their services being in the Bogot\u00e1 data centers.<\/p>\n\n\n\n<p>Ikusi understood this proposition perfectly, which is why we\u2019re working from Medell\u00edn for the organizations in the region.<\/p>\n\n\n\n<h2 class=\"wp-block-heading\">And in November 2022 you received a call from Ikusi<\/h2>\n\n\n\n<p>Correct. At that time I was working at GBM, a partner of IBM in Central America, still in the data center area, initially as a specialist engineer in charge of data center operations in the region, and later as regional architect providing data center design solutions for the company\u2019s customers.<\/p>\n\n\n\n<p>\u00d3scar G\u00f3mez, Operations Manger at Ikusi in Colombia, who I had worked with at ITS Infocom, got in touch with me. He wanted to form a team of quality professionals in Medell\u00edn. It was tempting, but I was happy where I was. I needed a sign to make the next move and, instead of one, I received two. Ikusi had formed a small team of two people who, coincidentally, I also happened to know. Mauricio Mart\u00ednez, now pre-sales manager at Ikusi, who was my mentor at Italtel, and Erica Trivi\u00f1o, a salesperson I had met at Italtel. The signs had arrived, so I decided to make a move. Mauricio said to me at the time, when I asked him for advice, that I was going to work for the Real Madrid of data centers in Colombia.<\/p>\n\n\n\n<p>This January I celebrated my first year at Ikusi and I\u2019m very happy. And I have \u00d3scar and Mauricio to thank for that. The technical level at Ikusi is impressive and offers enormous potential for professional development.<\/p>\n\n\n\n<h2 class=\"wp-block-heading\">Do you think teamwork is important, Valeria?<\/h2>\n\n\n\n<p>It\u2019s very important. At Ikusi, in Medell\u00edn, it\u2019s not just a group of professionals, but an excellent team of professionals. We\u2019re old acquaintances, we complement each other, we have a high level of responsibility, we create synergies between us, and customers notice this.<\/p>\n\n\n\n<p>And two new people have joined the Medell\u00edn team \u2212 H\u00e9ctor Pedraza and Edisson Gaviria. H\u00e9ctor works in the Enterprise Architecture area, and I first met him at ITS. We had a good relationship. Edisson also worked at Italtel and he is head of Security Architecture.<\/p>\n\n\n\n<h2 class=\"wp-block-heading\">Is the offer to customers in Medell\u00edn the same as that in Bogot\u00e1?<\/h2>\n\n\n\n<p>Ikusi in Colombia is organized into three architectures \u2212 Enterprise, Security and Data Center &#8211; and we have the full offer here in Medell\u00edn. This is very important for customers, and we have proven that Ikusi offers quality and has excellent engineers not only in Bogot\u00e1 but also in Medell\u00edn, where it demonstrates its sincerity and commitment.<\/p>\n\n\n\n<h2 class=\"wp-block-heading\">How do you approach customer loyalty?<\/h2>\n\n\n\n<p>By promoting a way of working that bears the Ikusi DNA and hallmark.<\/p>\n\n\n\n<p>It is essential that the customer perceives quality right from the design stage of the project. To know their business inside out, not only to meet their needs but to provide added value too.<\/p>\n\n\n\n<p>Another key stage is the implementation process. This is when we need to leverage the solution to the maximum. Ikusi&#8217;s DNA is also evident in this stage, and if we can give the customer something on top of what they initially signed up to, that&#8217;s what we do.<\/p>\n\n\n\n<p>And, finally, we come to the support stage. Solutions fail, new needs arise that require a response, and this is a chain, a cycle.<\/p>\n\n\n\n<p>If we execute these stages well, we can assure an excellent service, making it much easier to achieve customer loyalty and preference.<\/p>\n\n\n\n<p>It\u2019s a completely different approach to that of a large company. It\u2019s like David and Goliath, so the strategy has to be different. We are not that big, but it\u2019s precisely for this reason that we can look after people, create synergies, have a close relationship with the customer and look after them in the same way we look after our team.<\/p>\n\n\n\n<h2 class=\"wp-block-heading\">If you had to choose two aspects that differentiate Ikusi&#8217;s offer from that of other firms, what would they be?<\/h2>\n\n\n\n<p>The quality of the people in the team, their ability, excellence, commitment and drive, and the fact that the company has a programming area is an added value. Programming complements the different architectures, in that it leverages the maximum potential of the product and makes daily operations easier for the customer.<\/p>\n\n\n\n<h2 class=\"wp-block-heading\">Which sectors are more likely to value and benefit from Ikusi\u2019s differentiating aspects?<\/h2>\n\n\n\n<p>Any kind of customer can choose us to support them and offer them a quality service which will help them achieve the company\u2019s core objective. One of these is the banking sector, along with retail, commercial, education, among others. But I don\u2019t really like referring to specific sectors. I consider what we\u2019re doing at Ikusi as helping customers to transition from traditional networks to software-defined networks and\/or to improve their infrastructure if they have other needs, irrespective of the economic sector in which they operate.<\/p>\n\n\n\n<h2 class=\"wp-block-heading\">What\u2019s your opinion on the deployment of another architecture demanded by the market, such as the public cloud?<\/h2>\n\n\n\n<p>I think there was a pretty big boom in this area at the beginning. But over time, we saw that it was not the only proposal.<\/p>\n\n\n\n<p>Our idea at Ikusi is to combine public and private clouds to achieve a hybrid system. We believe that critical services can be hosted on site and complemented with cloud services for operations and applications.<\/p>\n","protected":false},"excerpt":{"rendered":"<p>\u201cWhat we do at Ikusi is help customers transition from traditional networks to software-defined networks\u201d<\/p>\n","protected":false},"author":1,"featured_media":13877,"comment_status":"closed","ping_status":"closed","sticky":false,"template":"","format":"standard","meta":{"_acf_changed":false,"footnotes":""},"categories":[4],"tags":[],"temas":[52],"class_list":["post-10904","post","type-post","status-publish","format-standard","has-post-thumbnail","hentry","category-corporate","temas-cloud-data-center"],"acf":[],"yoast_head":"<!-- This site is optimized with the Yoast SEO plugin v27.4 - https:\/\/yoast.com\/product\/yoast-seo-wordpress\/ -->\n<title>Interview with Valeria Rodr\u00edguez, head of data center architecture and operations at Ikusi in Medell\u00edn - Ikusi EN<\/title>\n<meta name=\"robots\" content=\"index, follow, max-snippet:-1, max-image-preview:large, max-video-preview:-1\" \/>\n<link rel=\"canonical\" href=\"https:\/\/testing.xplaye.com\/ikusi2\/en\/blog\/interview-with-valeria-rodriguez-head-of-data-center-architecture-and-operations-at-ikusi-in-medellin\/\" \/>\n<meta property=\"og:locale\" content=\"en_US\" \/>\n<meta property=\"og:type\" content=\"article\" \/>\n<meta property=\"og:title\" content=\"Interview with Valeria Rodr\u00edguez, head of data center architecture and operations at Ikusi in Medell\u00edn - Ikusi EN\" \/>\n<meta property=\"og:description\" content=\"\u201cWhat we do at Ikusi is help customers transition from traditional networks to software-defined networks\u201d\" \/>\n<meta property=\"og:url\" content=\"https:\/\/testing.xplaye.com\/ikusi2\/en\/blog\/interview-with-valeria-rodriguez-head-of-data-center-architecture-and-operations-at-ikusi-in-medellin\/\" \/>\n<meta property=\"og:site_name\" content=\"Ikusi EN\" \/>\n<meta property=\"article:published_time\" content=\"2024-02-12T15:56:44+00:00\" \/>\n<meta property=\"article:modified_time\" content=\"2024-02-13T17:15:45+00:00\" \/>\n<meta name=\"author\" content=\"xplaye\" \/>\n<meta name=\"twitter:card\" content=\"summary_large_image\" \/>\n<meta name=\"twitter:label1\" content=\"Written by\" \/>\n\t<meta name=\"twitter:data1\" content=\"xplaye\" \/>\n\t<meta name=\"twitter:label2\" content=\"Est. reading time\" \/>\n\t<meta name=\"twitter:data2\" content=\"5 minutes\" \/>\n<script type=\"application\/ld+json\" class=\"yoast-schema-graph\">{\"@context\":\"https:\\\/\\\/schema.org\",\"@graph\":[{\"@type\":\"Article\",\"@id\":\"https:\\\/\\\/testing.xplaye.com\\\/ikusi2\\\/en\\\/blog\\\/interview-with-valeria-rodriguez-head-of-data-center-architecture-and-operations-at-ikusi-in-medellin\\\/#article\",\"isPartOf\":{\"@id\":\"https:\\\/\\\/testing.xplaye.com\\\/ikusi2\\\/en\\\/blog\\\/interview-with-valeria-rodriguez-head-of-data-center-architecture-and-operations-at-ikusi-in-medellin\\\/\"},\"author\":{\"name\":\"xplaye\",\"@id\":\"https:\\\/\\\/testing.xplaye.com\\\/ikusi2\\\/en\\\/#\\\/schema\\\/person\\\/f4a3d3d1f4a28dfbfbe2c9f81fb5dc13\"},\"headline\":\"Interview with Valeria Rodr\u00edguez, head of data center architecture and operations at Ikusi in Medell\u00edn\",\"datePublished\":\"2024-02-12T15:56:44+00:00\",\"dateModified\":\"2024-02-13T17:15:45+00:00\",\"mainEntityOfPage\":{\"@id\":\"https:\\\/\\\/testing.xplaye.com\\\/ikusi2\\\/en\\\/blog\\\/interview-with-valeria-rodriguez-head-of-data-center-architecture-and-operations-at-ikusi-in-medellin\\\/\"},\"wordCount\":1133,\"image\":{\"@id\":\"https:\\\/\\\/testing.xplaye.com\\\/ikusi2\\\/en\\\/blog\\\/interview-with-valeria-rodriguez-head-of-data-center-architecture-and-operations-at-ikusi-in-medellin\\\/#primaryimage\"},\"thumbnailUrl\":\"https:\\\/\\\/testing.xplaye.com\\\/ikusi2\\\/en\\\/wp-content\\\/uploads\\\/sites\\\/2\\\/2024\\\/02\\\/Foto-Valeria-Rodriguez-web.jpg\",\"articleSection\":[\"Corporate\"],\"inLanguage\":\"en-US\"},{\"@type\":\"WebPage\",\"@id\":\"https:\\\/\\\/testing.xplaye.com\\\/ikusi2\\\/en\\\/blog\\\/interview-with-valeria-rodriguez-head-of-data-center-architecture-and-operations-at-ikusi-in-medellin\\\/\",\"url\":\"https:\\\/\\\/testing.xplaye.com\\\/ikusi2\\\/en\\\/blog\\\/interview-with-valeria-rodriguez-head-of-data-center-architecture-and-operations-at-ikusi-in-medellin\\\/\",\"name\":\"Interview with Valeria Rodr\u00edguez, head of data center architecture and operations at Ikusi in Medell\u00edn - Ikusi EN\",\"isPartOf\":{\"@id\":\"https:\\\/\\\/testing.xplaye.com\\\/ikusi2\\\/en\\\/#website\"},\"primaryImageOfPage\":{\"@id\":\"https:\\\/\\\/testing.xplaye.com\\\/ikusi2\\\/en\\\/blog\\\/interview-with-valeria-rodriguez-head-of-data-center-architecture-and-operations-at-ikusi-in-medellin\\\/#primaryimage\"},\"image\":{\"@id\":\"https:\\\/\\\/testing.xplaye.com\\\/ikusi2\\\/en\\\/blog\\\/interview-with-valeria-rodriguez-head-of-data-center-architecture-and-operations-at-ikusi-in-medellin\\\/#primaryimage\"},\"thumbnailUrl\":\"https:\\\/\\\/testing.xplaye.com\\\/ikusi2\\\/en\\\/wp-content\\\/uploads\\\/sites\\\/2\\\/2024\\\/02\\\/Foto-Valeria-Rodriguez-web.jpg\",\"datePublished\":\"2024-02-12T15:56:44+00:00\",\"dateModified\":\"2024-02-13T17:15:45+00:00\",\"author\":{\"@id\":\"https:\\\/\\\/testing.xplaye.com\\\/ikusi2\\\/en\\\/#\\\/schema\\\/person\\\/f4a3d3d1f4a28dfbfbe2c9f81fb5dc13\"},\"breadcrumb\":{\"@id\":\"https:\\\/\\\/testing.xplaye.com\\\/ikusi2\\\/en\\\/blog\\\/interview-with-valeria-rodriguez-head-of-data-center-architecture-and-operations-at-ikusi-in-medellin\\\/#breadcrumb\"},\"inLanguage\":\"en-US\",\"potentialAction\":[{\"@type\":\"ReadAction\",\"target\":[\"https:\\\/\\\/testing.xplaye.com\\\/ikusi2\\\/en\\\/blog\\\/interview-with-valeria-rodriguez-head-of-data-center-architecture-and-operations-at-ikusi-in-medellin\\\/\"]}]},{\"@type\":\"ImageObject\",\"inLanguage\":\"en-US\",\"@id\":\"https:\\\/\\\/testing.xplaye.com\\\/ikusi2\\\/en\\\/blog\\\/interview-with-valeria-rodriguez-head-of-data-center-architecture-and-operations-at-ikusi-in-medellin\\\/#primaryimage\",\"url\":\"https:\\\/\\\/testing.xplaye.com\\\/ikusi2\\\/en\\\/wp-content\\\/uploads\\\/sites\\\/2\\\/2024\\\/02\\\/Foto-Valeria-Rodriguez-web.jpg\",\"contentUrl\":\"https:\\\/\\\/testing.xplaye.com\\\/ikusi2\\\/en\\\/wp-content\\\/uploads\\\/sites\\\/2\\\/2024\\\/02\\\/Foto-Valeria-Rodriguez-web.jpg\"},{\"@type\":\"BreadcrumbList\",\"@id\":\"https:\\\/\\\/testing.xplaye.com\\\/ikusi2\\\/en\\\/blog\\\/interview-with-valeria-rodriguez-head-of-data-center-architecture-and-operations-at-ikusi-in-medellin\\\/#breadcrumb\",\"itemListElement\":[{\"@type\":\"ListItem\",\"position\":1,\"name\":\"Portada\",\"item\":\"https:\\\/\\\/testing.xplaye.com\\\/ikusi2\\\/en\\\/\"},{\"@type\":\"ListItem\",\"position\":2,\"name\":\"Interview with Valeria Rodr\u00edguez, head of data center architecture and operations at Ikusi in Medell\u00edn\"}]},{\"@type\":\"WebSite\",\"@id\":\"https:\\\/\\\/testing.xplaye.com\\\/ikusi2\\\/en\\\/#website\",\"url\":\"https:\\\/\\\/testing.xplaye.com\\\/ikusi2\\\/en\\\/\",\"name\":\"Ikusi EN\",\"description\":\"\",\"potentialAction\":[{\"@type\":\"SearchAction\",\"target\":{\"@type\":\"EntryPoint\",\"urlTemplate\":\"https:\\\/\\\/testing.xplaye.com\\\/ikusi2\\\/en\\\/?s={search_term_string}\"},\"query-input\":{\"@type\":\"PropertyValueSpecification\",\"valueRequired\":true,\"valueName\":\"search_term_string\"}}],\"inLanguage\":\"en-US\"},{\"@type\":\"Person\",\"@id\":\"https:\\\/\\\/testing.xplaye.com\\\/ikusi2\\\/en\\\/#\\\/schema\\\/person\\\/f4a3d3d1f4a28dfbfbe2c9f81fb5dc13\",\"name\":\"xplaye\",\"image\":{\"@type\":\"ImageObject\",\"inLanguage\":\"en-US\",\"@id\":\"https:\\\/\\\/secure.gravatar.com\\\/avatar\\\/29c78ba38d60022df8e9fa10f92ff0243fa9452265375de2d2d8208764592a1b?s=96&d=mm&r=g\",\"url\":\"https:\\\/\\\/secure.gravatar.com\\\/avatar\\\/29c78ba38d60022df8e9fa10f92ff0243fa9452265375de2d2d8208764592a1b?s=96&d=mm&r=g\",\"contentUrl\":\"https:\\\/\\\/secure.gravatar.com\\\/avatar\\\/29c78ba38d60022df8e9fa10f92ff0243fa9452265375de2d2d8208764592a1b?s=96&d=mm&r=g\",\"caption\":\"xplaye\"},\"sameAs\":[\"https:\\\/\\\/testing.xplaye.com\\\/ikusi2\"],\"url\":\"https:\\\/\\\/testing.xplaye.com\\\/ikusi2\\\/en\\\/author\\\/xplaye\\\/\"}]}<\/script>\n<!-- \/ Yoast SEO plugin. -->","yoast_head_json":{"title":"Interview with Valeria Rodr\u00edguez, head of data center architecture and operations at Ikusi in Medell\u00edn - Ikusi EN","robots":{"index":"index","follow":"follow","max-snippet":"max-snippet:-1","max-image-preview":"max-image-preview:large","max-video-preview":"max-video-preview:-1"},"canonical":"https:\/\/testing.xplaye.com\/ikusi2\/en\/blog\/interview-with-valeria-rodriguez-head-of-data-center-architecture-and-operations-at-ikusi-in-medellin\/","og_locale":"en_US","og_type":"article","og_title":"Interview with Valeria Rodr\u00edguez, head of data center architecture and operations at Ikusi in Medell\u00edn - Ikusi EN","og_description":"\u201cWhat we do at Ikusi is help customers transition from traditional networks to software-defined networks\u201d","og_url":"https:\/\/testing.xplaye.com\/ikusi2\/en\/blog\/interview-with-valeria-rodriguez-head-of-data-center-architecture-and-operations-at-ikusi-in-medellin\/","og_site_name":"Ikusi EN","article_published_time":"2024-02-12T15:56:44+00:00","article_modified_time":"2024-02-13T17:15:45+00:00","author":"xplaye","twitter_card":"summary_large_image","twitter_misc":{"Written by":"xplaye","Est. reading time":"5 minutes"},"schema":{"@context":"https:\/\/schema.org","@graph":[{"@type":"Article","@id":"https:\/\/testing.xplaye.com\/ikusi2\/en\/blog\/interview-with-valeria-rodriguez-head-of-data-center-architecture-and-operations-at-ikusi-in-medellin\/#article","isPartOf":{"@id":"https:\/\/testing.xplaye.com\/ikusi2\/en\/blog\/interview-with-valeria-rodriguez-head-of-data-center-architecture-and-operations-at-ikusi-in-medellin\/"},"author":{"name":"xplaye","@id":"https:\/\/testing.xplaye.com\/ikusi2\/en\/#\/schema\/person\/f4a3d3d1f4a28dfbfbe2c9f81fb5dc13"},"headline":"Interview with Valeria Rodr\u00edguez, head of data center architecture and operations at Ikusi in Medell\u00edn","datePublished":"2024-02-12T15:56:44+00:00","dateModified":"2024-02-13T17:15:45+00:00","mainEntityOfPage":{"@id":"https:\/\/testing.xplaye.com\/ikusi2\/en\/blog\/interview-with-valeria-rodriguez-head-of-data-center-architecture-and-operations-at-ikusi-in-medellin\/"},"wordCount":1133,"image":{"@id":"https:\/\/testing.xplaye.com\/ikusi2\/en\/blog\/interview-with-valeria-rodriguez-head-of-data-center-architecture-and-operations-at-ikusi-in-medellin\/#primaryimage"},"thumbnailUrl":"https:\/\/testing.xplaye.com\/ikusi2\/en\/wp-content\/uploads\/sites\/2\/2024\/02\/Foto-Valeria-Rodriguez-web.jpg","articleSection":["Corporate"],"inLanguage":"en-US"},{"@type":"WebPage","@id":"https:\/\/testing.xplaye.com\/ikusi2\/en\/blog\/interview-with-valeria-rodriguez-head-of-data-center-architecture-and-operations-at-ikusi-in-medellin\/","url":"https:\/\/testing.xplaye.com\/ikusi2\/en\/blog\/interview-with-valeria-rodriguez-head-of-data-center-architecture-and-operations-at-ikusi-in-medellin\/","name":"Interview with Valeria Rodr\u00edguez, head of data center architecture and operations at Ikusi in Medell\u00edn - Ikusi EN","isPartOf":{"@id":"https:\/\/testing.xplaye.com\/ikusi2\/en\/#website"},"primaryImageOfPage":{"@id":"https:\/\/testing.xplaye.com\/ikusi2\/en\/blog\/interview-with-valeria-rodriguez-head-of-data-center-architecture-and-operations-at-ikusi-in-medellin\/#primaryimage"},"image":{"@id":"https:\/\/testing.xplaye.com\/ikusi2\/en\/blog\/interview-with-valeria-rodriguez-head-of-data-center-architecture-and-operations-at-ikusi-in-medellin\/#primaryimage"},"thumbnailUrl":"https:\/\/testing.xplaye.com\/ikusi2\/en\/wp-content\/uploads\/sites\/2\/2024\/02\/Foto-Valeria-Rodriguez-web.jpg","datePublished":"2024-02-12T15:56:44+00:00","dateModified":"2024-02-13T17:15:45+00:00","author":{"@id":"https:\/\/testing.xplaye.com\/ikusi2\/en\/#\/schema\/person\/f4a3d3d1f4a28dfbfbe2c9f81fb5dc13"},"breadcrumb":{"@id":"https:\/\/testing.xplaye.com\/ikusi2\/en\/blog\/interview-with-valeria-rodriguez-head-of-data-center-architecture-and-operations-at-ikusi-in-medellin\/#breadcrumb"},"inLanguage":"en-US","potentialAction":[{"@type":"ReadAction","target":["https:\/\/testing.xplaye.com\/ikusi2\/en\/blog\/interview-with-valeria-rodriguez-head-of-data-center-architecture-and-operations-at-ikusi-in-medellin\/"]}]},{"@type":"ImageObject","inLanguage":"en-US","@id":"https:\/\/testing.xplaye.com\/ikusi2\/en\/blog\/interview-with-valeria-rodriguez-head-of-data-center-architecture-and-operations-at-ikusi-in-medellin\/#primaryimage","url":"https:\/\/testing.xplaye.com\/ikusi2\/en\/wp-content\/uploads\/sites\/2\/2024\/02\/Foto-Valeria-Rodriguez-web.jpg","contentUrl":"https:\/\/testing.xplaye.com\/ikusi2\/en\/wp-content\/uploads\/sites\/2\/2024\/02\/Foto-Valeria-Rodriguez-web.jpg"},{"@type":"BreadcrumbList","@id":"https:\/\/testing.xplaye.com\/ikusi2\/en\/blog\/interview-with-valeria-rodriguez-head-of-data-center-architecture-and-operations-at-ikusi-in-medellin\/#breadcrumb","itemListElement":[{"@type":"ListItem","position":1,"name":"Portada","item":"https:\/\/testing.xplaye.com\/ikusi2\/en\/"},{"@type":"ListItem","position":2,"name":"Interview with Valeria Rodr\u00edguez, head of data center architecture and operations at Ikusi in Medell\u00edn"}]},{"@type":"WebSite","@id":"https:\/\/testing.xplaye.com\/ikusi2\/en\/#website","url":"https:\/\/testing.xplaye.com\/ikusi2\/en\/","name":"Ikusi EN","description":"","potentialAction":[{"@type":"SearchAction","target":{"@type":"EntryPoint","urlTemplate":"https:\/\/testing.xplaye.com\/ikusi2\/en\/?s={search_term_string}"},"query-input":{"@type":"PropertyValueSpecification","valueRequired":true,"valueName":"search_term_string"}}],"inLanguage":"en-US"},{"@type":"Person","@id":"https:\/\/testing.xplaye.com\/ikusi2\/en\/#\/schema\/person\/f4a3d3d1f4a28dfbfbe2c9f81fb5dc13","name":"xplaye","image":{"@type":"ImageObject","inLanguage":"en-US","@id":"https:\/\/secure.gravatar.com\/avatar\/29c78ba38d60022df8e9fa10f92ff0243fa9452265375de2d2d8208764592a1b?s=96&d=mm&r=g","url":"https:\/\/secure.gravatar.com\/avatar\/29c78ba38d60022df8e9fa10f92ff0243fa9452265375de2d2d8208764592a1b?s=96&d=mm&r=g","contentUrl":"https:\/\/secure.gravatar.com\/avatar\/29c78ba38d60022df8e9fa10f92ff0243fa9452265375de2d2d8208764592a1b?s=96&d=mm&r=g","caption":"xplaye"},"sameAs":["https:\/\/testing.xplaye.com\/ikusi2"],"url":"https:\/\/testing.xplaye.com\/ikusi2\/en\/author\/xplaye\/"}]}},"_links":{"self":[{"href":"https:\/\/testing.xplaye.com\/ikusi2\/en\/wp-json\/wp\/v2\/posts\/10904","targetHints":{"allow":["GET"]}}],"collection":[{"href":"https:\/\/testing.xplaye.com\/ikusi2\/en\/wp-json\/wp\/v2\/posts"}],"about":[{"href":"https:\/\/testing.xplaye.com\/ikusi2\/en\/wp-json\/wp\/v2\/types\/post"}],"author":[{"embeddable":true,"href":"https:\/\/testing.xplaye.com\/ikusi2\/en\/wp-json\/wp\/v2\/users\/1"}],"replies":[{"embeddable":true,"href":"https:\/\/testing.xplaye.com\/ikusi2\/en\/wp-json\/wp\/v2\/comments?post=10904"}],"version-history":[{"count":2,"href":"https:\/\/testing.xplaye.com\/ikusi2\/en\/wp-json\/wp\/v2\/posts\/10904\/revisions"}],"predecessor-version":[{"id":10907,"href":"https:\/\/testing.xplaye.com\/ikusi2\/en\/wp-json\/wp\/v2\/posts\/10904\/revisions\/10907"}],"wp:featuredmedia":[{"embeddable":true,"href":"https:\/\/testing.xplaye.com\/ikusi2\/en\/wp-json\/"}],"wp:attachment":[{"href":"https:\/\/testing.xplaye.com\/ikusi2\/en\/wp-json\/wp\/v2\/media?parent=10904"}],"wp:term":[{"taxonomy":"category","embeddable":true,"href":"https:\/\/testing.xplaye.com\/ikusi2\/en\/wp-json\/wp\/v2\/categories?post=10904"},{"taxonomy":"post_tag","embeddable":true,"href":"https:\/\/testing.xplaye.com\/ikusi2\/en\/wp-json\/wp\/v2\/tags?post=10904"},{"taxonomy":"temas","embeddable":true,"href":"https:\/\/testing.xplaye.com\/ikusi2\/en\/wp-json\/wp\/v2\/temas?post=10904"}],"curies":[{"name":"wp","href":"https:\/\/api.w.org\/{rel}","templated":true}]}}